{"id":7956,"date":"2026-03-09T22:13:33","date_gmt":"2026-03-09T22:13:33","guid":{"rendered":"https:\/\/friburgonoticias.com.br\/temp\/2026\/03\/09\/adolescentes-sao-apreendidos-por-estupro-coletivo-contra-jovem-de-17-anos-em-nova-friburgo\/"},"modified":"2026-03-09T22:13:33","modified_gmt":"2026-03-09T22:13:33","slug":"adolescentes-sao-apreendidos-por-estupro-coletivo-contra-jovem-de-17-anos-em-nova-friburgo","status":"publish","type":"post","link":"https:\/\/friburgonoticias.com.br\/temp\/2026\/03\/09\/adolescentes-sao-apreendidos-por-estupro-coletivo-contra-jovem-de-17-anos-em-nova-friburgo\/","title":{"rendered":"Adolescentes s\u00e3o apreendidos por estupro coletivo contra jovem de 17 anos em Nova Friburgo"},"content":{"rendered":"<p><\/p>\n<div id=\"post-63756\">\n<div class=\"post-header post-tp-13-header\">\n<div class=\"single-featured\">\n<img loading=\"lazy\" decoding=\"async\" data-lazyloaded=\"1\" src=\"https:\/\/www.serranewsrj.com.br\/wp-content\/uploads\/2026\/03\/001.jpeg\" width=\"591\" height=\"333\" alt=\"\"\/><\/div>\n<\/div>\n<div class=\"entry-content clearfix single-post-content\">\n<p style=\"text-align: justify;\">Tr\u00eas adolescentes foram acusados de praticar estupro coletivo contra uma jovem de 17 anos em <a href=\"https:\/\/www.serranewsrj.com.br\/noticias\/regiao-serrana\/nova-friburgo\" target=\"_blank\">Nova Friburgo<\/a>. A a\u00e7\u00e3o foi realizada pela Delegacia de Atendimento \u00e0 Mulher de <a href=\"https:\/\/www.serranewsrj.com.br\/noticias\/regiao-serrana\/nova-friburgo\">Nova Friburgo<\/a> (Deam) durante a Opera\u00e7\u00e3o Dia Internacional da Mulher, coordenada pelo Departamento-Geral de Pol\u00edcia de Atendimento \u00e0 Mulher (DGPAM) da Pol\u00edcia Civil do Estado do <a href=\"https:\/\/www.serranewsrj.com.br\/noticias\/rio-de-janeiro\" target=\"_blank\">Rio de Janeiro<\/a>.<\/p>\n<div class=\"beav beav-post-inline beav-float-center beav-align-center beav-column-1 beav-clearfix no-bg-box-model\">\n<div id=\"beav-63613-842539127\" class=\"beav-container beav-type-image\" itemscope=\"\" itemtype=\"https:\/\/schema.org\/WPAdBlock\" data-adid=\"63613\" data-type=\"image\"><a itemprop=\"url\" class=\"beav-link\" href=\"https:\/\/www.instagram.com\/fepronovafriburgo\" target=\"_blank\" rel=\"nofollow\"><img loading=\"lazy\" decoding=\"async\" data-lazyloaded=\"1\" class=\"beav-image\" src=\"https:\/\/www.serranewsrj.com.br\/wp-content\/uploads\/2026\/03\/SERRA_NEWS_1230X300-ezgif.com-png-to-webp-converter.webp\" alt=\"Fepro 2026 \u2013 8 a 12 de abril (1230\u00d7300 pixels) WebP\" width=\"1230\" height=\"300\"\/><\/a><\/div>\n<\/div>\n<p style=\"text-align: justify;\">De acordo com as investiga\u00e7\u00f5es, os adolescentes foram identificados ap\u00f3s dilig\u00eancias e trabalho investigativo da unidade especializada. A pol\u00edcia representou judicialmente pelas medidas socioeducativas cab\u00edveis, o que resultou na apreens\u00e3o dos envolvidos.<\/p>\n<p style=\"text-align: justify;\">Segundo a Pol\u00edcia Civil, o caso foi registrado como ato infracional an\u00e1logo ao crime de estupro coletivo, tendo como v\u00edtima uma adolescente de 17 anos. As circunst\u00e2ncias do crime n\u00e3o foram divulgadas para preservar a identidade da v\u00edtima.<\/p>\n<p style=\"text-align: justify;\">Al\u00e9m desse caso, equipes tamb\u00e9m realizaram dilig\u00eancias em diversos pontos da cidade para o cumprimento de mandados de pris\u00e3o e de busca e apreens\u00e3o relacionados a crimes praticados no contexto de viol\u00eancia de g\u00eanero.<\/p>\n<div class=\"beav beav-post-inline beav-float-center beav-align-center beav-column-1 beav-clearfix no-bg-box-model\">\n<div id=\"beav-56737-445922846\" class=\"beav-container beav-type-image\" itemscope=\"\" itemtype=\"https:\/\/schema.org\/WPAdBlock\" data-adid=\"56737\" data-type=\"image\"><a itemprop=\"url\" class=\"beav-link\" href=\"https:\/\/www.instagram.com\/euclidesemfoco?utm_source=ig_web_button_share_sheet&amp;igsh=ZDNlZDc0MzIxNw==\" target=\"_blank\" rel=\"nofollow\"><img loading=\"lazy\" decoding=\"async\" data-lazyloaded=\"1\" class=\"beav-image\" src=\"https:\/\/www.serranewsrj.com.br\/wp-content\/uploads\/2026\/01\/2026BannerGIFsite-EuclidesemFoco-ezgif.com-gif-to-webp-converter.webp\" alt=\"Euclides em Foco \u2013 Outubro (1200\u00d7400 pxl) WebP\" width=\"1200\" height=\"400\"\/><\/a><\/div>\n<\/div>\n<p style=\"text-align: justify;\">A a\u00e7\u00e3o faz parte de uma s\u00e9rie de opera\u00e7\u00f5es voltadas ao combate \u00e0 viol\u00eancia contra a mulher realizadas no munic\u00edpio durante o per\u00edodo do Dia Internacional da Mulher.<\/p>\n<p style=\"text-align: justify;\">A Pol\u00edcia Civil refor\u00e7a que den\u00fancias de viol\u00eancia contra a mulher podem ser feitas em qualquer delegacia ou por meio dos canais oficiais de den\u00fancia, com garantia de sigilo e prote\u00e7\u00e3o \u00e0s v\u00edtimas.<\/p>\n<div class=\"beav beav-post-inline beav-float-center beav-align-center beav-column-1 beav-clearfix no-bg-box-model\">\n<div id=\"beav-49250-1319808315\" class=\"beav-container beav-type-image\" itemscope=\"\" itemtype=\"https:\/\/schema.org\/WPAdBlock\" data-adid=\"49250\" data-type=\"image\"><a itemprop=\"url\" class=\"beav-link\" href=\"https:\/\/www.evosolar.com.br\/simuladorsolarrj\" target=\"_blank\" rel=\"nofollow\"><img loading=\"lazy\" decoding=\"async\" data-lazyloaded=\"1\" class=\"beav-image\" src=\"https:\/\/www.serranewsrj.com.br\/wp-content\/uploads\/2025\/05\/BannerdositedaSerraNews1230x250px-ezgif.com-png-to-webp-converter-1-scaled.webp\" alt=\"Evosolar (Maio) WebP \u2013 1230 x 250 px\" width=\"2560\" height=\"520\"\/><\/a><\/div>\n<\/div>\n<blockquote class=\"instagram-media\" style=\"background: #FFF; border: 0; border-radius: 3px; box-shadow: 0 0 1px 0 rgba(0,0,0,0.5),0 1px 10px 0 rgba(0,0,0,0.15); margin: 1px; max-width: 540px; min-width: 326px; padding: 0; width: calc(100% - 2px);\" data-instgrm-permalink=\"https:\/\/www.instagram.com\/p\/DVre7x7FpT7\/?utm_source=ig_embed&amp;utm_campaign=loading\" data-instgrm-version=\"14\"\/>\n<div class=\"beav beav-post-bottom beav-float-center beav-align-center beav-column-1 beav-clearfix no-bg-box-model\">\n<div id=\"beav-52933-846109027\" class=\"beav-container beav-type-image\" itemscope=\"\" itemtype=\"https:\/\/schema.org\/WPAdBlock\" data-adid=\"52933\" data-type=\"image\"><a itemprop=\"url\" class=\"beav-link\" href=\"https:\/\/jmfsaude.com.br\/\" target=\"_blank\" rel=\"nofollow\"><img loading=\"lazy\" decoding=\"async\" data-lazyloaded=\"1\" class=\"beav-image\" src=\"https:\/\/www.serranewsrj.com.br\/wp-content\/uploads\/2025\/03\/bannersiteJMF-ezgif.com-png-to-webp-converter.webp\" alt=\"JMF Solu\u00e7\u00f5es em Sa\u00fade \u2013 1200\u00d7400 pxl WebP\" width=\"1200\" height=\"400\"\/><\/a><\/div>\n<\/div>\n<\/div>\n<\/div>\n<div id=\"\">\n<a href=\"https:\/\/www.serranewsrj.com.br\/author\/admin-2\" title=\"Artigos de autor\"><br \/>\n<span class=\"post-author-avatar\" itemprop=\"image\"><img loading=\"lazy\" decoding=\"async\" data-lazyloaded=\"1\" alt=\"\" src=\"https:\/\/www.serranewsrj.com.br\/wp-content\/uploads\/2025\/03\/REDONDA-4-180x180.png\" class=\"avatar avatar-80 photo avatar-default\" height=\"80\" width=\"80\"\/><\/span><br \/>\n<\/a><\/p>\n<div class=\"post-author-bio\" itemprop=\"description\">A sua fonte segura de informa\u00e7\u00e3o no interior do Rio de Janeiro.<\/p>\n<\/div>\n<\/div>\n<p><script async src=\"\/\/www.instagram.com\/embed.js\"><\/script><br \/>\n<br \/><\/a><\/p>\n<p>Fonte: www.serranewsrj.com.br<\/p>\n","protected":false},"excerpt":{"rendered":"<p>Tr\u00eas adolescentes foram acusados de praticar estupro coletivo contra uma jovem de 17 anos em Nova Friburgo. A a\u00e7\u00e3o foi realizada pela Delegacia de Atendimento \u00e0 Mulher de Nova Friburgo (Deam) durante a Opera\u00e7\u00e3o Dia Internacional da Mulher, coordenada pelo Departamento-Geral de Pol\u00edcia de Atendimento \u00e0 Mulher (DGPAM) da Pol\u00edcia Civil do Estado do Rio [&hellip;]<\/p>\n","protected":false},"author":3,"featured_media":7957,"comment_status":"open","ping_status":"open","sticky":false,"template":"","format":"standard","meta":{"advanced_seo_description":"","jetpack_seo_html_title":"","jetpack_seo_noindex":false,"fifu_image_url":"https:\/\/www.serranewsrj.com.br\/wp-content\/uploads\/2026\/03\/001.jpeg","fifu_image_alt":"","_jetpack_memberships_contains_paid_content":false,"footnotes":"","jetpack_publicize_message":"","jetpack_publicize_feature_enabled":true,"jetpack_social_post_already_shared":true,"jetpack_social_options":{"image_generator_settings":{"template":"highway","default_image_id":0,"font":"","enabled":false},"version":2}},"categories":[104,1],"tags":[],"class_list":{"0":"post-7956","1":"post","2":"type-post","3":"status-publish","4":"format-standard","5":"has-post-thumbnail","7":"category-cidade","8":"category-uncategorized"},"jetpack_publicize_connections":[],"jetpack_featured_media_url":"https:\/\/i0.wp.com\/www.serranewsrj.com.br\/wp-content\/uploads\/2026\/03\/001.jpeg?fit=%2C&ssl=1","jetpack_sharing_enabled":true,"jetpack-related-posts":[],"_links":{"self":[{"href":"https:\/\/friburgonoticias.com.br\/temp\/wp-json\/wp\/v2\/posts\/7956","targetHints":{"allow":["GET"]}}],"collection":[{"href":"https:\/\/friburgonoticias.com.br\/temp\/wp-json\/wp\/v2\/posts"}],"about":[{"href":"https:\/\/friburgonoticias.com.br\/temp\/wp-json\/wp\/v2\/types\/post"}],"author":[{"embeddable":true,"href":"https:\/\/friburgonoticias.com.br\/temp\/wp-json\/wp\/v2\/users\/3"}],"replies":[{"embeddable":true,"href":"https:\/\/friburgonoticias.com.br\/temp\/wp-json\/wp\/v2\/comments?post=7956"}],"version-history":[{"count":0,"href":"https:\/\/friburgonoticias.com.br\/temp\/wp-json\/wp\/v2\/posts\/7956\/revisions"}],"wp:featuredmedia":[{"embeddable":true,"href":"https:\/\/friburgonoticias.com.br\/temp\/wp-json\/wp\/v2\/media\/7957"}],"wp:attachment":[{"href":"https:\/\/friburgonoticias.com.br\/temp\/wp-json\/wp\/v2\/media?parent=7956"}],"wp:term":[{"taxonomy":"category","embeddable":true,"href":"https:\/\/friburgonoticias.com.br\/temp\/wp-json\/wp\/v2\/categories?post=7956"},{"taxonomy":"post_tag","embeddable":true,"href":"https:\/\/friburgonoticias.com.br\/temp\/wp-json\/wp\/v2\/tags?post=7956"}],"curies":[{"name":"wp","href":"https:\/\/api.w.org\/{rel}","templated":true}]}}