{"id":7960,"date":"2026-03-09T23:44:30","date_gmt":"2026-03-09T23:44:30","guid":{"rendered":"https:\/\/friburgonoticias.com.br\/temp\/2026\/03\/09\/projeto-cria-rede-de-apoio-psicologico-e-financeiro-para-maes-atipicas-e-cuidadores-noticias\/"},"modified":"2026-03-09T23:44:30","modified_gmt":"2026-03-09T23:44:30","slug":"projeto-cria-rede-de-apoio-psicologico-e-financeiro-para-maes-atipicas-e-cuidadores-noticias","status":"publish","type":"post","link":"https:\/\/friburgonoticias.com.br\/temp\/2026\/03\/09\/projeto-cria-rede-de-apoio-psicologico-e-financeiro-para-maes-atipicas-e-cuidadores-noticias\/","title":{"rendered":"Projeto cria rede de apoio psicol\u00f3gico e financeiro para m\u00e3es at\u00edpicas e cuidadores &#8211; Not\u00edcias"},"content":{"rendered":"<p><\/p>\n<div>\n<p class=\"g-artigo__data-hora\">\n                      09\/03\/2026 &#8211; 18:15 \u00a0\n                    <\/p>\n<div id=\"image-container-1251651\" class=\"image-container\" style=\"float: none; margin: 45px 0px; width: 100%;\" data-midia=\"1251651\">\n        <em>Vinicius Loures \/ C\u00e2mara dos Deputados<\/em><\/p>\n<p>        Rog\u00e9ria Santos: h\u00e1 um v\u00e1cuo legal quanto \u00e0 prote\u00e7\u00e3o de quem cuida\n        <\/p><\/div>\n<p class=\"mb-2 whitespace-pre-wrap\">O Projeto de Lei 6730\/25 institui a Pol\u00edtica Nacional de Prote\u00e7\u00e3o \u00e0 Maternidade At\u00edpica. O objetivo da proposta \u00e9 criar uma rede p\u00fablica espec\u00edfica para &#8220;cuidar de quem cuida&#8221;, tirando o foco apenas da pessoa com defici\u00eancia e garantindo atendimento psicossocial, terap\u00eautico e financeiro diretamente \u00e0 m\u00e3e ou ao cuidador que enfrenta sobrecarga emocional e perda de renda.<\/p>\n<p class=\"mb-2 whitespace-pre-wrap\">O texto define maternidade at\u00edpica como a viv\u00eancia de mulheres ou fam\u00edlias que assumem cuidados cont\u00ednuos e intensos de pessoas com defici\u00eancia, Transtorno do Espectro Autista (TEA) ou condi\u00e7\u00f5es cr\u00f4nicas.<\/p>\n<p class=\"mb-2 whitespace-pre-wrap\"><strong>Como vai funcionar<br \/><\/strong>A proposta cria a Rede Nacional de Acolhimento da Maternidade At\u00edpica, que dever\u00e1 oferecer servi\u00e7os gratuitos em unidades p\u00fablicas ou conveniadas. Entre as obriga\u00e7\u00f5es da rede est\u00e3o:<\/p>\n<ul>\n<li>atendimento individual mensal para a m\u00e3e ou cuidador;<\/li>\n<li>rodas de terapia semanais;<\/li>\n<li>orienta\u00e7\u00e3o jur\u00eddica sobre direitos;<\/li>\n<li>apoio simult\u00e2neo: as unidades dever\u00e3o oferecer atividades pedag\u00f3gicas e l\u00fadicas para as crian\u00e7as durante o atendimento da m\u00e3e, removendo a barreira de n\u00e3o ter com quem deixar o filho para se cuidar.<\/li>\n<\/ul>\n<p class=\"mb-2 whitespace-pre-wrap\"><strong>Gera\u00e7\u00e3o de renda<br \/><\/strong>O projeto prev\u00ea programas de autonomia econ\u00f4mica com oficinas de capacita\u00e7\u00e3o (como corte e costura e artesanato) e apoio ao empreendedorismo para m\u00e3es que precisaram sair do mercado de trabalho.<\/p>\n<p class=\"mb-2 whitespace-pre-wrap\">Al\u00e9m disso, o texto classifica a maternidade at\u00edpica como fator agravante de vulnerabilidade em casos de viol\u00eancia dom\u00e9stica, determinando prioridade de atendimento em delegacias e no Minist\u00e9rio P\u00fablico, devido \u00e0 depend\u00eancia financeira que muitas vezes prende a cuidadora ao agressor.<\/p>\n<p class=\"mb-2 whitespace-pre-wrap\"><strong>Sobrecarga materna<br \/><\/strong>A deputada Rog\u00e9ria Santos (Republicanos-BA) argumenta que, embora existam leis para as pessoas com defici\u00eancia, h\u00e1 um v\u00e1cuo legal quanto \u00e0 prote\u00e7\u00e3o de quem dedica a vida a cuidar delas.<\/p>\n<p class=\"mb-2 whitespace-pre-wrap\">&#8220;Essa pol\u00edtica representa uma mudan\u00e7a estrutural: tira do invis\u00edvel uma das maiores injusti\u00e7as silenciosas do pa\u00eds e estabelece, pela primeira vez, uma rede p\u00fablica dedicada a cuidar de quem cuida&#8221;, afirma a autora na justificativa.<\/p>\n<p class=\"mb-2 whitespace-pre-wrap\">Para a parlamentar, o esgotamento dessas mulheres deve ser tratado pelo Estado. &#8220;A sobrecarga materna n\u00e3o \u00e9 uma quest\u00e3o dom\u00e9stica; \u00e9 uma quest\u00e3o de sa\u00fade p\u00fablica, assist\u00eancia social e prote\u00e7\u00e3o social b\u00e1sica. Quando a m\u00e3e adoece emocionalmente, a crian\u00e7a adoece junto. Quando a m\u00e3e perde renda, a fam\u00edlia perde seguran\u00e7a alimentar&#8221;, defende Rog\u00e9ria Santos.<\/p>\n<p>        <strong>Pr\u00f3ximos passos<br \/><\/strong>A proposta, que tramita em <span id=\"4322\" class=\"termoGlossario\" title=\"Rito de tramita\u00e7\u00e3o pelo qual o projeto \u00e9 votado apenas pelas comiss\u00f5es designadas para analis\u00e1-lo, dispensada a delibera\u00e7\u00e3o do Plen\u00e1rio. O projeto perde o car\u00e1ter conclusivo se houver decis\u00e3o divergente entre as comiss\u00f5es ou se, independentemente de ser aprovado ou rejeitado, houver recurso assinado por 52 deputados para a aprecia\u00e7\u00e3o da mat\u00e9ria no Plen\u00e1rio.\" contenteditable=\"false\" data-toggle=\"tooltip\" data-placement=\"top\">car\u00e1ter conclusivo<\/span>, ser\u00e1 analisada pelas comiss\u00f5es de Defesa dos Direitos das Pessoas com Defici\u00eancia; de Previd\u00eancia, Assist\u00eancia Social, Inf\u00e2ncia, Adolesc\u00eancia e Fam\u00edlia; de Finan\u00e7as e Tributa\u00e7\u00e3o; e<br \/>de Constitui\u00e7\u00e3o e Justi\u00e7a e de Cidadania.<br \/>\n        <a href=\"https:\/\/www.camara.leg.br\/noticias\/573454-SAIBA-MAIS-SOBRE-A-TRAMITACAO-DE-PROJETOS-DE-LEI\">Saiba mais sobre a tramita\u00e7\u00e3o de projetos de lei<\/a><\/p>\n<p style=\"font-size: 0.8rem; font-weight: 700;\">Reportagem \u2013 Emanuelle Brasil<br \/>Edi\u00e7\u00e3o \u2013 Ana Chalub<\/p>\n<\/p><\/div>\n<p><\/a><\/p>\n<p>Fonte: www.camara.leg.br<\/p>\n","protected":false},"excerpt":{"rendered":"<p>09\/03\/2026 &#8211; 18:15 \u00a0 Vinicius Loures \/ C\u00e2mara dos Deputados Rog\u00e9ria Santos: h\u00e1 um v\u00e1cuo legal quanto \u00e0 prote\u00e7\u00e3o de quem cuida O Projeto de Lei 6730\/25 institui a Pol\u00edtica Nacional de Prote\u00e7\u00e3o \u00e0 Maternidade At\u00edpica. O objetivo da proposta \u00e9 criar uma rede p\u00fablica espec\u00edfica para &#8220;cuidar de quem cuida&#8221;, tirando o foco apenas [&hellip;]<\/p>\n","protected":false},"author":3,"featured_media":7961,"comment_status":"open","ping_status":"open","sticky":false,"template":"","format":"standard","meta":{"advanced_seo_description":"","jetpack_seo_html_title":"","jetpack_seo_noindex":false,"fifu_image_url":"https:\/\/www.camara.leg.br\/midias\/image\/2026\/03\/img20251021161505934-768x473.jpg","fifu_image_alt":"","_jetpack_memberships_contains_paid_content":false,"footnotes":"","jetpack_publicize_message":"","jetpack_publicize_feature_enabled":true,"jetpack_social_post_already_shared":true,"jetpack_social_options":{"image_generator_settings":{"template":"highway","default_image_id":0,"font":"","enabled":false},"version":2}},"categories":[106,1],"tags":[],"class_list":{"0":"post-7960","1":"post","2":"type-post","3":"status-publish","4":"format-standard","5":"has-post-thumbnail","7":"category-politica","8":"category-uncategorized"},"jetpack_publicize_connections":[],"jetpack_featured_media_url":"https:\/\/i0.wp.com\/www.camara.leg.br\/midias\/image\/2026\/03\/img20251021161505934-768x473.jpg?fit=%2C&ssl=1","jetpack_sharing_enabled":true,"jetpack-related-posts":[],"_links":{"self":[{"href":"https:\/\/friburgonoticias.com.br\/temp\/wp-json\/wp\/v2\/posts\/7960","targetHints":{"allow":["GET"]}}],"collection":[{"href":"https:\/\/friburgonoticias.com.br\/temp\/wp-json\/wp\/v2\/posts"}],"about":[{"href":"https:\/\/friburgonoticias.com.br\/temp\/wp-json\/wp\/v2\/types\/post"}],"author":[{"embeddable":true,"href":"https:\/\/friburgonoticias.com.br\/temp\/wp-json\/wp\/v2\/users\/3"}],"replies":[{"embeddable":true,"href":"https:\/\/friburgonoticias.com.br\/temp\/wp-json\/wp\/v2\/comments?post=7960"}],"version-history":[{"count":0,"href":"https:\/\/friburgonoticias.com.br\/temp\/wp-json\/wp\/v2\/posts\/7960\/revisions"}],"wp:featuredmedia":[{"embeddable":true,"href":"https:\/\/friburgonoticias.com.br\/temp\/wp-json\/wp\/v2\/media\/7961"}],"wp:attachment":[{"href":"https:\/\/friburgonoticias.com.br\/temp\/wp-json\/wp\/v2\/media?parent=7960"}],"wp:term":[{"taxonomy":"category","embeddable":true,"href":"https:\/\/friburgonoticias.com.br\/temp\/wp-json\/wp\/v2\/categories?post=7960"},{"taxonomy":"post_tag","embeddable":true,"href":"https:\/\/friburgonoticias.com.br\/temp\/wp-json\/wp\/v2\/tags?post=7960"}],"curies":[{"name":"wp","href":"https:\/\/api.w.org\/{rel}","templated":true}]}}