{"id":7972,"date":"2026-03-10T15:09:38","date_gmt":"2026-03-10T15:09:38","guid":{"rendered":"https:\/\/friburgonoticias.com.br\/temp\/2026\/03\/10\/associacoes-de-moradores-do-rio-criticam-projeto-praca-onze-maravilha-e-alertam-para-impactos-na-regiao\/"},"modified":"2026-03-10T15:09:38","modified_gmt":"2026-03-10T15:09:38","slug":"associacoes-de-moradores-do-rio-criticam-projeto-praca-onze-maravilha-e-alertam-para-impactos-na-regiao","status":"publish","type":"post","link":"https:\/\/friburgonoticias.com.br\/temp\/2026\/03\/10\/associacoes-de-moradores-do-rio-criticam-projeto-praca-onze-maravilha-e-alertam-para-impactos-na-regiao\/","title":{"rendered":"Associa\u00e7\u00f5es de moradores do Rio criticam projeto Pra\u00e7a Onze Maravilha e alertam para impactos na regi\u00e3o"},"content":{"rendered":"<p><\/p>\n<div itemprop=\"articleBody\">\nO representante da\u00a0<a href=\"https:\/\/fam-rio.org.br\/\" target=\"_blank\" rel=\"noopener\">Federa\u00e7\u00e3o das Associa\u00e7\u00f5es de Moradores do Munic\u00edpio do Rio (Fam-Rio)<\/a>, Mauro Salinas, questionou os impactos ambientais e sociais do projeto de requalifica\u00e7\u00e3o Pra\u00e7a Onze Maravilha. A declara\u00e7\u00e3o foi feita nesta ter\u00e7a-feira (10), durante a<a href=\"https:\/\/temporealrj.com\/praca-onze-maravilha-camara-rio\/\"> primeira audi\u00eancia p\u00fablica da C\u00e2mara do Rio para debater a proposta da prefeitura.<\/a><\/p>\n<p>De acordo com Salinas, o governo municipal n\u00e3o tem considerado todos os riscos das grandes modifica\u00e7\u00f5es previstas para a Pra\u00e7a Onze e o entorno do Samb\u00f3dromo, o que, na avalia\u00e7\u00e3o dele, pode resultar em um \u201cdesastre para a regi\u00e3o\u201d.<\/p>\n<p>\u201cEst\u00e1 sendo proposta uma modifica\u00e7\u00e3o radical de par\u00e2metros que certamente trar\u00e1 impactos para essa regi\u00e3o, sobretudo negativos. Essa interven\u00e7\u00e3o, pela magnitude que se prop\u00f5e e pela falta de cuidados que, no meu entendimento, est\u00e3o sendo adotados, pode resultar em um desastre para a regi\u00e3o. H\u00e1 muitos fatores que precisam ser considerados e que n\u00e3o est\u00e3o sendo\u201d, afirmou.<\/p>\n<h2 class=\"wp-block-heading\">Sobre o Pra\u00e7a Onze Maravilha <\/h2>\n<p>O projeto, <a href=\"https:\/\/temporealrj.com\/paes-prioridades-2026-camara-rio\/\">uma das prioridades do prefeito Eduardo Paes (PSD) para 2026<\/a>, cria a \u00c1rea de Especial Interesse Urban\u00edstico (AEIU) Pra\u00e7a Onze Maravilha, com regras espec\u00edficas para viabilizar a requalifica\u00e7\u00e3o da regi\u00e3o e do entorno do Samb\u00f3dromo. O investimento estimado \u00e9 de cerca de R$ 1,75 bilh\u00e3o.<\/p>\n<p><a href=\"https:\/\/temporealrj.com\/paes-lanca-a-praca-onze-maravilha-projeto-qu-e-preve-derrubada-do-elevado-nova-cidade-do-samba-moradias-parques-e-biblioteca\/\">Anunciado em novembro de 2025<\/a>, o programa prev\u00ea, entre as primeiras a\u00e7\u00f5es, a demoli\u00e7\u00e3o do Viaduto 31 de Mar\u00e7o. O plano tamb\u00e9m inclui a cria\u00e7\u00e3o da Biblioteca dos Saberes, projetada pelo arquiteto Francis K\u00e9r\u00e9, al\u00e9m da constru\u00e7\u00e3o da Cidade do Samba \u00e0s margens da Avenida Presidente Vargas.\n<\/div>\n<p><\/a><\/p>\n<p>Fonte: temporealrj.com<\/p>\n","protected":false},"excerpt":{"rendered":"<p>O representante da\u00a0Federa\u00e7\u00e3o das Associa\u00e7\u00f5es de Moradores do Munic\u00edpio do Rio (Fam-Rio), Mauro Salinas, questionou os impactos ambientais e sociais do projeto de requalifica\u00e7\u00e3o Pra\u00e7a Onze Maravilha. A declara\u00e7\u00e3o foi feita nesta ter\u00e7a-feira (10), durante a primeira audi\u00eancia p\u00fablica da C\u00e2mara do Rio para debater a proposta da prefeitura. De acordo com Salinas, o governo [&hellip;]<\/p>\n","protected":false},"author":3,"featured_media":7973,"comment_status":"open","ping_status":"open","sticky":false,"template":"","format":"standard","meta":{"advanced_seo_description":"","jetpack_seo_html_title":"","jetpack_seo_noindex":false,"fifu_image_url":"https:\/\/temporealrj.com\/wp-content\/uploads\/2026\/03\/Miniatura-do-YouTube-Antes-e-Depois-Edicao-de-Foto-Branco-e-Roxo-1-1-e1773154810524.png","fifu_image_alt":"","_jetpack_memberships_contains_paid_content":false,"footnotes":"","jetpack_publicize_message":"","jetpack_publicize_feature_enabled":true,"jetpack_social_post_already_shared":true,"jetpack_social_options":{"image_generator_settings":{"template":"highway","default_image_id":0,"font":"","enabled":false},"version":2}},"categories":[107],"tags":[],"class_list":{"0":"post-7972","1":"post","2":"type-post","3":"status-publish","4":"format-standard","5":"has-post-thumbnail","7":"category-economia"},"jetpack_publicize_connections":[],"jetpack_featured_media_url":"https:\/\/i0.wp.com\/temporealrj.com\/wp-content\/uploads\/2026\/03\/Miniatura-do-YouTube-Antes-e-Depois-Edicao-de-Foto-Branco-e-Roxo-1-1-e1773154810524.png?fit=%2C&ssl=1","jetpack_sharing_enabled":true,"jetpack-related-posts":[],"_links":{"self":[{"href":"https:\/\/friburgonoticias.com.br\/temp\/wp-json\/wp\/v2\/posts\/7972","targetHints":{"allow":["GET"]}}],"collection":[{"href":"https:\/\/friburgonoticias.com.br\/temp\/wp-json\/wp\/v2\/posts"}],"about":[{"href":"https:\/\/friburgonoticias.com.br\/temp\/wp-json\/wp\/v2\/types\/post"}],"author":[{"embeddable":true,"href":"https:\/\/friburgonoticias.com.br\/temp\/wp-json\/wp\/v2\/users\/3"}],"replies":[{"embeddable":true,"href":"https:\/\/friburgonoticias.com.br\/temp\/wp-json\/wp\/v2\/comments?post=7972"}],"version-history":[{"count":0,"href":"https:\/\/friburgonoticias.com.br\/temp\/wp-json\/wp\/v2\/posts\/7972\/revisions"}],"wp:featuredmedia":[{"embeddable":true,"href":"https:\/\/friburgonoticias.com.br\/temp\/wp-json\/wp\/v2\/media\/7973"}],"wp:attachment":[{"href":"https:\/\/friburgonoticias.com.br\/temp\/wp-json\/wp\/v2\/media?parent=7972"}],"wp:term":[{"taxonomy":"category","embeddable":true,"href":"https:\/\/friburgonoticias.com.br\/temp\/wp-json\/wp\/v2\/categories?post=7972"},{"taxonomy":"post_tag","embeddable":true,"href":"https:\/\/friburgonoticias.com.br\/temp\/wp-json\/wp\/v2\/tags?post=7972"}],"curies":[{"name":"wp","href":"https:\/\/api.w.org\/{rel}","templated":true}]}}