{"id":7974,"date":"2026-03-10T16:38:29","date_gmt":"2026-03-10T16:38:29","guid":{"rendered":"https:\/\/friburgonoticias.com.br\/temp\/2026\/03\/10\/projeto-cria-diretrizes-para-combater-violencia-institucional-contra-mulheres-no-setor-publico-noticias\/"},"modified":"2026-03-10T16:38:29","modified_gmt":"2026-03-10T16:38:29","slug":"projeto-cria-diretrizes-para-combater-violencia-institucional-contra-mulheres-no-setor-publico-noticias","status":"publish","type":"post","link":"https:\/\/friburgonoticias.com.br\/temp\/2026\/03\/10\/projeto-cria-diretrizes-para-combater-violencia-institucional-contra-mulheres-no-setor-publico-noticias\/","title":{"rendered":"Projeto cria diretrizes para combater viol\u00eancia institucional contra mulheres no setor p\u00fablico &#8211; Not\u00edcias"},"content":{"rendered":"<p><\/p>\n<div>\n<div>\n<p class=\"g-artigo__data-hora\">\n                      10\/03\/2026 &#8211; 12:16 \u00a0\n                    <\/p>\n<div id=\"image-container-1251718\" class=\"image-container\" style=\"float: none; margin: 45px 0px; width: 100%;\" data-midia=\"1251718\">\n        <em>Bruno Spada \/ C\u00e2mara dos Deputados<\/em><\/p>\n<p>        Amom Mandel: a proposta fortalece os princ\u00edpios da dignidade e da igualdade\n        <\/p><\/div>\n<p>        O Projeto de Lei 7183\/25 cria diretrizes para prevenir, identificar e enfrentar a viol\u00eancia simb\u00f3lica e institucional contra mulheres no setor p\u00fablico.<br \/>\n        Esse tipo de viol\u00eancia inclui condutas, omiss\u00f5es ou formas de linguagens que causem discrimina\u00e7\u00e3o, constrangimento, desrespeito ou nega\u00e7\u00e3o de direitos em raz\u00e3o do g\u00eanero.<br \/>\n        A proposta, do deputado Amom Mandel (Cidadania-AM), est\u00e1 em an\u00e1lise na C\u00e2mara.<br \/>\n        <strong>Diretrizes<\/strong><br \/>Entre as diretrizes previstas est\u00e3o:<\/p>\n<ul>\n<li>a promo\u00e7\u00e3o de um atendimento humanizado e respeitoso nos servi\u00e7os p\u00fablicos;<\/li>\n<li>o combate a estere\u00f3tipos e pr\u00e1ticas discriminat\u00f3rias; e<\/li>\n<li>a capacita\u00e7\u00e3o cont\u00ednua de servidores para garantir o respeito \u00e0 dignidade das mulheres.<\/li>\n<\/ul>\n<p>        O objetivo \u00e9 transformar a cultura administrativa para que o Estado ofere\u00e7a um atendimento adequado e livre de preconceitos.<br \/>\n        <strong>Pr\u00e1ticas recorrentes<\/strong><br \/>Segundo Mandel, essas pr\u00e1ticas ocorrem com frequ\u00eancia no servi\u00e7o p\u00fablico e afetam o acesso das mulheres a direitos.<br \/>\n        \u201cEssas condutas, embora muitas vezes naturalizadas, geram impactos significativos na dignidade, na autonomia e no acesso efetivo das mulheres aos seus direitos\u201d, afirma.<br \/>\n        O deputado tamb\u00e9m argumenta que a falta de diretrizes claras perpetua atendimentos desumanizados e decis\u00f5es institucionais que ignoram as vulnerabilidades enfrentadas pelas mulheres.<br \/>\n        <strong>Pr\u00f3ximos passos<br \/><\/strong>O projeto tramita em <span id=\"4322\" class=\"termoGlossario\" title=\"Rito de tramita\u00e7\u00e3o pelo qual o projeto \u00e9 votado apenas pelas comiss\u00f5es designadas para analis\u00e1-lo, dispensada a delibera\u00e7\u00e3o do Plen\u00e1rio. O projeto perde o car\u00e1ter conclusivo se houver decis\u00e3o divergente entre as comiss\u00f5es ou se, independentemente de ser aprovado ou rejeitado, houver recurso assinado por 52 deputados para a aprecia\u00e7\u00e3o da mat\u00e9ria no Plen\u00e1rio.\" contenteditable=\"false\" data-toggle=\"tooltip\" data-placement=\"top\">car\u00e1ter conclusivo<\/span>\u00a0e ser\u00e1 analisado pelas comiss\u00f5es de Administra\u00e7\u00e3o e Servi\u00e7o P\u00fablico; de Defesa dos Direitos da Mulher; de Finan\u00e7as e Tributa\u00e7\u00e3o; e de Constitui\u00e7\u00e3o e Justi\u00e7a e de Cidadania.<br \/>\n        Para virar lei, a proposta precisa ser aprovada pela C\u00e2mara e pelo Senado.<\/p>\n<p>        \u00a0<br \/>\n        \u00a0<br \/>\n        <iframe class=\"infografico-container\" style=\"width: 100%; height: 100%;\" src=\"https:\/\/www.camara.leg.br\/internet\/agencia\/infograficos-html5\/violencia-contra-a-mulher-no-brasil-em-2024\/index.html\" frameborder=\"0\" data-mce-fragment=\"1\"><\/iframe><br \/>\n        \u00a0<br \/>\n        \u00a0<\/p>\n<p style=\"font-size: 0.8rem; font-weight: 700;\">Reportagem \u2013 Natalia Doederlein<br \/>Edi\u00e7\u00e3o \u2013 Marcia Becker<\/p>\n<\/p><\/div>\n<\/p><\/div>\n<p><\/a><\/p>\n<p>Fonte: www.camara.leg.br<\/p>\n","protected":false},"excerpt":{"rendered":"<p>10\/03\/2026 &#8211; 12:16 \u00a0 Bruno Spada \/ C\u00e2mara dos Deputados Amom Mandel: a proposta fortalece os princ\u00edpios da dignidade e da igualdade O Projeto de Lei 7183\/25 cria diretrizes para prevenir, identificar e enfrentar a viol\u00eancia simb\u00f3lica e institucional contra mulheres no setor p\u00fablico. Esse tipo de viol\u00eancia inclui condutas, omiss\u00f5es ou formas de linguagens [&hellip;]<\/p>\n","protected":false},"author":3,"featured_media":7975,"comment_status":"open","ping_status":"open","sticky":false,"template":"","format":"standard","meta":{"advanced_seo_description":"","jetpack_seo_html_title":"","jetpack_seo_noindex":false,"fifu_image_url":"https:\/\/www.camara.leg.br\/midias\/image\/2026\/03\/img20260225163155260-5-768x473.jpg","fifu_image_alt":"","_jetpack_memberships_contains_paid_content":false,"footnotes":"","jetpack_publicize_message":"","jetpack_publicize_feature_enabled":true,"jetpack_social_post_already_shared":true,"jetpack_social_options":{"image_generator_settings":{"template":"highway","default_image_id":0,"font":"","enabled":false},"version":2}},"categories":[106,1],"tags":[],"class_list":{"0":"post-7974","1":"post","2":"type-post","3":"status-publish","4":"format-standard","5":"has-post-thumbnail","7":"category-politica","8":"category-uncategorized"},"jetpack_publicize_connections":[],"jetpack_featured_media_url":"https:\/\/i0.wp.com\/www.camara.leg.br\/midias\/image\/2026\/03\/img20260225163155260-5-768x473.jpg?fit=%2C&ssl=1","jetpack_sharing_enabled":true,"jetpack-related-posts":[],"_links":{"self":[{"href":"https:\/\/friburgonoticias.com.br\/temp\/wp-json\/wp\/v2\/posts\/7974","targetHints":{"allow":["GET"]}}],"collection":[{"href":"https:\/\/friburgonoticias.com.br\/temp\/wp-json\/wp\/v2\/posts"}],"about":[{"href":"https:\/\/friburgonoticias.com.br\/temp\/wp-json\/wp\/v2\/types\/post"}],"author":[{"embeddable":true,"href":"https:\/\/friburgonoticias.com.br\/temp\/wp-json\/wp\/v2\/users\/3"}],"replies":[{"embeddable":true,"href":"https:\/\/friburgonoticias.com.br\/temp\/wp-json\/wp\/v2\/comments?post=7974"}],"version-history":[{"count":0,"href":"https:\/\/friburgonoticias.com.br\/temp\/wp-json\/wp\/v2\/posts\/7974\/revisions"}],"wp:featuredmedia":[{"embeddable":true,"href":"https:\/\/friburgonoticias.com.br\/temp\/wp-json\/wp\/v2\/media\/7975"}],"wp:attachment":[{"href":"https:\/\/friburgonoticias.com.br\/temp\/wp-json\/wp\/v2\/media?parent=7974"}],"wp:term":[{"taxonomy":"category","embeddable":true,"href":"https:\/\/friburgonoticias.com.br\/temp\/wp-json\/wp\/v2\/categories?post=7974"},{"taxonomy":"post_tag","embeddable":true,"href":"https:\/\/friburgonoticias.com.br\/temp\/wp-json\/wp\/v2\/tags?post=7974"}],"curies":[{"name":"wp","href":"https:\/\/api.w.org\/{rel}","templated":true}]}}