{"id":7990,"date":"2026-03-10T21:32:22","date_gmt":"2026-03-10T21:32:22","guid":{"rendered":"https:\/\/friburgonoticias.com.br\/temp\/2026\/03\/10\/bancada-do-pl-e-base-de-paes-entram-em-choque-na-camara-do-rio-disputa-pelo-governo-e-o-pano-de-fundo\/"},"modified":"2026-03-10T21:32:22","modified_gmt":"2026-03-10T21:32:22","slug":"bancada-do-pl-e-base-de-paes-entram-em-choque-na-camara-do-rio-disputa-pelo-governo-e-o-pano-de-fundo","status":"publish","type":"post","link":"https:\/\/friburgonoticias.com.br\/temp\/2026\/03\/10\/bancada-do-pl-e-base-de-paes-entram-em-choque-na-camara-do-rio-disputa-pelo-governo-e-o-pano-de-fundo\/","title":{"rendered":"Bancada do PL e base de Paes entram em choque na C\u00e2mara do Rio; disputa pelo governo \u00e9 o pano de fundo"},"content":{"rendered":"<p><\/p>\n<div itemprop=\"articleBody\">\nAinda faltam cinco meses para o in\u00edcio das campanhas eleitorais, mas, na <a href=\"https:\/\/www.camara.rio\/\" target=\"_blank\" rel=\"noopener\">C\u00e2mara do Rio<\/a>, nunca \u00e9 cedo demais para discutir o assunto. Com a <a href=\"https:\/\/temporealrj.com\/paes-governo-estado-comando-vermelho\/\">disputa pela cadeira do Pal\u00e1cio Guanabara como pano de fundo<\/a>, a base do prefeito Eduardo Paes (PSD) e a oposi\u00e7\u00e3o trocaram farpas na sess\u00e3o desta ter\u00e7a-feira (10).<\/p>\n<p>Fl\u00e1vio Valle e Salvino Oliveira, ambos do PSD, criticaram a proximidade entre o senador Fl\u00e1vio Bolsonaro (PL) e o governador Cl\u00e1udio Castro (PL). Ao mencionarem o arquivado caso das rachadinhas de Fl\u00e1vio e supostas liga\u00e7\u00f5es com o crime organizado, o opositor Poubel n\u00e3o ficou calado.<\/p>\n<p>O bolsonarista resgatou a declara\u00e7\u00e3o recente de Paes, que disse estar cansado de \u201cbrincar em seu pal\u00e1cio\u201d e agora queria \u201cbrincar em outro\u201d \u2014 uma refer\u00eancia \u00e0 ren\u00fancia do prefeito para concorrer ao governo do estado. <\/p>\n<h2 class=\"wp-block-heading\">\u2018Pode vir quente que eu estou fervendo\u2019<\/h2>\n<p>Dobrando a aposta, o vereador Rafael Sati\u00ea (PL) foi enf\u00e1tico. \u201cN\u00e3o faz sentido tentar antecipar algum tipo de discurso aqui para tentar de alguma forma\u00a0vilipendiar outras pessoas. Esse discurso raso diminui inclusive o trabalho\u00a0da C\u00e2mara do Rio\u201d, pontuou.<\/p>\n<p>E completou: \u201cSe querem entrar nessa linha de atua\u00e7\u00e3o, vamos entrar. Voc\u00eas n\u00e3o sabem ainda se s\u00e3o secret\u00e1rios, subsecret\u00e1rios ou subprefeitos de bairro. A gente n\u00e3o sabe de fato quais fun\u00e7\u00f5es voc\u00eas exercem. Est\u00e3o entrando em territ\u00f3rio que n\u00e3o dominam. Mas podem vir quente, porque eu t\u00f4 fervendo.\u201d\n<\/p><\/div>\n<p><\/a><\/p>\n<p>Fonte: temporealrj.com<\/p>\n","protected":false},"excerpt":{"rendered":"<p>Ainda faltam cinco meses para o in\u00edcio das campanhas eleitorais, mas, na C\u00e2mara do Rio, nunca \u00e9 cedo demais para discutir o assunto. Com a disputa pela cadeira do Pal\u00e1cio Guanabara como pano de fundo, a base do prefeito Eduardo Paes (PSD) e a oposi\u00e7\u00e3o trocaram farpas na sess\u00e3o desta ter\u00e7a-feira (10). Fl\u00e1vio Valle e [&hellip;]<\/p>\n","protected":false},"author":3,"featured_media":7991,"comment_status":"open","ping_status":"open","sticky":false,"template":"","format":"standard","meta":{"advanced_seo_description":"","jetpack_seo_html_title":"","jetpack_seo_noindex":false,"fifu_image_url":"https:\/\/temporealrj.com\/wp-content\/uploads\/2026\/03\/55105334750_f4988b2316_o-scaled-e1773176030358.jpg","fifu_image_alt":"","_jetpack_memberships_contains_paid_content":false,"footnotes":"","jetpack_publicize_message":"","jetpack_publicize_feature_enabled":true,"jetpack_social_post_already_shared":true,"jetpack_social_options":{"image_generator_settings":{"template":"highway","default_image_id":0,"font":"","enabled":false},"version":2}},"categories":[107],"tags":[],"class_list":{"0":"post-7990","1":"post","2":"type-post","3":"status-publish","4":"format-standard","5":"has-post-thumbnail","7":"category-economia"},"jetpack_publicize_connections":[],"jetpack_featured_media_url":"https:\/\/i0.wp.com\/temporealrj.com\/wp-content\/uploads\/2026\/03\/55105334750_f4988b2316_o-scaled-e1773176030358.jpg?fit=%2C&ssl=1","jetpack_sharing_enabled":true,"jetpack-related-posts":[],"_links":{"self":[{"href":"https:\/\/friburgonoticias.com.br\/temp\/wp-json\/wp\/v2\/posts\/7990","targetHints":{"allow":["GET"]}}],"collection":[{"href":"https:\/\/friburgonoticias.com.br\/temp\/wp-json\/wp\/v2\/posts"}],"about":[{"href":"https:\/\/friburgonoticias.com.br\/temp\/wp-json\/wp\/v2\/types\/post"}],"author":[{"embeddable":true,"href":"https:\/\/friburgonoticias.com.br\/temp\/wp-json\/wp\/v2\/users\/3"}],"replies":[{"embeddable":true,"href":"https:\/\/friburgonoticias.com.br\/temp\/wp-json\/wp\/v2\/comments?post=7990"}],"version-history":[{"count":0,"href":"https:\/\/friburgonoticias.com.br\/temp\/wp-json\/wp\/v2\/posts\/7990\/revisions"}],"wp:featuredmedia":[{"embeddable":true,"href":"https:\/\/friburgonoticias.com.br\/temp\/wp-json\/wp\/v2\/media\/7991"}],"wp:attachment":[{"href":"https:\/\/friburgonoticias.com.br\/temp\/wp-json\/wp\/v2\/media?parent=7990"}],"wp:term":[{"taxonomy":"category","embeddable":true,"href":"https:\/\/friburgonoticias.com.br\/temp\/wp-json\/wp\/v2\/categories?post=7990"},{"taxonomy":"post_tag","embeddable":true,"href":"https:\/\/friburgonoticias.com.br\/temp\/wp-json\/wp\/v2\/tags?post=7990"}],"curies":[{"name":"wp","href":"https:\/\/api.w.org\/{rel}","templated":true}]}}