{"id":7992,"date":"2026-03-10T21:34:32","date_gmt":"2026-03-10T21:34:32","guid":{"rendered":"https:\/\/friburgonoticias.com.br\/temp\/2026\/03\/10\/camara-aprova-projeto-que-obriga-unidade-de-saude-a-informar-sobre-importancia-da-amamentacao-noticias\/"},"modified":"2026-03-10T21:34:32","modified_gmt":"2026-03-10T21:34:32","slug":"camara-aprova-projeto-que-obriga-unidade-de-saude-a-informar-sobre-importancia-da-amamentacao-noticias","status":"publish","type":"post","link":"https:\/\/friburgonoticias.com.br\/temp\/2026\/03\/10\/camara-aprova-projeto-que-obriga-unidade-de-saude-a-informar-sobre-importancia-da-amamentacao-noticias\/","title":{"rendered":"C\u00e2mara aprova projeto que obriga unidade de sa\u00fade a informar sobre import\u00e2ncia da amamenta\u00e7\u00e3o &#8211; Not\u00edcias"},"content":{"rendered":"<p><\/p>\n<div>\n<p class=\"g-artigo__data-hora\">\n                      10\/03\/2026 &#8211; 17:21 \u00a0\n                    <\/p>\n<div id=\"image-container-1252068\" class=\"image-container\" style=\"float: none; margin: 45px 0px; width: 100%;\" data-midia=\"1252068\">\n        <em>Bruno Spada\/C\u00e2mara dos Deputados<\/em><\/p>\n<p>        Sess\u00e3o do Plen\u00e1rio desta ter\u00e7a-feira\n        <\/p><\/div>\n<p>        A C\u00e2mara dos Deputados aprovou projeto de lei que determina a afixa\u00e7\u00e3o, nas unidades de sa\u00fade materna e infantil, de placas informativas sobre a import\u00e2ncia da amamenta\u00e7\u00e3o at\u00e9 os dois anos de idade ou mais. A proposta ser\u00e1 enviada ao Senado.<br \/>\n        De autoria da deputada Chris Tonietto (PL-RJ), o Projeto de Lei 705\/25 foi aprovado nesta ter\u00e7a-feira (10) na forma de um <span id=\"4098\" class=\"termoGlossario\" title=\"Nome que se d\u00e1 ao texto que altera substancialmente o conte\u00fado original da proposta. O substitutivo \u00e9 apresentado pelo relator e tem prefer\u00eancia na vota\u00e7\u00e3o sobre o projeto original.\" contenteditable=\"false\" data-toggle=\"tooltip\" data-placement=\"top\">substitutivo<\/span> da relatora, deputada Meire Serafim (Uni\u00e3o-AC).<br \/>\n        Segundo o texto, essas placas informativas devem estar em locais de f\u00e1cil visualiza\u00e7\u00e3o, ter linguagem simples e acess\u00edvel, com letras em tamanho suficiente para permitir leitura f\u00e1cil.<br \/>\n        As informa\u00e7\u00f5es devem alertar ainda sobre a import\u00e2ncia da amamenta\u00e7\u00e3o exclusiva com leite materno at\u00e9 o sexto m\u00eas de vida da crian\u00e7a.<br \/>\n        Al\u00e9m disso, ter\u00e1 de informar sobre a possibilidade de as lactantes se tornarem doadoras de leite materno e sobre o site da Rede Brasileira de Bancos de Leite Humano. Nessa rede, a lactante ter\u00e1 acesso \u00e0 localiza\u00e7\u00e3o e aos contatos dos bancos de leite humano e de postos de coleta em todas as unidades federativas.<br \/>\n        <strong>Benef\u00edcios<\/strong><br \/>A relatora do projeto, deputada Meire Serafim, afirmou que a maior circula\u00e7\u00e3o das informa\u00e7\u00f5es, tornadas p\u00fablicas pelas placas, &#8220;certamente contribuir\u00e1 para que haja adequado fornecimento de leite humano&#8221; para os bancos de leite e que o leite doado seja efetivamente direcionado para as crian\u00e7as que dele necessitem.<br \/>\n        Segundo a deputada Helo\u00edsa Helena (Rede-RJ), a medida aprovada tamb\u00e9m vai contribuir para a sa\u00fade mental da mulher. &#8220;Ningu\u00e9m romantize [a amamenta\u00e7\u00e3o] porque n\u00e3o \u00e9 f\u00e1cil. \u00c9 um gesto de amor, importante para a crian\u00e7a, para a mulher inclusive no processo de involu\u00e7\u00e3o uterina, mas precisamos cobrar equipamentos p\u00fablicos&#8221;, disse a parlamentar, citando a necessidade de restaurante e lavanderia comunit\u00e1rios.<br \/>\n        <strong>Mais informa\u00e7\u00f5es em instantes<\/strong><br \/>\n        <a href=\"https:\/\/www.youtube.com\/watch?v=Ij6-D_N5g8M\">Assista ao vivo<\/a><br \/>\n        <a href=\"https:\/\/www.camara.leg.br\/noticias\/573454-SAIBA-MAIS-SOBRE-A-TRAMITACAO-DE-PROJETOS-DE-LEI\">Saiba mais sobre a tramita\u00e7\u00e3o de projetos de lei<\/a><\/p>\n<p style=\"font-size: 0.8rem; font-weight: 700;\">Reportagem \u2013 Eduardo Piovesan e Tiago Miranda<br \/>Edi\u00e7\u00e3o \u2013 Pierre Triboli<\/p>\n<\/p><\/div>\n<p><\/a><\/p>\n<p>Fonte: www.camara.leg.br<\/p>\n","protected":false},"excerpt":{"rendered":"<p>10\/03\/2026 &#8211; 17:21 \u00a0 Bruno Spada\/C\u00e2mara dos Deputados Sess\u00e3o do Plen\u00e1rio desta ter\u00e7a-feira A C\u00e2mara dos Deputados aprovou projeto de lei que determina a afixa\u00e7\u00e3o, nas unidades de sa\u00fade materna e infantil, de placas informativas sobre a import\u00e2ncia da amamenta\u00e7\u00e3o at\u00e9 os dois anos de idade ou mais. A proposta ser\u00e1 enviada ao Senado. De [&hellip;]<\/p>\n","protected":false},"author":3,"featured_media":7993,"comment_status":"open","ping_status":"open","sticky":false,"template":"","format":"standard","meta":{"advanced_seo_description":"","jetpack_seo_html_title":"","jetpack_seo_noindex":false,"fifu_image_url":"https:\/\/www.camara.leg.br\/midias\/image\/2026\/03\/img20260305132606910-768x473.jpg","fifu_image_alt":"","_jetpack_memberships_contains_paid_content":false,"footnotes":"","jetpack_publicize_message":"","jetpack_publicize_feature_enabled":true,"jetpack_social_post_already_shared":true,"jetpack_social_options":{"image_generator_settings":{"template":"highway","default_image_id":0,"font":"","enabled":false},"version":2}},"categories":[106,1],"tags":[],"class_list":{"0":"post-7992","1":"post","2":"type-post","3":"status-publish","4":"format-standard","5":"has-post-thumbnail","7":"category-politica","8":"category-uncategorized"},"jetpack_publicize_connections":[],"jetpack_featured_media_url":"https:\/\/i0.wp.com\/www.camara.leg.br\/midias\/image\/2026\/03\/img20260305132606910-768x473.jpg?fit=%2C&ssl=1","jetpack_sharing_enabled":true,"jetpack-related-posts":[],"_links":{"self":[{"href":"https:\/\/friburgonoticias.com.br\/temp\/wp-json\/wp\/v2\/posts\/7992","targetHints":{"allow":["GET"]}}],"collection":[{"href":"https:\/\/friburgonoticias.com.br\/temp\/wp-json\/wp\/v2\/posts"}],"about":[{"href":"https:\/\/friburgonoticias.com.br\/temp\/wp-json\/wp\/v2\/types\/post"}],"author":[{"embeddable":true,"href":"https:\/\/friburgonoticias.com.br\/temp\/wp-json\/wp\/v2\/users\/3"}],"replies":[{"embeddable":true,"href":"https:\/\/friburgonoticias.com.br\/temp\/wp-json\/wp\/v2\/comments?post=7992"}],"version-history":[{"count":0,"href":"https:\/\/friburgonoticias.com.br\/temp\/wp-json\/wp\/v2\/posts\/7992\/revisions"}],"wp:featuredmedia":[{"embeddable":true,"href":"https:\/\/friburgonoticias.com.br\/temp\/wp-json\/wp\/v2\/media\/7993"}],"wp:attachment":[{"href":"https:\/\/friburgonoticias.com.br\/temp\/wp-json\/wp\/v2\/media?parent=7992"}],"wp:term":[{"taxonomy":"category","embeddable":true,"href":"https:\/\/friburgonoticias.com.br\/temp\/wp-json\/wp\/v2\/categories?post=7992"},{"taxonomy":"post_tag","embeddable":true,"href":"https:\/\/friburgonoticias.com.br\/temp\/wp-json\/wp\/v2\/tags?post=7992"}],"curies":[{"name":"wp","href":"https:\/\/api.w.org\/{rel}","templated":true}]}}