{"id":7994,"date":"2026-03-10T22:18:20","date_gmt":"2026-03-10T22:18:20","guid":{"rendered":"https:\/\/friburgonoticias.com.br\/temp\/2026\/03\/10\/bancada-feminina-articula-avancos-no-direito-das-mulheres-em-forum-da-onu-noticias\/"},"modified":"2026-03-10T22:18:20","modified_gmt":"2026-03-10T22:18:20","slug":"bancada-feminina-articula-avancos-no-direito-das-mulheres-em-forum-da-onu-noticias","status":"publish","type":"post","link":"https:\/\/friburgonoticias.com.br\/temp\/2026\/03\/10\/bancada-feminina-articula-avancos-no-direito-das-mulheres-em-forum-da-onu-noticias\/","title":{"rendered":"Bancada feminina articula avan\u00e7os no direito das mulheres em f\u00f3rum da ONU &#8211; Not\u00edcias"},"content":{"rendered":"<p><\/p>\n<div>\n<p class=\"g-artigo__data-hora\">\n                      10\/03\/2026 &#8211; 18:47 \u00a0\n                    <\/p>\n<div id=\"image-container-1252115\" class=\"image-container\" style=\"float: none; margin: 45px 0px; width: 100%;\" data-midia=\"1252115\">\n        <em>Divulga\u00e7\u00e3o<\/em><\/p>\n<p>        Delega\u00e7\u00e3o da C\u00e2mara dos Deputados participa de reuni\u00e3o com Michelle Bachelet\n        <\/p><\/div>\n<p>        A coordenadora-geral da Secretaria da Mulher da C\u00e2mara, deputada Jack Rocha (PT-ES), e a deputada Jandira Feghali (PCdoB-RJ) integram a comitiva brasileira na CSW70, em Nova York. O evento, realizado entre os dias 9 e 20 de mar\u00e7o de 2026, \u00e9 o maior f\u00f3rum global da Organiza\u00e7\u00e3o das Na\u00e7\u00f5es Unidas (ONU) dedicado \u00e0 igualdade de g\u00eanero e ao empoderamento das mulheres.<br \/>\n        Nesta edi\u00e7\u00e3o, o tema central da CSW70 \u00e9 a lideran\u00e7a das mulheres em um mundo em constante transforma\u00e7\u00e3o e o futuro do multilateralismo. A comiss\u00e3o avalia progressos na implementa\u00e7\u00e3o da Declara\u00e7\u00e3o e Plataforma de A\u00e7\u00e3o de Pequim, buscando acelerar a igualdade de resultados para mulheres e meninas em todo o mundo.<br \/>\n        <strong>Vit\u00f3ria contra retrocessos<\/strong><br \/>Jandira Feghali destacou os resultados iniciais positivos da miss\u00e3o. Segundo a parlamentar, houve a aprova\u00e7\u00e3o de uma resolu\u00e7\u00e3o estrat\u00e9gica para garantir direitos j\u00e1 conquistados.<br \/>\n        \u201cA resolu\u00e7\u00e3o aprovada eliminou as possibilidades de retrocesso que os Estados Unidos queriam impor em v\u00e1rios campos e temas que dizem respeito aos direitos das mulheres. Essa j\u00e1 \u00e9 uma vit\u00f3ria importante no processo da CSW\u201d, afirmou Feghali.<br \/>\n        As conclus\u00f5es da CSW70 estabelecem um roteiro global para fortalecer o acesso \u00e0 justi\u00e7a, recomendando aos governos eliminar barreiras estruturais e reformar leis discriminat\u00f3rias que ainda impedem a igualdade plena, especialmente em temas como casamento infantil, direitos de propriedade e viol\u00eancia de g\u00eanero.<br \/>\n        O documento final destaca ainda a necessidade de integrar sistemas jur\u00eddicos inclusivos, garantir assist\u00eancia jur\u00eddica e prote\u00e7\u00e3o a sobreviventes de viol\u00eancia \u2014 tanto no ambiente f\u00edsico quanto no digital .<br \/>\n        <strong>Combate \u00e0 viol\u00eancia e lideran\u00e7a global<\/strong><br \/>A delega\u00e7\u00e3o brasileira tamb\u00e9m prioriza debates sobre o acesso democr\u00e1tico \u00e0 Justi\u00e7a e o combate \u00e0 viol\u00eancia contra a mulher. A deputada Jack Rocha refor\u00e7ou a import\u00e2ncia da presen\u00e7a brasileira no evento para a constru\u00e7\u00e3o de pol\u00edticas p\u00fablicas robustas.<br \/>\n        As parlamentares participaram de reuni\u00f5es bilaterais e debates com lideran\u00e7as internacionais, incluindo a ex-presidente do Chile, Michelle Bachelet. O di\u00e1logo com Bachelet abordou o fortalecimento da lideran\u00e7a feminina em organismos internacionais e sua candidatura \u00e0 Secretaria-Geral da ONU.<br \/>\n        \u201cEstamos buscando extrair resolu\u00e7\u00f5es e experi\u00eancias importantes para as mulheres brasileiras, trazendo informa\u00e7\u00f5es atualizadas e com mais for\u00e7a para a C\u00e2mara dos Deputados e para a sociedade\u201d, ressaltou Jandira Feghali.<br \/>\n        <strong>Pol\u00edticas p\u00fablicas e futuro<\/strong><br \/>A participa\u00e7\u00e3o na CSW70 visa alinhar a legisla\u00e7\u00e3o brasileira \u00e0s melhores pr\u00e1ticas globais. Entre os focos da Secretaria da Mulher est\u00e3o:<\/p>\n<ul>\n<li>Implementa\u00e7\u00e3o de programas de prote\u00e7\u00e3o a v\u00edtimas de viol\u00eancia<\/li>\n<li>Est\u00edmulo \u00e0 participa\u00e7\u00e3o pol\u00edtica feminina<\/li>\n<li>Fortalecimento de redes de apoio socioecon\u00f4mico para mulheres<\/li>\n<\/ul>\n<p>        As discuss\u00f5es na ONU servir\u00e3o de base para futuras sugest\u00f5es de mudan\u00e7as legislativas e aprimoramento de programas federais no Brasil.<br \/>\n        Tamb\u00e9m integram a delega\u00e7\u00e3o da C\u00e2mara dos Deputados: Benedita da Silva (PT-RJ); Maria Rosas (Republicanos-SP), procuradora da Mulher na C\u00e2mara; Carol Dartora (PT-PR) e L\u00eddice da Mata (PSB-BA).<\/p>\n<p style=\"font-size: 0.8rem; font-weight: 700;\">Da Reda\u00e7\u00e3o &#8211; GM<\/p>\n<\/p><\/div>\n<p><\/a><\/p>\n<p>Fonte: www.camara.leg.br<\/p>\n","protected":false},"excerpt":{"rendered":"<p>10\/03\/2026 &#8211; 18:47 \u00a0 Divulga\u00e7\u00e3o Delega\u00e7\u00e3o da C\u00e2mara dos Deputados participa de reuni\u00e3o com Michelle Bachelet A coordenadora-geral da Secretaria da Mulher da C\u00e2mara, deputada Jack Rocha (PT-ES), e a deputada Jandira Feghali (PCdoB-RJ) integram a comitiva brasileira na CSW70, em Nova York. O evento, realizado entre os dias 9 e 20 de mar\u00e7o de [&hellip;]<\/p>\n","protected":false},"author":3,"featured_media":7995,"comment_status":"open","ping_status":"open","sticky":false,"template":"","format":"standard","meta":{"advanced_seo_description":"","jetpack_seo_html_title":"","jetpack_seo_noindex":false,"fifu_image_url":"https:\/\/www.camara.leg.br\/midias\/image\/2026\/03\/whatsapp-image-2026-03-10-at-18-05-11-1-768x576.jpeg","fifu_image_alt":"","_jetpack_memberships_contains_paid_content":false,"footnotes":"","jetpack_publicize_message":"","jetpack_publicize_feature_enabled":true,"jetpack_social_post_already_shared":true,"jetpack_social_options":{"image_generator_settings":{"template":"highway","default_image_id":0,"font":"","enabled":false},"version":2}},"categories":[106,1],"tags":[],"class_list":{"0":"post-7994","1":"post","2":"type-post","3":"status-publish","4":"format-standard","5":"has-post-thumbnail","7":"category-politica","8":"category-uncategorized"},"jetpack_publicize_connections":[],"jetpack_featured_media_url":"https:\/\/i0.wp.com\/www.camara.leg.br\/midias\/image\/2026\/03\/whatsapp-image-2026-03-10-at-18-05-11-1-768x576.jpeg?fit=%2C&ssl=1","jetpack_sharing_enabled":true,"jetpack-related-posts":[],"_links":{"self":[{"href":"https:\/\/friburgonoticias.com.br\/temp\/wp-json\/wp\/v2\/posts\/7994","targetHints":{"allow":["GET"]}}],"collection":[{"href":"https:\/\/friburgonoticias.com.br\/temp\/wp-json\/wp\/v2\/posts"}],"about":[{"href":"https:\/\/friburgonoticias.com.br\/temp\/wp-json\/wp\/v2\/types\/post"}],"author":[{"embeddable":true,"href":"https:\/\/friburgonoticias.com.br\/temp\/wp-json\/wp\/v2\/users\/3"}],"replies":[{"embeddable":true,"href":"https:\/\/friburgonoticias.com.br\/temp\/wp-json\/wp\/v2\/comments?post=7994"}],"version-history":[{"count":0,"href":"https:\/\/friburgonoticias.com.br\/temp\/wp-json\/wp\/v2\/posts\/7994\/revisions"}],"wp:featuredmedia":[{"embeddable":true,"href":"https:\/\/friburgonoticias.com.br\/temp\/wp-json\/wp\/v2\/media\/7995"}],"wp:attachment":[{"href":"https:\/\/friburgonoticias.com.br\/temp\/wp-json\/wp\/v2\/media?parent=7994"}],"wp:term":[{"taxonomy":"category","embeddable":true,"href":"https:\/\/friburgonoticias.com.br\/temp\/wp-json\/wp\/v2\/categories?post=7994"},{"taxonomy":"post_tag","embeddable":true,"href":"https:\/\/friburgonoticias.com.br\/temp\/wp-json\/wp\/v2\/tags?post=7994"}],"curies":[{"name":"wp","href":"https:\/\/api.w.org\/{rel}","templated":true}]}}