{"id":8006,"date":"2026-03-11T00:13:18","date_gmt":"2026-03-11T00:13:18","guid":{"rendered":"https:\/\/friburgonoticias.com.br\/temp\/2026\/03\/11\/caso-ceperj-presidente-do-tse-marca-a-volta-do-julgamento-a-pauta-ja-para-o-proximo-dia-24\/"},"modified":"2026-03-11T00:13:18","modified_gmt":"2026-03-11T00:13:18","slug":"caso-ceperj-presidente-do-tse-marca-a-volta-do-julgamento-a-pauta-ja-para-o-proximo-dia-24","status":"publish","type":"post","link":"https:\/\/friburgonoticias.com.br\/temp\/2026\/03\/11\/caso-ceperj-presidente-do-tse-marca-a-volta-do-julgamento-a-pauta-ja-para-o-proximo-dia-24\/","title":{"rendered":"Caso Ceperj: presidente do TSE marca a volta do julgamento \u00e0 pauta j\u00e1 para o pr\u00f3ximo dia 24"},"content":{"rendered":"<p><\/p>\n<div itemprop=\"articleBody\">\nA presidente do Tribunal Superior Eleitoral (TSE), ministra C\u00e1rmen L\u00facia, marcou para o dia 24 deste m\u00eas a retomada do julgamento do caso Ceperj, que pode levar \u00e0 cassa\u00e7\u00e3o do governador do Rio, Cl\u00e1udio Castro (PL), e do presidente afastado da Alerj, Rodrigo Bacellar (Uni\u00e3o).<\/p>\n<p><a href=\"https:\/\/temporealrj.com\/tse-vista-julgamento-castro-bacellar\/\">A vota\u00e7\u00e3o foi interrompida nesta ter\u00e7a-feira (10) ap\u00f3s o pedido de vista do ministro Kassio Nunes Marques.<\/a> Apesar de ter direito a at\u00e9 30 dias para devolver o processo, ele abriu m\u00e3o do prazo completo e liberou o caso para voltar \u00e0 pauta ainda neste m\u00eas.<\/p>\n<p>Com isso, C\u00e1rmen L\u00facia incluiu o julgamento na sess\u00e3o do dia 24 e j\u00e1 reservou tamb\u00e9m a manh\u00e3 do dia 25, caso n\u00e3o seja poss\u00edvel concluir a vota\u00e7\u00e3o no primeiro dia.<\/p>\n<p>At\u00e9 agora, o placar parcial est\u00e1 em 2 votos a 0 pela condena\u00e7\u00e3o, acompanhando o entendimento da relatora, a ministra Isabel Gallotti. Al\u00e9m dela, o ministro Antonio Carlos Ferreira tamb\u00e9m votou pela perda dos mandatos e inelegibilidade de Castro e Bacellar, al\u00e9m da convoca\u00e7\u00e3o de novas elei\u00e7\u00f5es no estado.\n<\/p><\/div>\n<p><\/a><\/p>\n<p>Fonte: temporealrj.com<\/p>\n","protected":false},"excerpt":{"rendered":"<p>A presidente do Tribunal Superior Eleitoral (TSE), ministra C\u00e1rmen L\u00facia, marcou para o dia 24 deste m\u00eas a retomada do julgamento do caso Ceperj, que pode levar \u00e0 cassa\u00e7\u00e3o do governador do Rio, Cl\u00e1udio Castro (PL), e do presidente afastado da Alerj, Rodrigo Bacellar (Uni\u00e3o). A vota\u00e7\u00e3o foi interrompida nesta ter\u00e7a-feira (10) ap\u00f3s o pedido [&hellip;]<\/p>\n","protected":false},"author":3,"featured_media":8007,"comment_status":"open","ping_status":"open","sticky":false,"template":"","format":"standard","meta":{"advanced_seo_description":"","jetpack_seo_html_title":"","jetpack_seo_noindex":false,"fifu_image_url":"https:\/\/temporealrj.com\/wp-content\/uploads\/2026\/03\/WhatsApp-Image-2026-03-10-at-19.36.08-e1773185508533.jpeg","fifu_image_alt":"","_jetpack_memberships_contains_paid_content":false,"footnotes":"","jetpack_publicize_message":"","jetpack_publicize_feature_enabled":true,"jetpack_social_post_already_shared":true,"jetpack_social_options":{"image_generator_settings":{"template":"highway","default_image_id":0,"font":"","enabled":false},"version":2}},"categories":[107],"tags":[],"class_list":{"0":"post-8006","1":"post","2":"type-post","3":"status-publish","4":"format-standard","5":"has-post-thumbnail","7":"category-economia"},"jetpack_publicize_connections":[],"jetpack_featured_media_url":"https:\/\/i0.wp.com\/temporealrj.com\/wp-content\/uploads\/2026\/03\/WhatsApp-Image-2026-03-10-at-19.36.08-e1773185508533.jpeg?fit=%2C&ssl=1","jetpack_sharing_enabled":true,"jetpack-related-posts":[],"_links":{"self":[{"href":"https:\/\/friburgonoticias.com.br\/temp\/wp-json\/wp\/v2\/posts\/8006","targetHints":{"allow":["GET"]}}],"collection":[{"href":"https:\/\/friburgonoticias.com.br\/temp\/wp-json\/wp\/v2\/posts"}],"about":[{"href":"https:\/\/friburgonoticias.com.br\/temp\/wp-json\/wp\/v2\/types\/post"}],"author":[{"embeddable":true,"href":"https:\/\/friburgonoticias.com.br\/temp\/wp-json\/wp\/v2\/users\/3"}],"replies":[{"embeddable":true,"href":"https:\/\/friburgonoticias.com.br\/temp\/wp-json\/wp\/v2\/comments?post=8006"}],"version-history":[{"count":0,"href":"https:\/\/friburgonoticias.com.br\/temp\/wp-json\/wp\/v2\/posts\/8006\/revisions"}],"wp:featuredmedia":[{"embeddable":true,"href":"https:\/\/friburgonoticias.com.br\/temp\/wp-json\/wp\/v2\/media\/8007"}],"wp:attachment":[{"href":"https:\/\/friburgonoticias.com.br\/temp\/wp-json\/wp\/v2\/media?parent=8006"}],"wp:term":[{"taxonomy":"category","embeddable":true,"href":"https:\/\/friburgonoticias.com.br\/temp\/wp-json\/wp\/v2\/categories?post=8006"},{"taxonomy":"post_tag","embeddable":true,"href":"https:\/\/friburgonoticias.com.br\/temp\/wp-json\/wp\/v2\/tags?post=8006"}],"curies":[{"name":"wp","href":"https:\/\/api.w.org\/{rel}","templated":true}]}}