{"id":8008,"date":"2026-03-11T01:22:47","date_gmt":"2026-03-11T01:22:47","guid":{"rendered":"https:\/\/friburgonoticias.com.br\/temp\/2026\/03\/11\/camara-aprova-projeto-que-restringe-divulgacao-de-imagens-de-vitimas-de-crime-ou-de-acidente-noticias\/"},"modified":"2026-03-11T01:22:47","modified_gmt":"2026-03-11T01:22:47","slug":"camara-aprova-projeto-que-restringe-divulgacao-de-imagens-de-vitimas-de-crime-ou-de-acidente-noticias","status":"publish","type":"post","link":"https:\/\/friburgonoticias.com.br\/temp\/2026\/03\/11\/camara-aprova-projeto-que-restringe-divulgacao-de-imagens-de-vitimas-de-crime-ou-de-acidente-noticias\/","title":{"rendered":"C\u00e2mara aprova projeto que restringe divulga\u00e7\u00e3o de imagens de v\u00edtimas de crime ou de acidente &#8211; Not\u00edcias"},"content":{"rendered":"<p><\/p>\n<div>\n<p class=\"g-artigo__data-hora\">\n                      10\/03\/2026 &#8211; 21:16 \u00a0\n                    <\/p>\n<div id=\"image-container-1252191\" class=\"image-container\" style=\"float: none; margin: 45px 0px; width: 100%;\" data-midia=\"1252191\">\n        <em>Vinicius Loures\/C\u00e2mara dos Deputados<\/em><\/p>\n<p>        Laura Carneiro, autora do projeto de lei\n        <\/p><\/div>\n<p>        A C\u00e2mara dos Deputados aprovou projeto de lei que pro\u00edbe a divulga\u00e7\u00e3o de imagem da v\u00edtima de crime ou acidente sem o seu consentimento, inclusive por meios de comunica\u00e7\u00e3o. A proposta ser\u00e1 enviada ao Senado.<br \/>\n        De autoria da deputada Laura Carneiro (PSD-RJ), o Projeto de Lei 9600\/18 foi aprovado nesta ter\u00e7a-feira (10) com <span id=\"4098\" class=\"termoGlossario\" title=\"Nome que se d\u00e1 ao texto que altera substancialmente o conte\u00fado original da proposta. O substitutivo \u00e9 apresentado pelo relator e tem prefer\u00eancia na vota\u00e7\u00e3o sobre o projeto original.\" contenteditable=\"false\" data-toggle=\"tooltip\" data-placement=\"top\">substitutivo<\/span> da Comiss\u00e3o de Constitui\u00e7\u00e3o e Justi\u00e7a e de Cidadania (CCJ), elaborado pelo deputado Diego Coronel (PSD-BA).<br \/>\n        As mudan\u00e7as previstas no projeto ocorrer\u00e3o no C\u00f3digo Civil e no C\u00f3digo Penal, onde o texto estabelece penas leves de <span id=\"4303\" class=\"termoGlossario\" title=\"A reclus\u00e3o \u00e9 a mais severa entre as penas privativas de liberdade. Destina-se a crimes dolosos (com inten\u00e7\u00e3o).\" contenteditable=\"false\" data-toggle=\"tooltip\" data-placement=\"top\">reclus\u00e3o<\/span> e multa.<br \/>\n        Atualmente, o C\u00f3digo Civil permite que a pessoa interessada pro\u00edba a divulga\u00e7\u00e3o de escritos, \u00e1udios, v\u00eddeos ou imagem a seu requerimento, sem preju\u00edzo da indeniza\u00e7\u00e3o que venha a obter quando isso \u201clhe atingir a honra, a boa fama ou a respeitabilidade ou se se destinarem a fins comerciais\u201d. Outros casos de restri\u00e7\u00e3o existentes s\u00e3o o sigilo de Justi\u00e7a e a manuten\u00e7\u00e3o da ordem p\u00fablica.<br \/>\n        Com o projeto, essa proibi\u00e7\u00e3o a pedido passar\u00e1 a incluir a divulga\u00e7\u00e3o de imagem que identifica a v\u00edtima de crime ou de acidente.<br \/>\n        A proibi\u00e7\u00e3o ser\u00e1 aplicada a qualquer pessoa ou meio de comunica\u00e7\u00e3o, inclusive na internet, \u201cressalvada a divulga\u00e7\u00e3o de fatos e informa\u00e7\u00f5es de interesse p\u00fablico relevantes\u201d.<br \/>\n        Um <span id=\"4027\" class=\"termoGlossario\" title=\"Pedido feito por deputado ou l\u00edder de partido para votar, de forma separada, emenda ou parte do texto. A vota\u00e7\u00e3o ocorre ap\u00f3s a aprova\u00e7\u00e3o do texto principal.\" contenteditable=\"false\" data-toggle=\"tooltip\" data-placement=\"top\">destaque<\/span> do PL excluiu express\u00e3o que restringia essa divulga\u00e7\u00e3o apenas aos ve\u00edculos de imprensa.<br \/>\n        No caso de pessoa morta ou ausente, a legitimidade para pedir a proibi\u00e7\u00e3o continua a ser dos ascendentes (pais, por exemplo) ou descendentes (filhos, por exemplo).<br \/>\n        <strong>Penas<\/strong><br \/>Em rela\u00e7\u00e3o ao C\u00f3digo Penal, no cap\u00edtulo dos crimes contra a honra, o texto aprovado tipifica como crime, sujeito a reclus\u00e3o de 1 a 3 anos e multa, a divulga\u00e7\u00e3o, sem consentimento da v\u00edtima ou do respons\u00e1vel legal, de imagem que identifica a v\u00edtima de crime ou de acidente, por qualquer pessoa ou meio de comunica\u00e7\u00e3o.<br \/>\n        J\u00e1 no cap\u00edtulo sobre crimes contra o respeito aos mortos, igual pena \u00e9 atribu\u00edda a qualquer pessoa ou meio de comunica\u00e7\u00e3o que fotografar, filmar e divulgar a imagem que identifica o cad\u00e1ver.<br \/>\n        Em ambos os casos, o texto diz que n\u00e3o h\u00e1 crime na divulga\u00e7\u00e3o de fatos e informa\u00e7\u00f5es de interesse p\u00fablico relevantes pelos ve\u00edculos de imprensa.<br \/>\n        <strong>Imagens de aut\u00f3psia<\/strong><br \/>A deputada Soraya Santos (PL-RJ) criticou o uso de imagens de aut\u00f3psia em reportagens, como ocorreu com o cantor Cristiano Ara\u00fajo, morto em acidente de carro em 2015. &#8220;A foto que foi feita das v\u00edsceras dele na aut\u00f3psia n\u00e3o tem interesse p\u00fablico, e isso precisa ser arrancado&#8221;, disse ela. &#8220;Precis\u00e1vamos dizer o que \u00e9 ou n\u00e3o de interesse p\u00fablico, e o que se sobrep\u00f5e \u00e9 a dignidade da vida&#8221;, defendeu.<br \/>\n        Soraya Santos agradeceu \u00e0 deputada Laura Carneiro por ter aceitado retirar do texto a divulga\u00e7\u00e3o apenas \u00e0 imprensa. &#8220;\u00c9 para qualquer pessoa que se comunique, eu como parlamentar, uma pessoa que \u00e9 influencer. A gente abre para todo mundo para chamar a aten\u00e7\u00e3o dessa responsabilidade&#8221;, disse.<br \/>\n        Para a autora, deputada Laura Carneiro, o texto vai garantir \u00e0s pessoas v\u00edtimas, minimamente, dignidade de n\u00e3o ter seu corpo exposto.<br \/>\n        <a href=\"https:\/\/www.camara.leg.br\/noticias\/573454-SAIBA-MAIS-SOBRE-A-TRAMITACAO-DE-PROJETOS-DE-LEI\">Saiba mais sobre a tramita\u00e7\u00e3o de projetos de lei<\/a><\/p>\n<p style=\"font-size: 0.8rem; font-weight: 700;\">Reportagem \u2013 Eduardo Piovesan e Tiago Miranda<br \/>Edi\u00e7\u00e3o \u2013 Pierre Triboli<\/p>\n<\/p><\/div>\n<p><\/a><\/p>\n<p>Fonte: www.camara.leg.br<\/p>\n","protected":false},"excerpt":{"rendered":"<p>10\/03\/2026 &#8211; 21:16 \u00a0 Vinicius Loures\/C\u00e2mara dos Deputados Laura Carneiro, autora do projeto de lei A C\u00e2mara dos Deputados aprovou projeto de lei que pro\u00edbe a divulga\u00e7\u00e3o de imagem da v\u00edtima de crime ou acidente sem o seu consentimento, inclusive por meios de comunica\u00e7\u00e3o. A proposta ser\u00e1 enviada ao Senado. De autoria da deputada Laura [&hellip;]<\/p>\n","protected":false},"author":3,"featured_media":8009,"comment_status":"open","ping_status":"open","sticky":false,"template":"","format":"standard","meta":{"advanced_seo_description":"","jetpack_seo_html_title":"","jetpack_seo_noindex":false,"fifu_image_url":"https:\/\/www.camara.leg.br\/midias\/image\/2026\/03\/img20260310183152968-768x474.jpg","fifu_image_alt":"","_jetpack_memberships_contains_paid_content":false,"footnotes":"","jetpack_publicize_message":"","jetpack_publicize_feature_enabled":true,"jetpack_social_post_already_shared":true,"jetpack_social_options":{"image_generator_settings":{"template":"highway","default_image_id":0,"font":"","enabled":false},"version":2}},"categories":[106,1],"tags":[],"class_list":{"0":"post-8008","1":"post","2":"type-post","3":"status-publish","4":"format-standard","5":"has-post-thumbnail","7":"category-politica","8":"category-uncategorized"},"jetpack_publicize_connections":[],"jetpack_featured_media_url":"https:\/\/i0.wp.com\/www.camara.leg.br\/midias\/image\/2026\/03\/img20260310183152968-768x474.jpg?fit=%2C&ssl=1","jetpack_sharing_enabled":true,"jetpack-related-posts":[],"_links":{"self":[{"href":"https:\/\/friburgonoticias.com.br\/temp\/wp-json\/wp\/v2\/posts\/8008","targetHints":{"allow":["GET"]}}],"collection":[{"href":"https:\/\/friburgonoticias.com.br\/temp\/wp-json\/wp\/v2\/posts"}],"about":[{"href":"https:\/\/friburgonoticias.com.br\/temp\/wp-json\/wp\/v2\/types\/post"}],"author":[{"embeddable":true,"href":"https:\/\/friburgonoticias.com.br\/temp\/wp-json\/wp\/v2\/users\/3"}],"replies":[{"embeddable":true,"href":"https:\/\/friburgonoticias.com.br\/temp\/wp-json\/wp\/v2\/comments?post=8008"}],"version-history":[{"count":0,"href":"https:\/\/friburgonoticias.com.br\/temp\/wp-json\/wp\/v2\/posts\/8008\/revisions"}],"wp:featuredmedia":[{"embeddable":true,"href":"https:\/\/friburgonoticias.com.br\/temp\/wp-json\/wp\/v2\/media\/8009"}],"wp:attachment":[{"href":"https:\/\/friburgonoticias.com.br\/temp\/wp-json\/wp\/v2\/media?parent=8008"}],"wp:term":[{"taxonomy":"category","embeddable":true,"href":"https:\/\/friburgonoticias.com.br\/temp\/wp-json\/wp\/v2\/categories?post=8008"},{"taxonomy":"post_tag","embeddable":true,"href":"https:\/\/friburgonoticias.com.br\/temp\/wp-json\/wp\/v2\/tags?post=8008"}],"curies":[{"name":"wp","href":"https:\/\/api.w.org\/{rel}","templated":true}]}}