{"id":8020,"date":"2026-03-11T15:23:15","date_gmt":"2026-03-11T15:23:15","guid":{"rendered":"https:\/\/friburgonoticias.com.br\/temp\/2026\/03\/11\/presidente-afastado-da-alerj-rodrigo-bacellar-pede-nova-licenca-do-mandato\/"},"modified":"2026-03-11T15:23:15","modified_gmt":"2026-03-11T15:23:15","slug":"presidente-afastado-da-alerj-rodrigo-bacellar-pede-nova-licenca-do-mandato","status":"publish","type":"post","link":"https:\/\/friburgonoticias.com.br\/temp\/2026\/03\/11\/presidente-afastado-da-alerj-rodrigo-bacellar-pede-nova-licenca-do-mandato\/","title":{"rendered":"Presidente afastado da Alerj, Rodrigo Bacellar pede nova licen\u00e7a do mandato"},"content":{"rendered":"<p><\/p>\n<div itemprop=\"articleBody\">\nO presidente afastado da Assembleia Legislativa do Rio (Alerj), Rodrigo Bacellar (Uni\u00e3o), pediu uma nova licen\u00e7a do mandato de deputado para tratar de \u201cassuntos de car\u00e1ter particular\u201d. A decis\u00e3o foi publicada no Di\u00e1rio Oficial e prev\u00ea afastamento das 17h desta ter\u00e7a-feira (10) at\u00e9 o fim da quinta-feira (12).<\/p>\n<p>O per\u00edodo coincide com as sess\u00f5es plen\u00e1rias da casa. No entanto, a aus\u00eancia desta ter\u00e7a ser\u00e1 contabilizada, j\u00e1 que a licen\u00e7a s\u00f3 come\u00e7a a valer \u00e0s 17h, ap\u00f3s o final da sess\u00e3o. O parlamentar soma agora duas faltas em plen\u00e1rio e 28 dias de licen\u00e7a.<\/p>\n<p>Pelo regimento, deputados estaduais podem se ausentar por at\u00e9 120 dias por ano por motivos particulares.<\/p>\n<p>Bacellar est\u00e1 afastado da presid\u00eancia da Alerj por decis\u00e3o do Supremo Tribunal Federal (STF), no \u00e2mbito da Opera\u00e7\u00e3o Unha e Carne, que investiga suspeitas de liga\u00e7\u00e3o entre agentes p\u00fablicos e o crime organizado no estado.<\/p>\n<p>O deputado n\u00e3o aparece na Alerj desde antes da pris\u00e3o.<\/p>\n<h2 class=\"wp-block-heading\">Relat\u00f3rio da PF afirma que Bacellar liderava \u2018n\u00facleo pol\u00edtico\u2019 do CV<\/h2>\n<p>Desde o \u00faltimo pedido de licen\u00e7a, <a href=\"https:\/\/temporealrj.com\/pf-aponta-bacellar-nucleo-politico-cv\/\">um relat\u00f3rio da Pol\u00edcia Federal enviado ao STF trouxe novas acusa\u00e7\u00f5es contra o deputado<\/a>.<\/p>\n<p>No documento de 188 p\u00e1ginas, os investigadores afirmam que Bacellar exercia \u201ca lideran\u00e7a do n\u00facleo pol\u00edtico\u201d do Comando Vermelho. Segundo a corpora\u00e7\u00e3o, o parlamentar teria atuado como elo pol\u00edtico da fac\u00e7\u00e3o, oferecendo sustenta\u00e7\u00e3o institucional e prote\u00e7\u00e3o a interesses do grupo criminoso.<\/p>\n<p>De acordo com o relat\u00f3rio, o peso pol\u00edtico de Bacellar o teria colocado em \u201cposi\u00e7\u00e3o estrat\u00e9gica dentro da estrutura criminosa\u201d, permitindo inclusive o vazamento de informa\u00e7\u00f5es sobre opera\u00e7\u00f5es policiais.<\/p>\n<div class=\"wp-block-image\">\n<figure class=\"aligncenter size-full\"><img loading=\"lazy\" decoding=\"async\" width=\"636\" height=\"464\" src=\"https:\/\/temporealrj.com\/wp-content\/uploads\/2026\/03\/Captura-de-tela-2026-03-11-115642.png\" alt=\"Captura de tela 2026 03 11 115642\" class=\"wp-image-123008\" title=\"Presidente afastado da Alerj, Rodrigo Bacellar pede nova licen\u00e7a do mandato 62\" srcset=\"https:\/\/temporealrj.com\/wp-content\/uploads\/2026\/03\/Captura-de-tela-2026-03-11-115642.png 636w, https:\/\/temporealrj.com\/wp-content\/uploads\/2026\/03\/Captura-de-tela-2026-03-11-115642-300x219.png 300w\" sizes=\"auto, (max-width: 636px) 100vw, 636px\"\/><\/figure>\n<\/div>\n<\/div>\n<p><\/a><\/p>\n<p>Fonte: temporealrj.com<\/p>\n","protected":false},"excerpt":{"rendered":"<p>O presidente afastado da Assembleia Legislativa do Rio (Alerj), Rodrigo Bacellar (Uni\u00e3o), pediu uma nova licen\u00e7a do mandato de deputado para tratar de \u201cassuntos de car\u00e1ter particular\u201d. A decis\u00e3o foi publicada no Di\u00e1rio Oficial e prev\u00ea afastamento das 17h desta ter\u00e7a-feira (10) at\u00e9 o fim da quinta-feira (12). O per\u00edodo coincide com as sess\u00f5es plen\u00e1rias [&hellip;]<\/p>\n","protected":false},"author":3,"featured_media":8021,"comment_status":"open","ping_status":"open","sticky":false,"template":"","format":"standard","meta":{"advanced_seo_description":"","jetpack_seo_html_title":"","jetpack_seo_noindex":false,"fifu_image_url":"https:\/\/temporealrj.com\/wp-content\/uploads\/2025\/12\/WhatsApp-Image-2025-12-03-at-19.05.16-e1764799627904.jpeg","fifu_image_alt":"","_jetpack_memberships_contains_paid_content":false,"footnotes":"","jetpack_publicize_message":"","jetpack_publicize_feature_enabled":true,"jetpack_social_post_already_shared":true,"jetpack_social_options":{"image_generator_settings":{"template":"highway","default_image_id":0,"font":"","enabled":false},"version":2}},"categories":[107],"tags":[],"class_list":{"0":"post-8020","1":"post","2":"type-post","3":"status-publish","4":"format-standard","5":"has-post-thumbnail","7":"category-economia"},"jetpack_publicize_connections":[],"jetpack_featured_media_url":"https:\/\/i0.wp.com\/temporealrj.com\/wp-content\/uploads\/2025\/12\/WhatsApp-Image-2025-12-03-at-19.05.16-e1764799627904.jpeg?fit=%2C&ssl=1","jetpack_sharing_enabled":true,"jetpack-related-posts":[],"_links":{"self":[{"href":"https:\/\/friburgonoticias.com.br\/temp\/wp-json\/wp\/v2\/posts\/8020","targetHints":{"allow":["GET"]}}],"collection":[{"href":"https:\/\/friburgonoticias.com.br\/temp\/wp-json\/wp\/v2\/posts"}],"about":[{"href":"https:\/\/friburgonoticias.com.br\/temp\/wp-json\/wp\/v2\/types\/post"}],"author":[{"embeddable":true,"href":"https:\/\/friburgonoticias.com.br\/temp\/wp-json\/wp\/v2\/users\/3"}],"replies":[{"embeddable":true,"href":"https:\/\/friburgonoticias.com.br\/temp\/wp-json\/wp\/v2\/comments?post=8020"}],"version-history":[{"count":0,"href":"https:\/\/friburgonoticias.com.br\/temp\/wp-json\/wp\/v2\/posts\/8020\/revisions"}],"wp:featuredmedia":[{"embeddable":true,"href":"https:\/\/friburgonoticias.com.br\/temp\/wp-json\/wp\/v2\/media\/8021"}],"wp:attachment":[{"href":"https:\/\/friburgonoticias.com.br\/temp\/wp-json\/wp\/v2\/media?parent=8020"}],"wp:term":[{"taxonomy":"category","embeddable":true,"href":"https:\/\/friburgonoticias.com.br\/temp\/wp-json\/wp\/v2\/categories?post=8020"},{"taxonomy":"post_tag","embeddable":true,"href":"https:\/\/friburgonoticias.com.br\/temp\/wp-json\/wp\/v2\/tags?post=8020"}],"curies":[{"name":"wp","href":"https:\/\/api.w.org\/{rel}","templated":true}]}}