{"id":8022,"date":"2026-03-11T16:02:01","date_gmt":"2026-03-11T16:02:01","guid":{"rendered":"https:\/\/friburgonoticias.com.br\/temp\/2026\/03\/11\/comissao-da-alerj-aprova-projeto-que-acelera-eleicao-indireta-para-governador-partidos-terao-tres-dias-para-definir-seus-candidatos\/"},"modified":"2026-03-11T16:02:01","modified_gmt":"2026-03-11T16:02:01","slug":"comissao-da-alerj-aprova-projeto-que-acelera-eleicao-indireta-para-governador-partidos-terao-tres-dias-para-definir-seus-candidatos","status":"publish","type":"post","link":"https:\/\/friburgonoticias.com.br\/temp\/2026\/03\/11\/comissao-da-alerj-aprova-projeto-que-acelera-eleicao-indireta-para-governador-partidos-terao-tres-dias-para-definir-seus-candidatos\/","title":{"rendered":"Comiss\u00e3o da Alerj aprova projeto que acelera elei\u00e7\u00e3o indireta para governador; partidos ter\u00e3o tr\u00eas dias para definir seus candidatos"},"content":{"rendered":"<p><\/p>\n<div itemprop=\"articleBody\">\nA Comiss\u00e3o de Constitui\u00e7\u00e3o e Justi\u00e7a (CCJ) da Assembleia Legislativa do Rio (Alerj) aprovou, nesta quarta-feira (11), um projeto de resolu\u00e7\u00e3o que altera seu regimento interno para acelerar os processos legislativos \u2014 <a href=\"https:\/\/temporealrj.com\/lei-eleicao-indireta-governo-rj-castro\/\">e a poss\u00edvel elei\u00e7\u00e3o indireta do pr\u00f3ximo governador<\/a>.<\/p>\n<p>Caso a nova resolu\u00e7\u00e3o seja aprovada em plen\u00e1rio, os nomes dos candidatos \u00e0 elei\u00e7\u00e3o indireta dever\u00e3o ser recebidos pela Alerj em, no m\u00e1ximo, tr\u00eas dias \u00fateis, e os pareceres das comiss\u00f5es da casa dever\u00e3o ser apresentados em at\u00e9 tr\u00eas sess\u00f5es.<\/p>\n<p>Al\u00e9m disso, o resultado da vota\u00e7\u00e3o ser\u00e1 comunicado ao governador em exerc\u00edcio em at\u00e9 24 horas.<\/p>\n<h2 class=\"wp-block-heading\">Altera\u00e7\u00e3o define prazos curtos e uniformes para todas as etapas da elei\u00e7\u00e3o<\/h2>\n<p>Segundo a Mesa Diretora, a altera\u00e7\u00e3o n\u00e3o compromete o debate democr\u00e1tico nem as garantias das minorias, apenas garante que os procedimentos passam a ter prazos claros e uniformes:<\/p>\n<p>\u201cA padroniza\u00e7\u00e3o contribui para maior previsibilidade, racionaliza\u00e7\u00e3o dos trabalhos e fortalecimento da transpar\u00eancia, assegurando tratamento ison\u00f4mico \u00e0s proposi\u00e7\u00f5es e aos parlamentares\u201d, destaca a justificativa.\n<\/p><\/div>\n<p><\/a><\/p>\n<p>Fonte: temporealrj.com<\/p>\n","protected":false},"excerpt":{"rendered":"<p>A Comiss\u00e3o de Constitui\u00e7\u00e3o e Justi\u00e7a (CCJ) da Assembleia Legislativa do Rio (Alerj) aprovou, nesta quarta-feira (11), um projeto de resolu\u00e7\u00e3o que altera seu regimento interno para acelerar os processos legislativos \u2014 e a poss\u00edvel elei\u00e7\u00e3o indireta do pr\u00f3ximo governador. Caso a nova resolu\u00e7\u00e3o seja aprovada em plen\u00e1rio, os nomes dos candidatos \u00e0 elei\u00e7\u00e3o indireta [&hellip;]<\/p>\n","protected":false},"author":3,"featured_media":8023,"comment_status":"open","ping_status":"open","sticky":false,"template":"","format":"standard","meta":{"advanced_seo_description":"","jetpack_seo_html_title":"","jetpack_seo_noindex":false,"fifu_image_url":"https:\/\/temporealrj.com\/wp-content\/uploads\/2026\/02\/alerj-ccj1-e1770750272180.webp","fifu_image_alt":"","_jetpack_memberships_contains_paid_content":false,"footnotes":"","jetpack_publicize_message":"","jetpack_publicize_feature_enabled":true,"jetpack_social_post_already_shared":true,"jetpack_social_options":{"image_generator_settings":{"template":"highway","default_image_id":0,"font":"","enabled":false},"version":2}},"categories":[106,1],"tags":[],"class_list":{"0":"post-8022","1":"post","2":"type-post","3":"status-publish","4":"format-standard","5":"has-post-thumbnail","7":"category-politica","8":"category-uncategorized"},"jetpack_publicize_connections":[],"jetpack_featured_media_url":"https:\/\/i0.wp.com\/temporealrj.com\/wp-content\/uploads\/2026\/02\/alerj-ccj1-e1770750272180.webp?fit=%2C&ssl=1","jetpack_sharing_enabled":true,"jetpack-related-posts":[],"_links":{"self":[{"href":"https:\/\/friburgonoticias.com.br\/temp\/wp-json\/wp\/v2\/posts\/8022","targetHints":{"allow":["GET"]}}],"collection":[{"href":"https:\/\/friburgonoticias.com.br\/temp\/wp-json\/wp\/v2\/posts"}],"about":[{"href":"https:\/\/friburgonoticias.com.br\/temp\/wp-json\/wp\/v2\/types\/post"}],"author":[{"embeddable":true,"href":"https:\/\/friburgonoticias.com.br\/temp\/wp-json\/wp\/v2\/users\/3"}],"replies":[{"embeddable":true,"href":"https:\/\/friburgonoticias.com.br\/temp\/wp-json\/wp\/v2\/comments?post=8022"}],"version-history":[{"count":0,"href":"https:\/\/friburgonoticias.com.br\/temp\/wp-json\/wp\/v2\/posts\/8022\/revisions"}],"wp:featuredmedia":[{"embeddable":true,"href":"https:\/\/friburgonoticias.com.br\/temp\/wp-json\/wp\/v2\/media\/8023"}],"wp:attachment":[{"href":"https:\/\/friburgonoticias.com.br\/temp\/wp-json\/wp\/v2\/media?parent=8022"}],"wp:term":[{"taxonomy":"category","embeddable":true,"href":"https:\/\/friburgonoticias.com.br\/temp\/wp-json\/wp\/v2\/categories?post=8022"},{"taxonomy":"post_tag","embeddable":true,"href":"https:\/\/friburgonoticias.com.br\/temp\/wp-json\/wp\/v2\/tags?post=8022"}],"curies":[{"name":"wp","href":"https:\/\/api.w.org\/{rel}","templated":true}]}}