{"id":8036,"date":"2026-03-11T18:00:38","date_gmt":"2026-03-11T18:00:38","guid":{"rendered":"https:\/\/friburgonoticias.com.br\/temp\/2026\/03\/11\/sessao-solene-homenageia-memoria-de-marielle-franco-e-anderson-gomes-noticias\/"},"modified":"2026-03-11T18:00:38","modified_gmt":"2026-03-11T18:00:38","slug":"sessao-solene-homenageia-memoria-de-marielle-franco-e-anderson-gomes-noticias","status":"publish","type":"post","link":"https:\/\/friburgonoticias.com.br\/temp\/2026\/03\/11\/sessao-solene-homenageia-memoria-de-marielle-franco-e-anderson-gomes-noticias\/","title":{"rendered":"Sess\u00e3o solene homenageia mem\u00f3ria de Marielle Franco e Anderson Gomes &#8211; Not\u00edcias"},"content":{"rendered":"<p><\/p>\n<div>\n<p class=\"g-artigo__data-hora\">\n                      11\/03\/2026 &#8211; 14:52 \u00a0\n                    <\/p>\n<div id=\"image-container-1252524\" class=\"image-container\" style=\"float: none; margin: 45px 0px; width: 100%;\" data-midia=\"1252524\">\n        <em>Bruno Spada \/ C\u00e2mara dos Deputados<\/em><\/p>\n<p>        Tarc\u00edsio Motta: movimento social for\u00e7ou a elucida\u00e7\u00e3o do crime\n        <\/p><\/div>\n<p>        Em sess\u00e3o solene nesta quarta-feira (11), a C\u00e2mara dos Deputados prestou homenagem \u00e0 mem\u00f3ria da vereadora carioca Marielle Franco e a seu motorista, Anderson Gomes, oito anos ap\u00f3s o assassinato deles no Rio de Janeiro, em 14 de mar\u00e7o de 2018.<br \/>\n        O deputado Tarc\u00edsio Motta (Psol-RJ), colega de partido de Marielle, presidiu a sess\u00e3o. Ele afirmou que Marielle Franco representava uma &#8220;pedra no caminho&#8221; dos interesses econ\u00f4micos das mil\u00edcias.<br \/>\n        \u201cO julgamento dos mandantes no STF n\u00e3o deixava d\u00favidas sobre esses dois lados. Queriam tirar a pedra do caminho, mas queriam tamb\u00e9m impedir a semente de germinar. Esses dois lados do processo precisam ser encarados de forma conjunta. E a\u00ed temos a primeira derrota deles, dos assassinos&#8221;, observou.<br \/>\n        Tarc\u00edsio Motta lembrou que a primeira derrota dos assassinos de Marielle n\u00e3o veio com o julgamento de duas semanas atr\u00e1s. &#8220;A derrota deles foi que a semente germinou e nenhum de n\u00f3s se calou, porque os movimentos sociais tomaram as ruas e impediram que esse crime pol\u00edtico fosse mais um crime pol\u00edtico sem elucida\u00e7\u00e3o na sociedade brasileira\u201d, afirmou.<br \/>\n        O STF condenou, por unanimidade, em 25 de fevereiro, os mandantes e envolvidos no assassinato de Marielle Franco e do motorista Anderson Gomes. Os irm\u00e3os Domingos e Chiquinho Braz\u00e3o receberam penas de 76 anos de pris\u00e3o, enquanto outros tr\u00eas envolvidos tamb\u00e9m foram condenados por homic\u00eddio e obstru\u00e7\u00e3o de justi\u00e7a.<br \/>\n        <strong>Democracia<\/strong><br \/>Uma das autoras do requerimento para a realiza\u00e7\u00e3o da sess\u00e3o solene, a deputada Tal\u00edria Petrone (Psol-RJ) afirmou que a sess\u00e3o ocorre em momento importante para a democracia, com a condena\u00e7\u00e3o dos mandantes dos assassinatos.<br \/>\n        &#8220;A condena\u00e7\u00e3o foi uma resposta, mas a justi\u00e7a n\u00e3o terminou com a condena\u00e7\u00e3o dos mandantes, apesar de ter sido uma resposta fundamental \u00e0 democracia&#8221;, ressaltou a vi\u00fava de Marielle Franco, M\u00f4nica Ben\u00edcio.<br \/>\n        J\u00e1 a ministra de Igualdade Racial, Anielle Franco, que \u00e9 irm\u00e3 de Marielle, afirmou que o projeto pol\u00edtico de prote\u00e7\u00e3o \u00e0s mulheres precisa se tornar realidade.<br \/>\n        \u201cN\u00e3o adianta tentar fazer com que a viol\u00eancia possa nos calar. N\u00e3o adianta fazer como fizeram com Marielle. N\u00e3o adianta fazer como todas as viol\u00eancias que t\u00eam nos assolado neste pa\u00eds, como foi, infelizmente, esse estupro coletivo&#8221;, disse a ministra, em refer\u00eancia ao crime ocorrido no Rio de Janeiro recentemente, onde cinco homens (quatro adultos e um adolescente) foram acusados de estuprar uma adolescente de 17 anos.<\/p>\n<div id=\"image-container-1252531\" class=\"image-container\" style=\"float: none; margin: 45px 0px; width: 100%;\" data-midia=\"1252531\">\n        <em>Bruno Spada \/ C\u00e2mara dos Deputados<\/em><\/p>\n<p>        Ministra Anielle Franco, irm\u00e3 de Marielle, que participou da sess\u00e3o de homenagem\n        <\/p><\/div>\n<p>        <strong>Justi\u00e7a<\/strong><br \/>A vi\u00fava de Anderson Gomes, Agatha Arnaus Reis, participou virtualmente da sess\u00e3o solene. Ela afirmou que a justi\u00e7a tornou a sensa\u00e7\u00e3o de esperan\u00e7a um sentimento concreto.<br \/>\n        \u201cO caminho foi aberto para que o Brasil possa olhar com mais coragem, para que a quest\u00e3o possa ser resolvida. E n\u00e3o pode ser um compromisso s\u00f3 no passado, s\u00f3 com ele, \u00e9 uma tarefa do presente. O que come\u00e7ou em 2018 s\u00f3 abriu a porta de algo muito maior&#8221;, disse Agatha.<br \/>\n        Presente \u00e0 sess\u00e3o, a ministra interina das Mulheres, Eut\u00e1lia Barbosa, afirmou que Marielle transformou sua hist\u00f3ria em trincheira de luta e dignidade.<br \/>\n        J\u00e1 a secret\u00e1ria-executiva do Minist\u00e9rio dos Direitos Humanos, Janine Mello, disse que a luta pela mem\u00f3ria de Marielle e Anderson n\u00e3o pode se limitar \u00e0 responsabiliza\u00e7\u00e3o criminal, mas requer a pactua\u00e7\u00e3o entre todos de que um crime como esse n\u00e3o seja mais aceito.<br \/>\n        Janine Mello destacou a necessidade de fazer avan\u00e7ar a agenda da prote\u00e7\u00e3o dos defensores de direitos humanos e da luta contra o fim da viol\u00eancia pol\u00edtica de g\u00eanero e de ra\u00e7a.<\/p>\n<p style=\"font-size: 0.8rem; font-weight: 700;\">Reportagem \u2013  Luiz Cl\u00e1udio Canuto<br \/>Edi\u00e7\u00e3o \u2013 Roberto Seabra<\/p>\n<\/p><\/div>\n<p><\/a><\/p>\n<p>Fonte: www.camara.leg.br<\/p>\n","protected":false},"excerpt":{"rendered":"<p>11\/03\/2026 &#8211; 14:52 \u00a0 Bruno Spada \/ C\u00e2mara dos Deputados Tarc\u00edsio Motta: movimento social for\u00e7ou a elucida\u00e7\u00e3o do crime Em sess\u00e3o solene nesta quarta-feira (11), a C\u00e2mara dos Deputados prestou homenagem \u00e0 mem\u00f3ria da vereadora carioca Marielle Franco e a seu motorista, Anderson Gomes, oito anos ap\u00f3s o assassinato deles no Rio de Janeiro, em [&hellip;]<\/p>\n","protected":false},"author":3,"featured_media":8037,"comment_status":"open","ping_status":"open","sticky":false,"template":"","format":"standard","meta":{"advanced_seo_description":"","jetpack_seo_html_title":"","jetpack_seo_noindex":false,"fifu_image_url":"https:\/\/www.camara.leg.br\/midias\/image\/2026\/03\/img20260311115753271-768x473.jpg","fifu_image_alt":"","_jetpack_memberships_contains_paid_content":false,"footnotes":"","jetpack_publicize_message":"","jetpack_publicize_feature_enabled":true,"jetpack_social_post_already_shared":true,"jetpack_social_options":{"image_generator_settings":{"template":"highway","default_image_id":0,"font":"","enabled":false},"version":2}},"categories":[106,1],"tags":[],"class_list":{"0":"post-8036","1":"post","2":"type-post","3":"status-publish","4":"format-standard","5":"has-post-thumbnail","7":"category-politica","8":"category-uncategorized"},"jetpack_publicize_connections":[],"jetpack_featured_media_url":"https:\/\/i0.wp.com\/www.camara.leg.br\/midias\/image\/2026\/03\/img20260311115753271-768x473.jpg?fit=%2C&ssl=1","jetpack_sharing_enabled":true,"jetpack-related-posts":[],"_links":{"self":[{"href":"https:\/\/friburgonoticias.com.br\/temp\/wp-json\/wp\/v2\/posts\/8036","targetHints":{"allow":["GET"]}}],"collection":[{"href":"https:\/\/friburgonoticias.com.br\/temp\/wp-json\/wp\/v2\/posts"}],"about":[{"href":"https:\/\/friburgonoticias.com.br\/temp\/wp-json\/wp\/v2\/types\/post"}],"author":[{"embeddable":true,"href":"https:\/\/friburgonoticias.com.br\/temp\/wp-json\/wp\/v2\/users\/3"}],"replies":[{"embeddable":true,"href":"https:\/\/friburgonoticias.com.br\/temp\/wp-json\/wp\/v2\/comments?post=8036"}],"version-history":[{"count":0,"href":"https:\/\/friburgonoticias.com.br\/temp\/wp-json\/wp\/v2\/posts\/8036\/revisions"}],"wp:featuredmedia":[{"embeddable":true,"href":"https:\/\/friburgonoticias.com.br\/temp\/wp-json\/wp\/v2\/media\/8037"}],"wp:attachment":[{"href":"https:\/\/friburgonoticias.com.br\/temp\/wp-json\/wp\/v2\/media?parent=8036"}],"wp:term":[{"taxonomy":"category","embeddable":true,"href":"https:\/\/friburgonoticias.com.br\/temp\/wp-json\/wp\/v2\/categories?post=8036"},{"taxonomy":"post_tag","embeddable":true,"href":"https:\/\/friburgonoticias.com.br\/temp\/wp-json\/wp\/v2\/tags?post=8036"}],"curies":[{"name":"wp","href":"https:\/\/api.w.org\/{rel}","templated":true}]}}