{"id":8048,"date":"2026-03-11T20:58:20","date_gmt":"2026-03-11T20:58:20","guid":{"rendered":"https:\/\/friburgonoticias.com.br\/temp\/2026\/03\/11\/erika-hilton-e-eleita-presidente-da-comissao-dos-direitos-da-mulher-em-votacao-polemica-noticias\/"},"modified":"2026-03-11T20:58:20","modified_gmt":"2026-03-11T20:58:20","slug":"erika-hilton-e-eleita-presidente-da-comissao-dos-direitos-da-mulher-em-votacao-polemica-noticias","status":"publish","type":"post","link":"https:\/\/friburgonoticias.com.br\/temp\/2026\/03\/11\/erika-hilton-e-eleita-presidente-da-comissao-dos-direitos-da-mulher-em-votacao-polemica-noticias\/","title":{"rendered":"Erika Hilton \u00e9 eleita presidente da Comiss\u00e3o dos Direitos da Mulher em vota\u00e7\u00e3o pol\u00eamica &#8211; Not\u00edcias"},"content":{"rendered":"<p><\/p>\n<div>\n<p class=\"g-artigo__data-hora\">\n                      11\/03\/2026 &#8211; 17:56 \u00a0\n                    <\/p>\n<div id=\"image-container-1252633\" class=\"image-container\" style=\"float: none; margin: 45px 0px; width: 100%;\" data-midia=\"1252633\">\n        <em>Kayo Magalh\u00e3es \/ C\u00e2mara dos Deputados<\/em><\/p>\n<p>        Erika Hilton: &#8220;Minha gest\u00e3o tratar\u00e1 de todas as mulheres&#8221;\n        <\/p><\/div>\n<p>        A Comiss\u00e3o de Defesa dos Direitos da Mulher da C\u00e2mara dos Deputados elegeu, nesta quarta-feira (11), a deputada Erika Hilton (Psol-SP) para presidir o colegiado neste ano. Ela recebeu 11 votos, e houve dez votos em branco. Ela substitui a deputada C\u00e9lia Xakriab\u00e1 (Psol-MG).<br \/>\n        No discurso de posse, ela lembrou que \u00e9 a primeira mulher trans a presidir a comiss\u00e3o. Ela disse que pretende conduzir a gest\u00e3o com di\u00e1logo e defesa dos direitos das mulheres.<br \/>\n        \u201cEsta presid\u00eancia n\u00e3o \u00e9 apenas um nome, \u00e9 o s\u00edmbolo de uma democracia que se expande. Minha gest\u00e3o tratar\u00e1 de todas as mulheres: das m\u00e3es solo, das mulheres trabalhadoras, das mulheres negras, ind\u00edgenas e das que lutam por sobreviv\u00eancia e dignidade em todos os cantos deste pa\u00eds\u201d, declarou.<br \/>\n        <strong>Vota\u00e7\u00e3o<\/strong><br \/>A comiss\u00e3o tamb\u00e9m elegeu Laura Carneiro (PSD-RJ) para 1\u00aa vice-presidente; Delegada Adriana Accorsi (PT-GO) para 2\u00aa vice-presidente; e Socorro Neri (PP-AC) para 3\u00aa vice-presidente. Todas elas receberam 11 votos, e houve dez votos em branco para cada cargo.<br \/>\n        Entre as prioridades anunciadas pela nova gest\u00e3o est\u00e3o:<\/p>\n<ul>\n<li>fiscalizar a rede de prote\u00e7\u00e3o e as Casas da Mulher Brasileira;<\/li>\n<li>enfrentar a viol\u00eancia pol\u00edtica de g\u00eanero;<\/li>\n<li>promover pol\u00edticas de sa\u00fade integral para as mulheres.<\/li>\n<\/ul>\n<div id=\"image-container-1252653\" class=\"image-container\" style=\"float: none; margin: 45px 0px; width: 100%;\" data-midia=\"1252653\">\n        <em>Kayo Magalh\u00e3es \/ C\u00e2mara dos Deputados<\/em><\/p>\n<p>        Chris Tonietto lamentou a elei\u00e7\u00e3o de Erika Hilton\n        <\/p><\/div>\n<p>        <strong>Cr\u00edticas da oposi\u00e7\u00e3o<br \/><\/strong>Deputadas de oposi\u00e7\u00e3o lamentaram a elei\u00e7\u00e3o de Erika Hilton e afirmaram que a comiss\u00e3o deveria ser presidida por uma mulher cisg\u00eanero. Elas tamb\u00e9m criticaram o que chamaram de \u201cideologiza\u00e7\u00e3o\u201d da comiss\u00e3o.<br \/>\n        \u201cN\u00e3o podemos concordar com a entrega desta comiss\u00e3o, que deveria zelar pela dignidade da mulher, da vida e da fam\u00edlia, a uma pauta que desvirtua a pr\u00f3pria ess\u00eancia feminina\u201d, disse Chris Tonietto (PL-RJ).<br \/>\n        A deputada Clarissa T\u00e9rcio (PP-PE) afirmou que a presid\u00eancia da comiss\u00e3o deveria ser ocupada por uma &#8220;mulher de fato&#8221;. Para ela, a escolha de Erika Hilton representa um retrocesso para a pauta feminina e uma afronta aos valores que ela defende como representante de um segmento conservador.<br \/>\n        &#8220;N\u00f3s n\u00e3o podemos nos calar diante do que estamos vendo. Esta comiss\u00e3o \u00e9 das mulheres, e n\u00f3s queremos ser representadas por mulheres de verdade, que entendem a nossa natureza e os nossos desafios biol\u00f3gicos&#8221;, declarou.<\/p>\n<div id=\"image-container-1252654\" class=\"image-container\" style=\"float: none; margin: 45px 0px; width: 100%;\" data-midia=\"1252654\">\n        <em>Kayo Magalh\u00e3es \/ C\u00e2mara dos Deputados<\/em><\/p>\n<p>        Laura Carneiro enfatizou que o foco do trabalho deve ser a vida das mulheres brasileiras, independentemente de ideologias\n        <\/p><\/div>\n<p>        <strong>Pluralidade<\/strong><br \/>A deputada Laura Carneiro, eleita 1\u00aa vice-presidente, enfatizou que o foco do trabalho deve ser a vida das mulheres brasileiras, independentemente de ideologias.<br \/>\n        &#8220;Esta comiss\u00e3o tem uma hist\u00f3ria de muitas lutas e conquistas. Como vice-presidente, meu compromisso \u00e9 trabalhar ao lado da presid\u00eancia e de todas as colegas para que o nosso foco seja um s\u00f3: o direito e a dignidade de cada mulher deste Pa\u00eds&#8221;, afirmou.<br \/>\n        A deputada Erika Kokay (PT-DF) destacou a instala\u00e7\u00e3o do colegiado como um momento de resist\u00eancia. Ela defendeu a legitimidade da presid\u00eancia eleita e criticou as tentativas de interditar o debate por meio de preconceitos. Para a deputada, a comiss\u00e3o deve ser um espa\u00e7o que acolha a diversidade de todas as mulheres brasileiras, sem exclus\u00f5es.<br \/>\n        &#8220;N\u00f3s n\u00e3o vamos aceitar que esta Casa seja palco para o \u00f3dio. Esta comiss\u00e3o trabalhar\u00e1 pela vida das mulheres, pela igualdade e, sobretudo, para que o Estado Brasileiro cumpra o seu papel de proteger quem est\u00e1 em vulnerabilidade&#8221;, disse Kokay.<\/p>\n<p style=\"font-size: 0.8rem; font-weight: 700;\">Da Reda\u00e7\u00e3o &#8211; GM<\/p>\n<\/p><\/div>\n<p><\/a><\/p>\n<p>Fonte: www.camara.leg.br<\/p>\n","protected":false},"excerpt":{"rendered":"<p>11\/03\/2026 &#8211; 17:56 \u00a0 Kayo Magalh\u00e3es \/ C\u00e2mara dos Deputados Erika Hilton: &#8220;Minha gest\u00e3o tratar\u00e1 de todas as mulheres&#8221; A Comiss\u00e3o de Defesa dos Direitos da Mulher da C\u00e2mara dos Deputados elegeu, nesta quarta-feira (11), a deputada Erika Hilton (Psol-SP) para presidir o colegiado neste ano. Ela recebeu 11 votos, e houve dez votos em [&hellip;]<\/p>\n","protected":false},"author":3,"featured_media":8049,"comment_status":"open","ping_status":"open","sticky":false,"template":"","format":"standard","meta":{"advanced_seo_description":"","jetpack_seo_html_title":"","jetpack_seo_noindex":false,"fifu_image_url":"https:\/\/www.camara.leg.br\/midias\/image\/2026\/03\/img20260311151549141-768x473.jpg","fifu_image_alt":"","_jetpack_memberships_contains_paid_content":false,"footnotes":"","jetpack_publicize_message":"","jetpack_publicize_feature_enabled":true,"jetpack_social_post_already_shared":true,"jetpack_social_options":{"image_generator_settings":{"template":"highway","default_image_id":0,"font":"","enabled":false},"version":2}},"categories":[106,1],"tags":[],"class_list":{"0":"post-8048","1":"post","2":"type-post","3":"status-publish","4":"format-standard","5":"has-post-thumbnail","7":"category-politica","8":"category-uncategorized"},"jetpack_publicize_connections":[],"jetpack_featured_media_url":"https:\/\/i0.wp.com\/www.camara.leg.br\/midias\/image\/2026\/03\/img20260311151549141-768x473.jpg?fit=%2C&ssl=1","jetpack_sharing_enabled":true,"jetpack-related-posts":[],"_links":{"self":[{"href":"https:\/\/friburgonoticias.com.br\/temp\/wp-json\/wp\/v2\/posts\/8048","targetHints":{"allow":["GET"]}}],"collection":[{"href":"https:\/\/friburgonoticias.com.br\/temp\/wp-json\/wp\/v2\/posts"}],"about":[{"href":"https:\/\/friburgonoticias.com.br\/temp\/wp-json\/wp\/v2\/types\/post"}],"author":[{"embeddable":true,"href":"https:\/\/friburgonoticias.com.br\/temp\/wp-json\/wp\/v2\/users\/3"}],"replies":[{"embeddable":true,"href":"https:\/\/friburgonoticias.com.br\/temp\/wp-json\/wp\/v2\/comments?post=8048"}],"version-history":[{"count":0,"href":"https:\/\/friburgonoticias.com.br\/temp\/wp-json\/wp\/v2\/posts\/8048\/revisions"}],"wp:featuredmedia":[{"embeddable":true,"href":"https:\/\/friburgonoticias.com.br\/temp\/wp-json\/wp\/v2\/media\/8049"}],"wp:attachment":[{"href":"https:\/\/friburgonoticias.com.br\/temp\/wp-json\/wp\/v2\/media?parent=8048"}],"wp:term":[{"taxonomy":"category","embeddable":true,"href":"https:\/\/friburgonoticias.com.br\/temp\/wp-json\/wp\/v2\/categories?post=8048"},{"taxonomy":"post_tag","embeddable":true,"href":"https:\/\/friburgonoticias.com.br\/temp\/wp-json\/wp\/v2\/tags?post=8048"}],"curies":[{"name":"wp","href":"https:\/\/api.w.org\/{rel}","templated":true}]}}