{"id":8104,"date":"2026-03-12T23:26:31","date_gmt":"2026-03-12T23:26:31","guid":{"rendered":"https:\/\/friburgonoticias.com.br\/temp\/2026\/03\/12\/justica-do-rio-mantem-prisao-do-vereador-salvino-oliveira-defesa-entra-com-pedido-de-habeas-corpus\/"},"modified":"2026-03-12T23:26:31","modified_gmt":"2026-03-12T23:26:31","slug":"justica-do-rio-mantem-prisao-do-vereador-salvino-oliveira-defesa-entra-com-pedido-de-habeas-corpus","status":"publish","type":"post","link":"https:\/\/friburgonoticias.com.br\/temp\/2026\/03\/12\/justica-do-rio-mantem-prisao-do-vereador-salvino-oliveira-defesa-entra-com-pedido-de-habeas-corpus\/","title":{"rendered":"Justi\u00e7a do Rio mant\u00e9m pris\u00e3o do vereador Salvino Oliveira; defesa entra com pedido de habeas corpus"},"content":{"rendered":"<p><\/p>\n<div itemprop=\"articleBody\">\nA <a href=\"https:\/\/www.tjrj.jus.br\/\" target=\"_blank\" rel=\"noopener\">Justi\u00e7a do Rio<\/a> manteve a<a href=\"https:\/\/temporealrj.com\/quem-salvino-oliveira-preso-cv\/\"> pris\u00e3o do vereador Salvino Oliveira (PSD)<\/a> ap\u00f3s a audi\u00eancia de cust\u00f3dia nesta quinta-feira (12). Logo em seguida, a defesa entrou com pedido de habeas corpus em favor do parlamentar, acusado pela <a href=\"https:\/\/www.policiacivil.rj.gov.br\/\" target=\"_blank\" rel=\"noopener\">Pol\u00edcia Civil<\/a> de negociar quiosques na Gard\u00eania Azul para sua campanha eleitoral de 2024 com traficantes da comunidade.<\/p>\n<p>O pedido de habeas corpus ser\u00e1 analisado pela 7\u00aa C\u00e2mara Criminal do Tribunal de Justi\u00e7a do Rio (TJRJ), tendo como relator o desembargador Marcus Henrique Pinto Bas\u00edlio.<\/p>\n<p>Independentemente da decis\u00e3o, n\u00e3o est\u00e1 nos planos de Salvino pedir afastamento ou licen\u00e7a de seu mandato na<a href=\"https:\/\/www.camara.rio\/\" target=\"_blank\" rel=\"noopener\"> C\u00e2mara do Rio<\/a>. A opera\u00e7\u00e3o que levou \u00e0 sua pris\u00e3o ocorreu nesta quarta-feira (11) e, desde ent\u00e3o, ele n\u00e3o p\u00f4de comparecer a duas sess\u00f5es legislativas.<\/p>\n<h2 class=\"wp-block-heading\"><strong>Guerra pol\u00edtica entre Paes e Castro<\/strong><\/h2>\n<p>A a\u00e7\u00e3o deu o que falar entre os gigantes da pol\u00edtica fluminense. <a href=\"https:\/\/temporealrj.com\/lider-paes-ofensiva-castro\/\">A bancada do PSD na C\u00e2mara e o pr\u00f3prio prefeito Eduardo Paes sa\u00edram em defesa do colega<\/a>, que j\u00e1 foi secret\u00e1rio municipal de Juventude e foi eleito em 2024 com mais de 27 mil votos.<\/p>\n<p>O partido questiona as circunst\u00e2ncias, o \u201ccar\u00e1ter eleitoreiro\u201d e os argumentos usados para a pris\u00e3o de Salvino, com fortes <a href=\"https:\/\/temporealrj.com\/castro-salvino-paes-prefeitura-rio\/\">cr\u00edticas ao governador Cl\u00e1udio Castro (PL), que chegou a cham\u00e1-lo de \u201cbra\u00e7o direito do Comando Vermelho na Prefeitura do Rio\u201d<\/a>. A sigla tamb\u00e9m denuncia um suposto uso pol\u00edtico da Pol\u00edcia Civil para perseguir advers\u00e1rios.<\/p>\n<p>Do outro lado, o governador e o secret\u00e1rio de Pol\u00edcia Civil, Felipe Curi, rebateram as cr\u00edticas, afirmando que a <a href=\"https:\/\/temporealrj.com\/secretario-policia-civil-paes-salvino\/\">investiga\u00e7\u00e3o envolveu todas as esferas legais e teve in\u00edcio em 15 de outubro de 2024<\/a>. A c\u00fapula do Pal\u00e1cio Guanabara garante que todas as fases do processo foram seguidas corretamente e que o \u00f3rg\u00e3o \u201cn\u00e3o escolhe alvo por posi\u00e7\u00e3o pol\u00edtica\u201d.\n<\/div>\n<p><\/a><\/p>\n<p>Fonte: temporealrj.com<\/p>\n","protected":false},"excerpt":{"rendered":"<p>A Justi\u00e7a do Rio manteve a pris\u00e3o do vereador Salvino Oliveira (PSD) ap\u00f3s a audi\u00eancia de cust\u00f3dia nesta quinta-feira (12). Logo em seguida, a defesa entrou com pedido de habeas corpus em favor do parlamentar, acusado pela Pol\u00edcia Civil de negociar quiosques na Gard\u00eania Azul para sua campanha eleitoral de 2024 com traficantes da comunidade. [&hellip;]<\/p>\n","protected":false},"author":3,"featured_media":8105,"comment_status":"open","ping_status":"open","sticky":false,"template":"","format":"standard","meta":{"advanced_seo_description":"","jetpack_seo_html_title":"","jetpack_seo_noindex":false,"fifu_image_url":"https:\/\/temporealrj.com\/wp-content\/uploads\/2026\/03\/55130710939_7f9665a78d_o-1-scaled-e1773353143164.jpg","fifu_image_alt":"","_jetpack_memberships_contains_paid_content":false,"footnotes":"","jetpack_publicize_message":"","jetpack_publicize_feature_enabled":true,"jetpack_social_post_already_shared":true,"jetpack_social_options":{"image_generator_settings":{"template":"highway","default_image_id":0,"font":"","enabled":false},"version":2}},"categories":[107],"tags":[],"class_list":{"0":"post-8104","1":"post","2":"type-post","3":"status-publish","4":"format-standard","5":"has-post-thumbnail","7":"category-economia"},"jetpack_publicize_connections":[],"jetpack_featured_media_url":"https:\/\/i0.wp.com\/temporealrj.com\/wp-content\/uploads\/2026\/03\/55130710939_7f9665a78d_o-1-scaled-e1773353143164.jpg?fit=%2C&ssl=1","jetpack_sharing_enabled":true,"jetpack-related-posts":[],"_links":{"self":[{"href":"https:\/\/friburgonoticias.com.br\/temp\/wp-json\/wp\/v2\/posts\/8104","targetHints":{"allow":["GET"]}}],"collection":[{"href":"https:\/\/friburgonoticias.com.br\/temp\/wp-json\/wp\/v2\/posts"}],"about":[{"href":"https:\/\/friburgonoticias.com.br\/temp\/wp-json\/wp\/v2\/types\/post"}],"author":[{"embeddable":true,"href":"https:\/\/friburgonoticias.com.br\/temp\/wp-json\/wp\/v2\/users\/3"}],"replies":[{"embeddable":true,"href":"https:\/\/friburgonoticias.com.br\/temp\/wp-json\/wp\/v2\/comments?post=8104"}],"version-history":[{"count":0,"href":"https:\/\/friburgonoticias.com.br\/temp\/wp-json\/wp\/v2\/posts\/8104\/revisions"}],"wp:featuredmedia":[{"embeddable":true,"href":"https:\/\/friburgonoticias.com.br\/temp\/wp-json\/wp\/v2\/media\/8105"}],"wp:attachment":[{"href":"https:\/\/friburgonoticias.com.br\/temp\/wp-json\/wp\/v2\/media?parent=8104"}],"wp:term":[{"taxonomy":"category","embeddable":true,"href":"https:\/\/friburgonoticias.com.br\/temp\/wp-json\/wp\/v2\/categories?post=8104"},{"taxonomy":"post_tag","embeddable":true,"href":"https:\/\/friburgonoticias.com.br\/temp\/wp-json\/wp\/v2\/tags?post=8104"}],"curies":[{"name":"wp","href":"https:\/\/api.w.org\/{rel}","templated":true}]}}