{"id":8134,"date":"2026-03-13T21:46:35","date_gmt":"2026-03-13T21:46:35","guid":{"rendered":"https:\/\/friburgonoticias.com.br\/temp\/2026\/03\/13\/comissao-aprova-ressarcimento-automatico-a-previdencia-por-agressores-em-violencia-domestica-noticias\/"},"modified":"2026-03-13T21:46:35","modified_gmt":"2026-03-13T21:46:35","slug":"comissao-aprova-ressarcimento-automatico-a-previdencia-por-agressores-em-violencia-domestica-noticias","status":"publish","type":"post","link":"https:\/\/friburgonoticias.com.br\/temp\/2026\/03\/13\/comissao-aprova-ressarcimento-automatico-a-previdencia-por-agressores-em-violencia-domestica-noticias\/","title":{"rendered":"Comiss\u00e3o aprova ressarcimento autom\u00e1tico \u00e0 Previd\u00eancia por agressores em viol\u00eancia dom\u00e9stica &#8211; Not\u00edcias"},"content":{"rendered":"<p><\/p>\n<div>\n<p class=\"g-artigo__data-hora\">\n                      13\/03\/2026 &#8211; 18:36 \u00a0\n                    <\/p>\n<div id=\"image-container-1253749\" class=\"image-container\" style=\"float: none; margin: 45px 0px; width: 100%;\" data-midia=\"1253749\">\n        <em>Renato Ara\u00fajo \/ C\u00e2mara dos Deputados<\/em><\/p>\n<p>        Deputada Laura Carneiro, relatora do projeto na CCJ\n        <\/p><\/div>\n<p>        A Comiss\u00e3o de Constitui\u00e7\u00e3o e Justi\u00e7a e de Cidadania (CCJ) da C\u00e2mara dos Deputados aprovou proposta que facilita o ressarcimento, pelo agressor, de valores pagos em benef\u00edcios previdenci\u00e1rios concedidos \u00e0s v\u00edtimas em decorr\u00eancia de viol\u00eancia dom\u00e9stica e familiar, como o aux\u00edlio por incapacidade tempor\u00e1ria (antigo aux\u00edlio-doen\u00e7a).<br \/>\n        A Previd\u00eancia Social foi autorizada a ajuizar a\u00e7\u00f5es contra agressores pela <a class=\"linkLegislacao\" href=\"https:\/\/www2.camara.gov.br\/legin\/fed\/lei\/2019\/lei-13846-18-junho-2019-788404-norma-pl.html\">Lei 13.846\/19<\/a>\u00a0e agora j\u00e1 pode entrar com essa a\u00e7\u00e3o para receber o dinheiro dos agressores desde 2019.<br \/>\n        Segundo a proposta, o dever de indenizar a Previd\u00eancia ter\u00e1 efeito autom\u00e1tico na senten\u00e7a condenat\u00f3ria, independentemente de ajuizamento de a\u00e7\u00e3o regressiva. O juiz pode sentenciar o agressor a j\u00e1 pagar a Previd\u00eancia na senten\u00e7a condenat\u00f3ria. Mas, quando isso n\u00e3o ocorrer, a Previd\u00eancia poder\u00e1 entrar com a\u00e7\u00e3o para receber o dinheiro.<br \/>\n        Caso seja necess\u00e1rio, o Instituto Nacional do Seguro Social (INSS) ter\u00e1 cinco anos para ajuizar a\u00e7\u00e3o contra o agressor, contados da data da despesa previdenci\u00e1ria.<br \/>\n        O colegiado concordou com parecer da relatora, deputada Laura Carneiro (PSD-RJ), para aprovar um <span id=\"4098\" class=\"termoGlossario\" title=\"Nome que se d\u00e1 ao texto que altera substancialmente o conte\u00fado original da proposta. O substitutivo \u00e9 apresentado pelo relator e tem prefer\u00eancia na vota\u00e7\u00e3o sobre o projeto original.\" contenteditable=\"false\" data-toggle=\"tooltip\" data-placement=\"top\">substitutivo<\/span> da antiga Comiss\u00e3o de Seguridade Social e Fam\u00edlia ao <a class=\"linkProposicao\" href=\"https:\/\/www.camara.leg.br\/noticias\/557029-proposta-obriga-agressor-de-mulher-a-ressarcir-gastos-do-inss\">Projeto de Lei 1655\/19<\/a>, do Senado. Pelo texto, o im\u00f3vel residencial do casal ou da entidade familiar n\u00e3o poder\u00e1 ser penhorado para pagar a indeniza\u00e7\u00e3o.<br \/>\n        A proposta \u00e9 da ex-senadora Marta Suplicy (SP) e originalmente obriga os condenados por viol\u00eancia dom\u00e9stica e familiar a ressarcir os cofres da Previd\u00eancia Social. Essa medida, por\u00e9m, j\u00e1 foi inclu\u00edda na <a href=\"https:\/\/www2.camara.gov.br\/legin\/fed\/lei\/2006\/lei-11340-7-agosto-2006-545133-norma-pl.html\">Lei Maria da Penha<\/a>\u00a0pela Lei 13.846\/19.<br \/>\n        <strong>Pr\u00f3ximos passos<\/strong><br \/>Como a proposta foi alterada pela C\u00e2mara, ela retorna ao Senado. Para virar lei, precisa ser aprovada pelos deputados e pelos senadores.<\/p>\n<p style=\"font-size: 0.8rem; font-weight: 700;\">Reportagem \u2013 Tiago Miranda<br \/>Edi\u00e7\u00e3o \u2013 Roberto Seabra<\/p>\n<\/p><\/div>\n<p><\/a><\/p>\n<p>Fonte: www.camara.leg.br<\/p>\n","protected":false},"excerpt":{"rendered":"<p>13\/03\/2026 &#8211; 18:36 \u00a0 Renato Ara\u00fajo \/ C\u00e2mara dos Deputados Deputada Laura Carneiro, relatora do projeto na CCJ A Comiss\u00e3o de Constitui\u00e7\u00e3o e Justi\u00e7a e de Cidadania (CCJ) da C\u00e2mara dos Deputados aprovou proposta que facilita o ressarcimento, pelo agressor, de valores pagos em benef\u00edcios previdenci\u00e1rios concedidos \u00e0s v\u00edtimas em decorr\u00eancia de viol\u00eancia dom\u00e9stica e [&hellip;]<\/p>\n","protected":false},"author":3,"featured_media":8135,"comment_status":"open","ping_status":"open","sticky":false,"template":"","format":"standard","meta":{"advanced_seo_description":"","jetpack_seo_html_title":"","jetpack_seo_noindex":false,"fifu_image_url":"https:\/\/www.camara.leg.br\/midias\/image\/2026\/03\/img20260310143622657-1-768x473.jpg","fifu_image_alt":"","_jetpack_memberships_contains_paid_content":false,"footnotes":"","jetpack_publicize_message":"","jetpack_publicize_feature_enabled":true,"jetpack_social_post_already_shared":true,"jetpack_social_options":{"image_generator_settings":{"template":"highway","default_image_id":0,"font":"","enabled":false},"version":2}},"categories":[106,1],"tags":[],"class_list":{"0":"post-8134","1":"post","2":"type-post","3":"status-publish","4":"format-standard","5":"has-post-thumbnail","7":"category-politica","8":"category-uncategorized"},"jetpack_publicize_connections":[],"jetpack_featured_media_url":"https:\/\/i0.wp.com\/www.camara.leg.br\/midias\/image\/2026\/03\/img20260310143622657-1-768x473.jpg?fit=%2C&ssl=1","jetpack_sharing_enabled":true,"jetpack-related-posts":[],"_links":{"self":[{"href":"https:\/\/friburgonoticias.com.br\/temp\/wp-json\/wp\/v2\/posts\/8134","targetHints":{"allow":["GET"]}}],"collection":[{"href":"https:\/\/friburgonoticias.com.br\/temp\/wp-json\/wp\/v2\/posts"}],"about":[{"href":"https:\/\/friburgonoticias.com.br\/temp\/wp-json\/wp\/v2\/types\/post"}],"author":[{"embeddable":true,"href":"https:\/\/friburgonoticias.com.br\/temp\/wp-json\/wp\/v2\/users\/3"}],"replies":[{"embeddable":true,"href":"https:\/\/friburgonoticias.com.br\/temp\/wp-json\/wp\/v2\/comments?post=8134"}],"version-history":[{"count":0,"href":"https:\/\/friburgonoticias.com.br\/temp\/wp-json\/wp\/v2\/posts\/8134\/revisions"}],"wp:featuredmedia":[{"embeddable":true,"href":"https:\/\/friburgonoticias.com.br\/temp\/wp-json\/wp\/v2\/media\/8135"}],"wp:attachment":[{"href":"https:\/\/friburgonoticias.com.br\/temp\/wp-json\/wp\/v2\/media?parent=8134"}],"wp:term":[{"taxonomy":"category","embeddable":true,"href":"https:\/\/friburgonoticias.com.br\/temp\/wp-json\/wp\/v2\/categories?post=8134"},{"taxonomy":"post_tag","embeddable":true,"href":"https:\/\/friburgonoticias.com.br\/temp\/wp-json\/wp\/v2\/tags?post=8134"}],"curies":[{"name":"wp","href":"https:\/\/api.w.org\/{rel}","templated":true}]}}