{"id":8138,"date":"2026-03-13T22:39:26","date_gmt":"2026-03-13T22:39:26","guid":{"rendered":"https:\/\/friburgonoticias.com.br\/temp\/2026\/03\/13\/gigante-chinesa-de-carros-eletricos-byd-anuncia-investimento-de-r-300-milhoes-em-centro-de-pesquisa-e-desenvolvimento-no-aeroporto-do-galeao\/"},"modified":"2026-03-13T22:39:26","modified_gmt":"2026-03-13T22:39:26","slug":"gigante-chinesa-de-carros-eletricos-byd-anuncia-investimento-de-r-300-milhoes-em-centro-de-pesquisa-e-desenvolvimento-no-aeroporto-do-galeao","status":"publish","type":"post","link":"https:\/\/friburgonoticias.com.br\/temp\/2026\/03\/13\/gigante-chinesa-de-carros-eletricos-byd-anuncia-investimento-de-r-300-milhoes-em-centro-de-pesquisa-e-desenvolvimento-no-aeroporto-do-galeao\/","title":{"rendered":"Gigante chinesa de carros el\u00e9tricos, BYD anuncia investimento de R$ 300 milh\u00f5es em centro de pesquisa e desenvolvimento\u00a0no Aeroporto do Gale\u00e3o"},"content":{"rendered":"<p><\/p>\n<div itemprop=\"articleBody\">\nDurante o cumprimento de agenda do presidente Luiz In\u00e1cio\u00a0<a class=\"\" href=\"https:\/\/oglobo.globo.com\/tudo-sobre\/politico\/luiz-inacio-lula-da-silva\" target=\"_blank\" rel=\"noopener\">Lula<\/a>\u00a0da Silva (PT) no Terceiro Comando A\u00e9reo Regional, no Rio, nesta sexta-feira (13), que contou com a presen\u00e7a do prefeito do Rio, Eduardo Paes (PSD), a vice-presidente e CEO para as Am\u00e9ricas e Europa da BYD \u2014 gigante chinesa de tecnologia e energia \u2014, Stella Li anunciou um investimento de R$ 300 milh\u00f5es da montadora para a constru\u00e7\u00e3o de seu primeiro Centro de Testes e Avalia\u00e7\u00e3o Automotiva e o lan\u00e7amento de uma nova plataforma de experi\u00eancia e de pesquisa e desenvolvimento no Rio.<\/p>\n<p>Durante a apresenta\u00e7\u00e3o, a vice-presidente da BYD informou ainda que o novo espa\u00e7o ser\u00e1 desenvolvido no complexo do Aeroporto Internacional <a href=\"https:\/\/temporealrj.com\/novo-leilao-aeroporto-galeao\/\">Aeroporto Internacional Tom Jobim, no Gale\u00e3o<\/a>, na Zona Norte do Rio, com \u00e1rea total de 183 mil metros quadrados. <a href=\"https:\/\/temporealrj.com\/byd-gigante-chinesa-de-carros-eletricos-tera-centro-de-pesquisa-e-desenvolvimento-no-rio\/\">Anunciado em outubro do ano passado<\/a>, o projeto prev\u00ea a constru\u00e7\u00e3o de uma infraestrutura para \u201ctestes de velocidade, pot\u00eancia, resist\u00eancia, durabilidade e performance\u201d, explicou a executiva. <\/p>\n<p>\u201cA BYD vive hoje um momento muito especial no Brasil. Temos visto um crescimento consistente da nossa marca e uma conex\u00e3o cada vez mais forte dos brasileiros com os nossos ve\u00edculos. Esse novo centro de pesquisa e desenvolvimento no Rio de Janeiro representa mais um passo importante nessa trajet\u00f3ria e refor\u00e7a o papel estrat\u00e9gico que o Brasil passou a ocupar para n\u00f3s e para o futuro da mobilidade el\u00e9trica\u201d, disse Stella Li. <\/p>\n<h2 class=\"wp-block-heading\">\u2018\u00c9 uma alegria ver a BYD ampliando seus investimentos agora tamb\u00e9m no Rio de Janeiro\u2019 <\/h2>\n<p>O an\u00fancio estava previsto para ocorrer apenas no s\u00e1bado (14), mas foi antecipado e realizado no Terceiro Comando A\u00e9reo Regional, no Rio. Segundo o prefeito do Rio,<a href=\"https:\/\/temporealrj.com\/eduardo-paes-interior-teresopolis-ubam\/\"> Eduardo Paes (PSD)<\/a>, o an\u00fancio traz \u201cuma alegria\u201d ao ver a BYD \u201campliando seus investimentos no Brasil e agora tamb\u00e9m no Rio de Janeiro\u201d.<\/p>\n<p>\u201cNosso compromisso \u00e9 continuar criando um ambiente favor\u00e1vel para atrair empresas, com seguran\u00e7a jur\u00eddica e um ambiente econ\u00f4mico que permita novos investimentos\u201d, disse o prefeito.\n<\/p><\/div>\n<p><\/a><\/p>\n<p>Fonte: temporealrj.com<\/p>\n","protected":false},"excerpt":{"rendered":"<p>Durante o cumprimento de agenda do presidente Luiz In\u00e1cio\u00a0Lula\u00a0da Silva (PT) no Terceiro Comando A\u00e9reo Regional, no Rio, nesta sexta-feira (13), que contou com a presen\u00e7a do prefeito do Rio, Eduardo Paes (PSD), a vice-presidente e CEO para as Am\u00e9ricas e Europa da BYD \u2014 gigante chinesa de tecnologia e energia \u2014, Stella Li anunciou [&hellip;]<\/p>\n","protected":false},"author":3,"featured_media":8139,"comment_status":"open","ping_status":"open","sticky":false,"template":"","format":"standard","meta":{"advanced_seo_description":"","jetpack_seo_html_title":"","jetpack_seo_noindex":false,"fifu_image_url":"https:\/\/temporealrj.com\/wp-content\/uploads\/2026\/03\/WhatsApp-Image-2026-03-13-at-18.21.41-1.jpeg","fifu_image_alt":"","_jetpack_memberships_contains_paid_content":false,"footnotes":"","jetpack_publicize_message":"","jetpack_publicize_feature_enabled":true,"jetpack_social_post_already_shared":true,"jetpack_social_options":{"image_generator_settings":{"template":"highway","default_image_id":0,"font":"","enabled":false},"version":2}},"categories":[107],"tags":[],"class_list":{"0":"post-8138","1":"post","2":"type-post","3":"status-publish","4":"format-standard","5":"has-post-thumbnail","7":"category-economia"},"jetpack_publicize_connections":[],"jetpack_featured_media_url":"https:\/\/i0.wp.com\/temporealrj.com\/wp-content\/uploads\/2026\/03\/WhatsApp-Image-2026-03-13-at-18.21.41-1.jpeg?fit=%2C&ssl=1","jetpack_sharing_enabled":true,"jetpack-related-posts":[],"_links":{"self":[{"href":"https:\/\/friburgonoticias.com.br\/temp\/wp-json\/wp\/v2\/posts\/8138","targetHints":{"allow":["GET"]}}],"collection":[{"href":"https:\/\/friburgonoticias.com.br\/temp\/wp-json\/wp\/v2\/posts"}],"about":[{"href":"https:\/\/friburgonoticias.com.br\/temp\/wp-json\/wp\/v2\/types\/post"}],"author":[{"embeddable":true,"href":"https:\/\/friburgonoticias.com.br\/temp\/wp-json\/wp\/v2\/users\/3"}],"replies":[{"embeddable":true,"href":"https:\/\/friburgonoticias.com.br\/temp\/wp-json\/wp\/v2\/comments?post=8138"}],"version-history":[{"count":0,"href":"https:\/\/friburgonoticias.com.br\/temp\/wp-json\/wp\/v2\/posts\/8138\/revisions"}],"wp:featuredmedia":[{"embeddable":true,"href":"https:\/\/friburgonoticias.com.br\/temp\/wp-json\/wp\/v2\/media\/8139"}],"wp:attachment":[{"href":"https:\/\/friburgonoticias.com.br\/temp\/wp-json\/wp\/v2\/media?parent=8138"}],"wp:term":[{"taxonomy":"category","embeddable":true,"href":"https:\/\/friburgonoticias.com.br\/temp\/wp-json\/wp\/v2\/categories?post=8138"},{"taxonomy":"post_tag","embeddable":true,"href":"https:\/\/friburgonoticias.com.br\/temp\/wp-json\/wp\/v2\/tags?post=8138"}],"curies":[{"name":"wp","href":"https:\/\/api.w.org\/{rel}","templated":true}]}}