{"id":8156,"date":"2026-03-15T20:03:11","date_gmt":"2026-03-15T20:03:11","guid":{"rendered":"https:\/\/friburgonoticias.com.br\/temp\/2026\/03\/15\/acusado-por-lider-do-pl-otoni-de-paula-desmente-que-tenha-dado-voto-decisivo-em-erika-hilton-e-chama-de-fake-news-a-treta-entre-evangelicos\/"},"modified":"2026-03-15T20:03:11","modified_gmt":"2026-03-15T20:03:11","slug":"acusado-por-lider-do-pl-otoni-de-paula-desmente-que-tenha-dado-voto-decisivo-em-erika-hilton-e-chama-de-fake-news-a-treta-entre-evangelicos","status":"publish","type":"post","link":"https:\/\/friburgonoticias.com.br\/temp\/2026\/03\/15\/acusado-por-lider-do-pl-otoni-de-paula-desmente-que-tenha-dado-voto-decisivo-em-erika-hilton-e-chama-de-fake-news-a-treta-entre-evangelicos\/","title":{"rendered":"Acusado por l\u00edder do PL, Otoni de Paula desmente que tenha dado voto decisivo em Erika Hilton e chama de &#8216;fake news&#8217; a treta entre evang\u00e9licos"},"content":{"rendered":"<p><\/p>\n<div itemprop=\"articleBody\">\nO conflito entre os deputados federais S\u00f3stenes Cavalcante (PL-RJ) \u2014 l\u00edder do partido na C\u00e2mara \u2014 e Otoni de Paula \u2014 <a href=\"https:\/\/temporealrj.com\/lucianha-sai-otoni-entra-psd\/\">que est\u00e1 migrando do MDB para o PSD<\/a> \u2014 , marcado por intensas disputas de lideran\u00e7a dentro da bancada evang\u00e9lica, ganhou um novo cap\u00edtulo. Dessa vez, a pauta gira em torno da elei\u00e7\u00e3o que levou a deputada federal<a href=\"https:\/\/temporealrj.com\/deputada-chama-erika-hilton-de-homem-e-e-criticada-por-colega-trans-na-alerj\/\"> Erika Hilton (PSOL-SP)<\/a> a ser a primeira transexual presidente da Comiss\u00e3o de Defesa dos Direitos da Mulher da C\u00e2mara dos Deputados.<\/p>\n<p>Quatro dias depois, a elei\u00e7\u00e3o pol\u00eamica ainda deixa rastros: <a href=\"https:\/\/temporealrj.com\/operacao-galho-fraco-pf-apreende-r-400-mil-em-especie-com-sostenes-cavalcante\/\">o l\u00edder do PL<\/a> acusa o <a href=\"https:\/\/temporealrj.com\/otoni-de-paula-um-pre-candidato-evangelico-ao-senado-a-procura-de-um-partido\/\">deputado evang\u00e9lico<\/a> de ter dado \u2018voto decisivo\u2019 em <a href=\"https:\/\/temporealrj.com\/camara-dos-vereadores-concede-medalha-pedro-ernesto-a-deputada-erika-hilton\/\">Hilton (PSOL)<\/a>.<\/p>\n<p>O in\u00edcio da nova treta em solo evang\u00e9lico come\u00e7ou nas redes sociais de S\u00f3stenes, que publicou, no s\u00e1bado (14), um v\u00eddeo em que a deputada federal Chris Tonietto (PL-RJ) aparece \u201cesclarecendo como Otoni  ajudou a eleger Erika Hilton (PSOL)\u201d. Na legenda, o l\u00edder do PL na C\u00e2mara escreveu: \u201cErika Hilton \u00e9 eleita presidente da Comiss\u00e3o em Defesa das mulheres com voto decisivo do \u201cconservador\u201d Otoni de Paula\u201d.<\/p>\n<p>Com 11 votos a favor e dez em branco, Erika Hilton passa a conduzir os trabalhos do colegiado, coordenando discuss\u00f5es legislativas e audi\u00eancias p\u00fablicas sobre temas ligados \u00e0 pauta feminina dentro do parlamento.<\/p>\n<p>\u201cPrimeiro ponto, que precisa ficar claro, que a vaga de fato para indicar a presidente seria do PSOL\u00a0por uma quest\u00e3o de proporcionalidade partid\u00e1ria [\u2026] Segundo ponto, j\u00e1 que o pessoal indicou Erika Hilton, evidentemente, n\u00f3s jamais aceitar\u00edamos uma coisa dessa [\u2026]  S\u00f3 que, infelizmente, uma pessoa a\u00ed,\u00a0que eu n\u00e3o vou dizer que foi desavisada, porque estava sabendo de tudo, acabou votando, ainda que votando contra Erika Hilton.\u00a0S\u00f3 que ajudou no qu\u00f3rum.\u00a0E por ter ajudado no qu\u00f3rum,\u00a0simplesmente perdemos a nossa estrat\u00e9gia\u201d, disse Chris Tonietto  em v\u00eddeo republicado por S\u00f3stenes.<\/p>\n<p>\u201cEssa pessoa, infelizmente, \u00e9 uma pessoa que se diz conservadora, que \u00e9 o Otoni de Paula [\u2026] que foi determinante sim,\u00a0como muitos est\u00e3o dizendo e \u00e9 verdade,\u00a0para que o qu\u00f3rum fosse atingido. \u201c, disse a deputada federal em mais um trecho divulgado pelo l\u00edder do PL na C\u00e2mara.<\/p>\n<div class=\"wp-block-image\">\n<figure class=\"aligncenter size-large is-resized\"><img loading=\"lazy\" decoding=\"async\" width=\"828\" height=\"1024\" src=\"https:\/\/temporealrj.com\/wp-content\/uploads\/2026\/03\/WhatsApp-Image-2026-03-15-at-15.26.30-828x1024.jpeg\" alt=\"WhatsApp Image 2026 03 15 at 15.26.30\" class=\"wp-image-123992\" style=\"width:274px;height:auto\" title=\"Acusado por l\u00edder do PL, Otoni de Paula desmente que tenha dado voto decisivo em Erika Hilton e chama de 'fake news' a treta entre evang\u00e9licos 62\" srcset=\"https:\/\/temporealrj.com\/wp-content\/uploads\/2026\/03\/WhatsApp-Image-2026-03-15-at-15.26.30-828x1024.jpeg 828w, https:\/\/temporealrj.com\/wp-content\/uploads\/2026\/03\/WhatsApp-Image-2026-03-15-at-15.26.30-243x300.jpeg 243w, https:\/\/temporealrj.com\/wp-content\/uploads\/2026\/03\/WhatsApp-Image-2026-03-15-at-15.26.30-768x949.jpeg 768w, https:\/\/temporealrj.com\/wp-content\/uploads\/2026\/03\/WhatsApp-Image-2026-03-15-at-15.26.30-860x1063.jpeg 860w, https:\/\/temporealrj.com\/wp-content\/uploads\/2026\/03\/WhatsApp-Image-2026-03-15-at-15.26.30.jpeg 1080w\" sizes=\"auto, (max-width: 828px) 100vw, 828px\"\/><figcaption class=\"wp-element-caption\">O v\u00eddeo em que a deputada federal acusa Otoni de Paula foi publicado nas redes sociais do l\u00edder do partido na C\u00e2mara \u2014 Foto: Reprodu\u00e7\u00e3o\/Redes Sociais <\/figcaption><\/figure>\n<\/div>\n<h2 class=\"wp-block-heading\">\u2018Em momento nenhum eu votei a favor de Erika Hilton [\u2026] essa turma me odeia\u2019<\/h2>\n<p>Em resposta \u00e0s in\u00fameras not\u00edcias vinculadas ao seu \u201cvoto decisivo\u201d em Erika Hilton, o pastor da\u00a0Assembleia de Deus, ex-vereador do Rio e atual deputado federal <a href=\"https:\/\/temporealrj.com\/pl-nega-legenda-renato-paula\/\">Otoni de Paula <\/a>publicou um v\u00eddeo no qual afirma que tudo n\u00e3o passa de \u201cfake news\u201d.<\/p>\n<p>\u201cVoc\u00ea acha mesmo que eu ia votar em Erika Hilton para ser presidente da Comiss\u00e3o da Mulher?\u00a0Pelo amor de Deus! S\u00f3 me faltava essa.\u00a0Mas o que se esperar quando voc\u00ea \u00e9 perseguido pelos seus irm\u00e3os e pelo grupo que at\u00e9 ontem voc\u00ea pertenceu?\u00a0Essa turma me odeia. E o que eles puderem inventar, eles v\u00e3o inventar\u201d, disse o deputado federal, que seguiu citando as informa\u00e7\u00f5es que vem sendo atribu\u00eddas a ele.<\/p>\n<div class=\"wp-block-image\">\n<figure class=\"aligncenter size-large is-resized\"><img loading=\"lazy\" decoding=\"async\" width=\"744\" height=\"1024\" src=\"https:\/\/temporealrj.com\/wp-content\/uploads\/2026\/03\/WhatsApp-Image-2026-03-15-at-14.53.20-744x1024.jpeg\" alt=\"WhatsApp Image 2026 03 15 at 14.53.20\" class=\"wp-image-123996\" style=\"width:234px;height:auto\" title=\"Acusado por l\u00edder do PL, Otoni de Paula desmente que tenha dado voto decisivo em Erika Hilton e chama de 'fake news' a treta entre evang\u00e9licos 63\" srcset=\"https:\/\/temporealrj.com\/wp-content\/uploads\/2026\/03\/WhatsApp-Image-2026-03-15-at-14.53.20-744x1024.jpeg 744w, https:\/\/temporealrj.com\/wp-content\/uploads\/2026\/03\/WhatsApp-Image-2026-03-15-at-14.53.20-218x300.jpeg 218w, https:\/\/temporealrj.com\/wp-content\/uploads\/2026\/03\/WhatsApp-Image-2026-03-15-at-14.53.20-768x1057.jpeg 768w, https:\/\/temporealrj.com\/wp-content\/uploads\/2026\/03\/WhatsApp-Image-2026-03-15-at-14.53.20-860x1183.jpeg 860w, https:\/\/temporealrj.com\/wp-content\/uploads\/2026\/03\/WhatsApp-Image-2026-03-15-at-14.53.20.jpeg 1080w\" sizes=\"auto, (max-width: 744px) 100vw, 744px\"\/><\/figure>\n<\/div>\n<p>\u201cDeixa eu te explicar. Eu fa\u00e7o parte da Frente Parlamentar Evang\u00e9lica. E n\u00f3s nos organizamos para que os membros ou suplentes da Comiss\u00e3o da Mulher \u2014\u00a0e eu sou suplente da Comiss\u00e3o da Mulher \u2014 tent\u00e1ssemos impedir que a Erika Hilton se tornasse presidente da Comiss\u00e3o da Mulher.\u00a0 Da seguinte forma: ningu\u00e9m d\u00e1 presen\u00e7a para que n\u00e3o haja qu\u00f3rum.\u00a0Mas teve qu\u00f3rum, ent\u00e3o n\u00f3s vamos votar em branco [\u2026 Fui chamado para presidir a sess\u00e3o da C\u00e2mara [\u2026] e minha assessoria disse: \u2018deputado, est\u00e1 na hora de votar\u2019, e conforme combinado, eu votei em branco.\u00a0S\u00f3 que, na verdade, j\u00e1 era uma segunda vota\u00e7\u00e3o. E nessa segunda vota\u00e7\u00e3o, era para se abster.\u00a0Era para tentar n\u00e3o dar qu\u00f3rum novamente, e eu n\u00e3o sabia\u201d, explicou Otoni de Paula, que seguiu falando sobre a acusa\u00e7\u00e3o. \u201cA turma que n\u00e3o gosta de mim pegou isso para dizer que agora eu estou votando em Erika Hilton [\u2026]. Tem muita gente que n\u00e3o vai com a minha cara [\u2026] e como n\u00e3o pode me chamar de corrupto, tenta inventar um mont\u00e3o de hist\u00f3ria\u201d,<a href=\"https:\/\/temporealrj.com\/deputado-otoni-de-paula-afirma-que-houve-morte-de-inocentes-em-operacao-no-rio-meninos-que-nunca-portaram-fuzis\/\"> disse Otoni<\/a>.\n<\/div>\n<p><\/a><\/p>\n<p>Fonte: temporealrj.com<\/p>\n","protected":false},"excerpt":{"rendered":"<p>O conflito entre os deputados federais S\u00f3stenes Cavalcante (PL-RJ) \u2014 l\u00edder do partido na C\u00e2mara \u2014 e Otoni de Paula \u2014 que est\u00e1 migrando do MDB para o PSD \u2014 , marcado por intensas disputas de lideran\u00e7a dentro da bancada evang\u00e9lica, ganhou um novo cap\u00edtulo. Dessa vez, a pauta gira em torno da elei\u00e7\u00e3o que [&hellip;]<\/p>\n","protected":false},"author":3,"featured_media":8157,"comment_status":"open","ping_status":"open","sticky":false,"template":"","format":"standard","meta":{"advanced_seo_description":"","jetpack_seo_html_title":"","jetpack_seo_noindex":false,"fifu_image_url":"https:\/\/temporealrj.com\/wp-content\/uploads\/2026\/03\/otoni-camara.avif","fifu_image_alt":"","_jetpack_memberships_contains_paid_content":false,"footnotes":"","jetpack_publicize_message":"","jetpack_publicize_feature_enabled":true,"jetpack_social_post_already_shared":true,"jetpack_social_options":{"image_generator_settings":{"template":"highway","default_image_id":0,"font":"","enabled":false},"version":2}},"categories":[107],"tags":[],"class_list":{"0":"post-8156","1":"post","2":"type-post","3":"status-publish","4":"format-standard","5":"has-post-thumbnail","7":"category-economia"},"jetpack_publicize_connections":[],"jetpack_featured_media_url":"https:\/\/temporealrj.com\/wp-content\/uploads\/2026\/03\/otoni-camara.avif","jetpack_sharing_enabled":true,"jetpack-related-posts":[],"_links":{"self":[{"href":"https:\/\/friburgonoticias.com.br\/temp\/wp-json\/wp\/v2\/posts\/8156","targetHints":{"allow":["GET"]}}],"collection":[{"href":"https:\/\/friburgonoticias.com.br\/temp\/wp-json\/wp\/v2\/posts"}],"about":[{"href":"https:\/\/friburgonoticias.com.br\/temp\/wp-json\/wp\/v2\/types\/post"}],"author":[{"embeddable":true,"href":"https:\/\/friburgonoticias.com.br\/temp\/wp-json\/wp\/v2\/users\/3"}],"replies":[{"embeddable":true,"href":"https:\/\/friburgonoticias.com.br\/temp\/wp-json\/wp\/v2\/comments?post=8156"}],"version-history":[{"count":0,"href":"https:\/\/friburgonoticias.com.br\/temp\/wp-json\/wp\/v2\/posts\/8156\/revisions"}],"wp:featuredmedia":[{"embeddable":true,"href":"https:\/\/friburgonoticias.com.br\/temp\/wp-json\/wp\/v2\/media\/8157"}],"wp:attachment":[{"href":"https:\/\/friburgonoticias.com.br\/temp\/wp-json\/wp\/v2\/media?parent=8156"}],"wp:term":[{"taxonomy":"category","embeddable":true,"href":"https:\/\/friburgonoticias.com.br\/temp\/wp-json\/wp\/v2\/categories?post=8156"},{"taxonomy":"post_tag","embeddable":true,"href":"https:\/\/friburgonoticias.com.br\/temp\/wp-json\/wp\/v2\/tags?post=8156"}],"curies":[{"name":"wp","href":"https:\/\/api.w.org\/{rel}","templated":true}]}}