{"id":8158,"date":"2026-03-15T20:33:11","date_gmt":"2026-03-15T20:33:11","guid":{"rendered":"https:\/\/friburgonoticias.com.br\/temp\/2026\/03\/15\/pre-campanha-digital-castro-tem-quatro-vezes-mais-curtidas-que-paes-em-postagens-sobre-prisao-de-salvino\/"},"modified":"2026-03-15T20:33:11","modified_gmt":"2026-03-15T20:33:11","slug":"pre-campanha-digital-castro-tem-quatro-vezes-mais-curtidas-que-paes-em-postagens-sobre-prisao-de-salvino","status":"publish","type":"post","link":"https:\/\/friburgonoticias.com.br\/temp\/2026\/03\/15\/pre-campanha-digital-castro-tem-quatro-vezes-mais-curtidas-que-paes-em-postagens-sobre-prisao-de-salvino\/","title":{"rendered":"Pr\u00e9-campanha digital: Castro tem quatro vezes mais curtidas que Paes em postagens sobre pris\u00e3o de Salvino"},"content":{"rendered":"<p><\/p>\n<div itemprop=\"articleBody\">\nA pris\u00e3o do vereador Salvino Oliveira (PSD) na \u00faltima quarta-feira (11) repercutiu nas redes sociais de pol\u00edticos de todos os lados do espectro ideol\u00f3gico, mas especialmente nos perfis do governador Cl\u00e1udio Castro (PL) e do prefeito do Rio Eduardo Paes (PSD).<\/p>\n<p>E uma compara\u00e7\u00e3o entre as publica\u00e7\u00f5es feitas pelos dois no Instagram \u2014 analisadas entre quarta (11) e sexta-feira (13) \u2014, indica que o governador pode ter levado vantagem no engajamento.<\/p>\n<div class=\"wp-block-image\">\n<figure class=\"aligncenter size-large\"><img loading=\"lazy\" decoding=\"async\" width=\"1024\" height=\"614\" src=\"https:\/\/temporealrj.com\/wp-content\/uploads\/2026\/03\/Code_Generated_Image-2-1024x614.png\" alt=\"Code Generated Image 2\" class=\"wp-image-123856\" title=\"Pr\u00e9-campanha digital: Castro tem quatro vezes mais curtidas que Paes em postagens sobre pris\u00e3o de Salvino 62\" srcset=\"https:\/\/temporealrj.com\/wp-content\/uploads\/2026\/03\/Code_Generated_Image-2-1024x614.png 1024w, https:\/\/temporealrj.com\/wp-content\/uploads\/2026\/03\/Code_Generated_Image-2-300x180.png 300w, https:\/\/temporealrj.com\/wp-content\/uploads\/2026\/03\/Code_Generated_Image-2-768x461.png 768w, https:\/\/temporealrj.com\/wp-content\/uploads\/2026\/03\/Code_Generated_Image-2-1536x922.png 1536w, https:\/\/temporealrj.com\/wp-content\/uploads\/2026\/03\/Code_Generated_Image-2-860x516.png 860w, https:\/\/temporealrj.com\/wp-content\/uploads\/2026\/03\/Code_Generated_Image-2.png 1600w\" sizes=\"auto, (max-width: 1024px) 100vw, 1024px\"\/><figcaption class=\"wp-element-caption\">Engajamento de Cl\u00e1udio Castro em azul e de Eduardo Paes em laranja.<\/figcaption><\/figure>\n<\/div>\n<p>A postagem de Castro com v\u00eddeos da opera\u00e7\u00e3o que prendeu Salvino registrou 72,5 mil curtidas em 24 horas, enquanto o de Paes defendendo seu aliado teve 18,3 mil. Nos coment\u00e1rios, foram 5.019 respostas na publica\u00e7\u00e3o do governador contra 2.643 na do prefeito.<\/p>\n<p>A diferen\u00e7a tamb\u00e9m aparece nos compartilhamentos. O v\u00eddeo no perfil de Castro teve 2.922 repostagens, frente a 1.866 no de Paes. J\u00e1 o envio do conte\u00fado por mensagens diretas \u2014 quando usu\u00e1rios compartilham o post em conversas privadas \u2014 chegou a 12,1 mil no caso do governador, contra 4.021 no do prefeito.<\/p>\n<div class=\"wp-block-image\">\n<figure class=\"aligncenter size-large\"><img loading=\"lazy\" decoding=\"async\" width=\"1024\" height=\"351\" src=\"https:\/\/temporealrj.com\/wp-content\/uploads\/2026\/03\/Code_Generated_Image-1-1024x351.png\" alt=\"Code Generated Image 1\" class=\"wp-image-123855\" title=\"Pr\u00e9-campanha digital: Castro tem quatro vezes mais curtidas que Paes em postagens sobre pris\u00e3o de Salvino 63\" srcset=\"https:\/\/temporealrj.com\/wp-content\/uploads\/2026\/03\/Code_Generated_Image-1-1024x351.png 1024w, https:\/\/temporealrj.com\/wp-content\/uploads\/2026\/03\/Code_Generated_Image-1-300x103.png 300w, https:\/\/temporealrj.com\/wp-content\/uploads\/2026\/03\/Code_Generated_Image-1-768x264.png 768w, https:\/\/temporealrj.com\/wp-content\/uploads\/2026\/03\/Code_Generated_Image-1-1536x527.png 1536w, https:\/\/temporealrj.com\/wp-content\/uploads\/2026\/03\/Code_Generated_Image-1-860x295.png 860w, https:\/\/temporealrj.com\/wp-content\/uploads\/2026\/03\/Code_Generated_Image-1.png 1600w\" sizes=\"auto, (max-width: 1024px) 100vw, 1024px\"\/><figcaption class=\"wp-element-caption\">Dados fornecidos pelo Instagram mostram o engajamento ap\u00f3s 24 horas da postagem de Castro e 17 horas da defesa de Paes.<\/figcaption><\/figure>\n<\/div>\n<p>Mas, parte da diferen\u00e7a pode ser explicada pelo tamanho das contas: Cl\u00e1udio Castro tem cerca de 2,3 milh\u00f5es de seguidores no Instagram, enquanto Eduardo Paes re\u00fane 933 mil.<\/p>\n<p>Ainda assim, mesmo quando se considera essa propor\u00e7\u00e3o, o desempenho do governador segue maior em algumas m\u00e9tricas. A taxa aproximada de curtidas em rela\u00e7\u00e3o ao n\u00famero de seguidores, por exemplo, indica cerca de 3,1% de engajamento no post de Castro, contra 2% de Paes.<\/p>\n<h2 class=\"wp-block-heading\">Tom das rea\u00e7\u00f5es do p\u00fablico tamb\u00e9m difere em postagens de Castro e Paes<\/h2>\n<p>Al\u00e9m do volume de intera\u00e7\u00f5es, o teor dos coment\u00e1rios tamb\u00e9m varia entre os dois perfis.<\/p>\n<p>Uma estimativa baseada em amostragem das respostas ap\u00f3s 24 horas da pris\u00e3o indica que 55% dos coment\u00e1rios na publica\u00e7\u00e3o de Castro s\u00e3o positivos, em geral apoiando a a\u00e7\u00e3o policial ou o discurso de combate ao crime. Outros 35% s\u00e3o negativos, em sua maioria <a href=\"https:\/\/temporealrj.com\/psd-denuncia-prisao-salvino-oliveira\/\">acusando o governador de tentar explorar politicamente o epis\u00f3dio<\/a>. 10% s\u00e3o neutros.<\/p>\n<p>No caso de Paes, o ambiente aparece um pouco mais dividido. Cerca de 40% das mensagens s\u00e3o favor\u00e1veis, destacando a postura de enfrentamento e transpar\u00eancia do prefeito, enquanto 45% s\u00e3o cr\u00edticas, muitas delas cobrando explica\u00e7\u00f5es sobre a rela\u00e7\u00e3o pol\u00edtica com o vereador preso. Outros 15% aparecem como neutros ou com d\u00favidas sobre o ocorrido.<\/p>\n<div class=\"wp-block-image\">\n<figure class=\"aligncenter size-large\"><img loading=\"lazy\" decoding=\"async\" width=\"1024\" height=\"614\" src=\"https:\/\/temporealrj.com\/wp-content\/uploads\/2026\/03\/Code_Generated_Image-1-1-1024x614.png\" alt=\"Code Generated Image 1 1\" class=\"wp-image-123859\" title=\"Pr\u00e9-campanha digital: Castro tem quatro vezes mais curtidas que Paes em postagens sobre pris\u00e3o de Salvino 64\" srcset=\"https:\/\/temporealrj.com\/wp-content\/uploads\/2026\/03\/Code_Generated_Image-1-1-1024x614.png 1024w, https:\/\/temporealrj.com\/wp-content\/uploads\/2026\/03\/Code_Generated_Image-1-1-300x180.png 300w, https:\/\/temporealrj.com\/wp-content\/uploads\/2026\/03\/Code_Generated_Image-1-1-768x461.png 768w, https:\/\/temporealrj.com\/wp-content\/uploads\/2026\/03\/Code_Generated_Image-1-1-1536x922.png 1536w, https:\/\/temporealrj.com\/wp-content\/uploads\/2026\/03\/Code_Generated_Image-1-1-860x516.png 860w, https:\/\/temporealrj.com\/wp-content\/uploads\/2026\/03\/Code_Generated_Image-1-1.png 1600w\" sizes=\"auto, (max-width: 1024px) 100vw, 1024px\"\/><figcaption class=\"wp-element-caption\">Engajamento de Cl\u00e1udio Castro em verde e de Eduardo Paes em vermelho.<\/figcaption><\/figure>\n<\/div>\n<p>As express\u00f5es mais recorrentes nos coment\u00e1rios tamb\u00e9m ajudam a indicar o clima das rea\u00e7\u00f5es.<\/p>\n<p>No perfil de Castro, apoiadores usam termos como \u201cparab\u00e9ns\u201d, \u201cPol\u00edcia Civil\u201d, \u201cjusti\u00e7a\u201d e \u201clei\u201d. J\u00e1 entre cr\u00edticos aparecem palavras como \u201celeitoreiro\u201d, \u201cpersegui\u00e7\u00e3o\u201d e \u201cuso da pol\u00edcia\u201d.<\/p>\n<p>Nos coment\u00e1rios direcionados a Paes, seguidores favor\u00e1veis recorrem a express\u00f5es como \u201ctranspar\u00eancia\u201d, \u201ccorreto\u201d e \u201cn\u00e3o se esconde\u201d. Entre os cr\u00edticos, surgem termos como \u201csecret\u00e1rio\u201d, \u201cconivente\u201d, \u201cvergonha\u201d e o pr\u00f3prio nome de Salvino.\n<\/p><\/div>\n<p><\/a><\/p>\n<p>Fonte: temporealrj.com<\/p>\n","protected":false},"excerpt":{"rendered":"<p>A pris\u00e3o do vereador Salvino Oliveira (PSD) na \u00faltima quarta-feira (11) repercutiu nas redes sociais de pol\u00edticos de todos os lados do espectro ideol\u00f3gico, mas especialmente nos perfis do governador Cl\u00e1udio Castro (PL) e do prefeito do Rio Eduardo Paes (PSD). E uma compara\u00e7\u00e3o entre as publica\u00e7\u00f5es feitas pelos dois no Instagram \u2014 analisadas entre [&hellip;]<\/p>\n","protected":false},"author":3,"featured_media":8159,"comment_status":"open","ping_status":"open","sticky":false,"template":"","format":"standard","meta":{"advanced_seo_description":"","jetpack_seo_html_title":"","jetpack_seo_noindex":false,"fifu_image_url":"https:\/\/temporealrj.com\/wp-content\/uploads\/2026\/03\/Design-sem-nome-1.jpg","fifu_image_alt":"","_jetpack_memberships_contains_paid_content":false,"footnotes":"","jetpack_publicize_message":"","jetpack_publicize_feature_enabled":true,"jetpack_social_post_already_shared":true,"jetpack_social_options":{"image_generator_settings":{"template":"highway","default_image_id":0,"font":"","enabled":false},"version":2}},"categories":[107],"tags":[],"class_list":{"0":"post-8158","1":"post","2":"type-post","3":"status-publish","4":"format-standard","5":"has-post-thumbnail","7":"category-economia"},"jetpack_publicize_connections":[],"jetpack_featured_media_url":"https:\/\/i0.wp.com\/temporealrj.com\/wp-content\/uploads\/2026\/03\/Design-sem-nome-1.jpg?fit=%2C&ssl=1","jetpack_sharing_enabled":true,"jetpack-related-posts":[],"_links":{"self":[{"href":"https:\/\/friburgonoticias.com.br\/temp\/wp-json\/wp\/v2\/posts\/8158","targetHints":{"allow":["GET"]}}],"collection":[{"href":"https:\/\/friburgonoticias.com.br\/temp\/wp-json\/wp\/v2\/posts"}],"about":[{"href":"https:\/\/friburgonoticias.com.br\/temp\/wp-json\/wp\/v2\/types\/post"}],"author":[{"embeddable":true,"href":"https:\/\/friburgonoticias.com.br\/temp\/wp-json\/wp\/v2\/users\/3"}],"replies":[{"embeddable":true,"href":"https:\/\/friburgonoticias.com.br\/temp\/wp-json\/wp\/v2\/comments?post=8158"}],"version-history":[{"count":0,"href":"https:\/\/friburgonoticias.com.br\/temp\/wp-json\/wp\/v2\/posts\/8158\/revisions"}],"wp:featuredmedia":[{"embeddable":true,"href":"https:\/\/friburgonoticias.com.br\/temp\/wp-json\/wp\/v2\/media\/8159"}],"wp:attachment":[{"href":"https:\/\/friburgonoticias.com.br\/temp\/wp-json\/wp\/v2\/media?parent=8158"}],"wp:term":[{"taxonomy":"category","embeddable":true,"href":"https:\/\/friburgonoticias.com.br\/temp\/wp-json\/wp\/v2\/categories?post=8158"},{"taxonomy":"post_tag","embeddable":true,"href":"https:\/\/friburgonoticias.com.br\/temp\/wp-json\/wp\/v2\/tags?post=8158"}],"curies":[{"name":"wp","href":"https:\/\/api.w.org\/{rel}","templated":true}]}}