{"id":8192,"date":"2026-03-16T22:23:12","date_gmt":"2026-03-16T22:23:12","guid":{"rendered":"https:\/\/friburgonoticias.com.br\/temp\/2026\/03\/16\/camara-aprova-regime-de-urgencia-para-dez-projetos-de-lei-noticias\/"},"modified":"2026-03-16T22:23:12","modified_gmt":"2026-03-16T22:23:12","slug":"camara-aprova-regime-de-urgencia-para-dez-projetos-de-lei-noticias","status":"publish","type":"post","link":"https:\/\/friburgonoticias.com.br\/temp\/2026\/03\/16\/camara-aprova-regime-de-urgencia-para-dez-projetos-de-lei-noticias\/","title":{"rendered":"C\u00e2mara aprova regime de urg\u00eancia para dez projetos de lei &#8211; Not\u00edcias"},"content":{"rendered":"<p><\/p>\n<div>\n<div>\n<p class=\"g-artigo__data-hora\">\n                      16\/03\/2026 &#8211; 19:12 \u00a0\n                    <\/p>\n<div id=\"image-container-1254183\" class=\"image-container\" style=\"float: none; margin: 45px 0px; width: 100%;\" data-midia=\"1254183\">\n        <em>Bruno Spada\/C\u00e2mara dos Deputados<\/em><\/p>\n<p>        Hugo Motta preside a sess\u00e3o do Plen\u00e1rio desta segunda-feira\n        <\/p><\/div>\n<p>        A C\u00e2mara dos Deputados aprovou nesta segunda-feira (16) o regime de <span id=\"4227\" class=\"termoGlossario\" title=\"Regime de tramita\u00e7\u00e3o que dispensa exig\u00eancias, interst\u00edcios e formalidades regimentais (salvo a publica\u00e7\u00e3o, o qu\u00f3rum e os pareceres) para que uma proposi\u00e7\u00e3o seja apreciada pela C\u00e2mara de forma mais c\u00e9lere. Pode-se dizer que as proposi\u00e7\u00f5es s\u00e3o urgentes em raz\u00e3o da natureza da mat\u00e9ria; em raz\u00e3o de serem de iniciativa do Poder Executivo, com solicita\u00e7\u00e3o de urg\u00eancia do presidente da Rep\u00fablica; ou em virtude de terem sido reconhecidas, por delibera\u00e7\u00e3o do Plen\u00e1rio, com esse car\u00e1ter. Alguns projetos j\u00e1 tramitam automaticamente em regime de urg\u00eancia, como os que tratam de acordos internacionais.\" contenteditable=\"false\" data-toggle=\"tooltip\" data-placement=\"top\">urg\u00eancia<\/span> para dez propostas. Os projetos com urg\u00eancia podem ser votados diretamente no Plen\u00e1rio, sem passar antes pelas comiss\u00f5es da C\u00e2mara.<br \/>\n        Um dos projetos que recebeu urg\u00eancia \u00e9 o PL 6674\/25, que cria o Programa Antes que Aconte\u00e7a, para prevenir a viol\u00eancia de g\u00eanero e dar assist\u00eancia a mulheres agredidas. O presidente da C\u00e2mara, Hugo Motta (Republicanos-PB), quer votar essa proposta nesta ter\u00e7a-feira (17) para inaugurar no dia seguinte a Sala Lil\u00e1s.<br \/>\n        Esse espa\u00e7o na C\u00e2mara vai atender mulheres v\u00edtimas de viol\u00eancia. &#8220;Servir\u00e1 para evitar que tenhamos ato que represente viol\u00eancia contra mulheres&#8221;, disse Motta. Ele citou tanto trabalhadoras da C\u00e2mara como outras mulheres que precisarem de apoio.<br \/>\n        <strong>Regime de urg\u00eancia<\/strong><br \/>Confira as dez propostas que passam a tramitar com urg\u00eancia:<\/p>\n<ul>\n<li><a class=\"linkProposicao\" href=\"https:\/\/www.camara.leg.br\/noticias\/562502-projeto-exige-certidao-de-apropriacao-indebita-para-emissao-de-registro-veicular\">PL 2736\/19<\/a>, do deputado Juninho do Pneu (Uni\u00e3o-RJ), que exige certid\u00e3o negativa de crimes de estelionato e apropria\u00e7\u00e3o ind\u00e9bita para a transfer\u00eancia de ve\u00edculo;<\/li>\n<li><a class=\"linkProposicao\" href=\"https:\/\/www.camara.leg.br\/noticias\/1173973-proposta-amplia-limite-de-receita-bruta-para-transportador-de-cargas-mei\">PLP 55\/25<\/a>, do Poder Executivo, que autoriza munic\u00edpios e o Distrito Federal a concederem isen\u00e7\u00e3o do Imposto sobre Servi\u00e7os de Qualquer Natureza (<span id=\"4497\" class=\"termoGlossario\" title=\"Tributo de compet\u00eancia dos munic\u00edpios e do Distrito Federal, incide sobre 40 tipos de servi\u00e7os listados na Lei Complementar 116\/03. As al\u00edquotas variam de 2% a 5%, dependendo do servi\u00e7o.\" contenteditable=\"false\" data-toggle=\"tooltip\" data-placement=\"top\">ISS<\/span>) para fatos geradores relacionados \u00e0 realiza\u00e7\u00e3o da Copa do Mundo Feminina de Futebol de 2027;<\/li>\n<li><a class=\"linkProposicao\" href=\"https:\/\/www.camara.leg.br\/noticias\/1054303-proposta-preve-criacao-de-relatorio-para-subsidiar-politica-publica-para-mulher\">PL 1008\/24<\/a>, do deputado Zucco (PL-RS), que prev\u00ea a cria\u00e7\u00e3o de um relat\u00f3rio anual com informa\u00e7\u00f5es socioecon\u00f4micas que ser\u00e3o usadas para elaborar pol\u00edticas p\u00fablicas para mulheres;<\/li>\n<li>PL 2564\/25, do deputado Lucio Mosquini (MDB-RO), que regulamenta a aplica\u00e7\u00e3o de medidas administrativas cautelares na fiscaliza\u00e7\u00e3o ambiental e veda a imposi\u00e7\u00e3o de embargo baseado exclusivamente em detec\u00e7\u00e3o remota de supress\u00e3o de vegeta\u00e7\u00e3o;<\/li>\n<li>PL 126\/25, do Senado, que estabelece diretrizes para o desenvolvimento e a regula\u00e7\u00e3o sanit\u00e1ria de novas tecnologias contra o c\u00e2ncer;<\/li>\n<li>PL 6674\/25, do Senado, que cria o Programa Antes que Aconte\u00e7a, para prevenir a viol\u00eancia de g\u00eanero e dar assist\u00eancia \u00e0s mulheres agredidas;<\/li>\n<li>PL 885\/26, da deputada Amanda Gentil (PP-MA), que institui o Sistema Nacional de Monitoramento de Medidas Protetivas de Urg\u00eancia para dispor sobre a avalia\u00e7\u00e3o preliminar de risco da v\u00edtima;<\/li>\n<li>PL 5779\/25, do deputado Isnaldo Bulh\u00f5es Jr. (MDB-AL), que pro\u00edbe cl\u00e1usulas contratuais ou normas condominiais que restrinjam o funcionamento de partidos pol\u00edticos em im\u00f3veis comerciais;<\/li>\n<li>PL 759\/26, do deputado Rafael Brito (MDB-AL), que torna obrigat\u00f3ria a inclus\u00e3o de conte\u00fados sobre preven\u00e7\u00e3o e combate ao sexismo e \u00e0 misoginia nos curr\u00edculos escolares de todos os n\u00edveis de ensino;<\/li>\n<li>PL 2841\/24, do deputado Tarc\u00edsio Motta (Psol-RJ), que institui o Programa Nacional de Fomento \u00e0s Escolas Resilientes.<\/li>\n<\/ul>\n<p>        <a href=\"https:\/\/www.camara.leg.br\/noticias\/573454-SAIBA-MAIS-SOBRE-A-TRAMITACAO-DE-PROJETOS-DE-LEI\">Saiba mais sobre a tramita\u00e7\u00e3o de projetos de lei<\/a><\/p>\n<p style=\"font-size: 0.8rem; font-weight: 700;\">Reportagem \u2013 Tiago Miranda<br \/>Edi\u00e7\u00e3o \u2013 Pierre Triboli<\/p>\n<\/p><\/div>\n<\/p><\/div>\n<p><\/a><\/p>\n<p>Fonte: www.camara.leg.br<\/p>\n","protected":false},"excerpt":{"rendered":"<p>16\/03\/2026 &#8211; 19:12 \u00a0 Bruno Spada\/C\u00e2mara dos Deputados Hugo Motta preside a sess\u00e3o do Plen\u00e1rio desta segunda-feira A C\u00e2mara dos Deputados aprovou nesta segunda-feira (16) o regime de urg\u00eancia para dez propostas. Os projetos com urg\u00eancia podem ser votados diretamente no Plen\u00e1rio, sem passar antes pelas comiss\u00f5es da C\u00e2mara. Um dos projetos que recebeu urg\u00eancia [&hellip;]<\/p>\n","protected":false},"author":3,"featured_media":8193,"comment_status":"open","ping_status":"open","sticky":false,"template":"","format":"standard","meta":{"advanced_seo_description":"","jetpack_seo_html_title":"","jetpack_seo_noindex":false,"fifu_image_url":"https:\/\/www.camara.leg.br\/midias\/image\/2026\/03\/img20260316182037796-768x473.jpg","fifu_image_alt":"","_jetpack_memberships_contains_paid_content":false,"footnotes":"","jetpack_publicize_message":"","jetpack_publicize_feature_enabled":true,"jetpack_social_post_already_shared":true,"jetpack_social_options":{"image_generator_settings":{"template":"highway","default_image_id":0,"font":"","enabled":false},"version":2}},"categories":[107],"tags":[],"class_list":{"0":"post-8192","1":"post","2":"type-post","3":"status-publish","4":"format-standard","5":"has-post-thumbnail","7":"category-economia"},"jetpack_publicize_connections":[],"jetpack_featured_media_url":"https:\/\/i0.wp.com\/www.camara.leg.br\/midias\/image\/2026\/03\/img20260316182037796-768x473.jpg?fit=%2C&ssl=1","jetpack_sharing_enabled":true,"jetpack-related-posts":[],"_links":{"self":[{"href":"https:\/\/friburgonoticias.com.br\/temp\/wp-json\/wp\/v2\/posts\/8192","targetHints":{"allow":["GET"]}}],"collection":[{"href":"https:\/\/friburgonoticias.com.br\/temp\/wp-json\/wp\/v2\/posts"}],"about":[{"href":"https:\/\/friburgonoticias.com.br\/temp\/wp-json\/wp\/v2\/types\/post"}],"author":[{"embeddable":true,"href":"https:\/\/friburgonoticias.com.br\/temp\/wp-json\/wp\/v2\/users\/3"}],"replies":[{"embeddable":true,"href":"https:\/\/friburgonoticias.com.br\/temp\/wp-json\/wp\/v2\/comments?post=8192"}],"version-history":[{"count":0,"href":"https:\/\/friburgonoticias.com.br\/temp\/wp-json\/wp\/v2\/posts\/8192\/revisions"}],"wp:featuredmedia":[{"embeddable":true,"href":"https:\/\/friburgonoticias.com.br\/temp\/wp-json\/wp\/v2\/media\/8193"}],"wp:attachment":[{"href":"https:\/\/friburgonoticias.com.br\/temp\/wp-json\/wp\/v2\/media?parent=8192"}],"wp:term":[{"taxonomy":"category","embeddable":true,"href":"https:\/\/friburgonoticias.com.br\/temp\/wp-json\/wp\/v2\/categories?post=8192"},{"taxonomy":"post_tag","embeddable":true,"href":"https:\/\/friburgonoticias.com.br\/temp\/wp-json\/wp\/v2\/tags?post=8192"}],"curies":[{"name":"wp","href":"https:\/\/api.w.org\/{rel}","templated":true}]}}