{"id":8206,"date":"2026-03-17T12:18:32","date_gmt":"2026-03-17T12:18:32","guid":{"rendered":"https:\/\/friburgonoticias.com.br\/temp\/2026\/03\/17\/comissao-de-direitos-humanos-debate-direito-a-moradia-digna-participe\/"},"modified":"2026-03-17T12:18:32","modified_gmt":"2026-03-17T12:18:32","slug":"comissao-de-direitos-humanos-debate-direito-a-moradia-digna-participe","status":"publish","type":"post","link":"https:\/\/friburgonoticias.com.br\/temp\/2026\/03\/17\/comissao-de-direitos-humanos-debate-direito-a-moradia-digna-participe\/","title":{"rendered":"Comiss\u00e3o de Direitos Humanos debate direito \u00e0 moradia digna; participe"},"content":{"rendered":"<p><\/p>\n<div id=\"image-container-1253458\" class=\"image-container\" style=\"float: none;margin: 45px 0px;width: 100%\" data-midia=\"1253458\">\n<div class=\"midia-creditos\"><em>Kayo Magalh\u00e3es \/ C\u00e2mara dos Deputados<\/em><\/div>\n<div class=\"media-wrapper\"><img decoding=\"async\" style=\"width: 100%;height: auto\" src=\"https:\/\/www.camara.leg.br\/midias\/image\/2026\/03\/img20260224150853826-768x473.jpg\" alt=\"Discuss\u00e3o e vota\u00e7\u00e3o de propostas legislativas. Dep. Padre Jo\u00e3o (PT - MG)\" \/><\/div>\n<div class=\"midia-legenda\">Padre Jo\u00e3o prop\u00f4s a realiza\u00e7\u00e3o do evento<\/div>\n<\/div>\n<p data-start=\"45\" data-end=\"219\">A Comiss\u00e3o de Direitos Humanos, Minorias e Igualdade Racial da C\u00e2mara dos Deputados realiza nesta ter\u00e7a-feira (17) audi\u00eancia p\u00fablica para debater o direito \u00e0 moradia digna. A reuni\u00e3o ser\u00e1 realizada no plen\u00e1rio 9, \u00e0s 18 horas.<\/p>\n<ul>\n<li><a href=\"https:\/\/www.camara.leg.br\/evento-legislativo\/81265\">Veja quem foi convidado e envie suas perguntas<\/a><\/li>\n<\/ul>\n<p>O debate atende a pedido do deputado Padre Jo\u00e3o (PT-MG). Ele explica que a ideia da reuni\u00e3o \u00e9 discutir o tema da Campanha da Fraternidade 2026: \u201cFraternidade e Moradia\u201d.<\/p>\n<p data-start=\"597\" data-end=\"861\">Padre Jo\u00e3o acrescenta que o d\u00e9ficit habitacional e a segrega\u00e7\u00e3o urbana no pa\u00eds levam muitas fam\u00edlias a ocupar \u00e1reas de risco.<\/p>\n<p data-start=\"863\" data-end=\"1007\" data-is-last-node=\"\" data-is-only-node=\"\">\u201cCompreendemos que a moradia n\u00e3o \u00e9 apenas um bem material, mas uma express\u00e3o fundamental da dignidade humana e do direito \u00e0 vida plena\u201d, afirma.<\/p>\n<p><\/a><\/p>\n<p>Fonte: www.camara.leg.br<\/p>\n","protected":false},"excerpt":{"rendered":"<p>Kayo Magalh\u00e3es \/ C\u00e2mara dos Deputados Padre Jo\u00e3o prop\u00f4s a realiza\u00e7\u00e3o do evento A Comiss\u00e3o de Direitos Humanos, Minorias e Igualdade Racial da C\u00e2mara dos Deputados realiza nesta ter\u00e7a-feira (17) audi\u00eancia p\u00fablica para debater o direito \u00e0 moradia digna. A reuni\u00e3o ser\u00e1 realizada no plen\u00e1rio 9, \u00e0s 18 horas. Veja quem foi convidado e envie [&hellip;]<\/p>\n","protected":false},"author":3,"featured_media":8207,"comment_status":"open","ping_status":"open","sticky":false,"template":"","format":"standard","meta":{"advanced_seo_description":"","jetpack_seo_html_title":"","jetpack_seo_noindex":false,"fifu_image_url":"https:\/\/www.camara.leg.br\/midias\/image\/2026\/03\/img20260224150853826-768x473.jpg","fifu_image_alt":"","_jetpack_memberships_contains_paid_content":false,"footnotes":"","jetpack_publicize_message":"","jetpack_publicize_feature_enabled":true,"jetpack_social_post_already_shared":true,"jetpack_social_options":{"image_generator_settings":{"template":"highway","default_image_id":0,"font":"","enabled":false},"version":2}},"categories":[106,1],"tags":[],"class_list":{"0":"post-8206","1":"post","2":"type-post","3":"status-publish","4":"format-standard","5":"has-post-thumbnail","7":"category-politica","8":"category-uncategorized"},"jetpack_publicize_connections":[],"jetpack_featured_media_url":"https:\/\/i0.wp.com\/www.camara.leg.br\/midias\/image\/2026\/03\/img20260224150853826-768x473.jpg?fit=%2C&ssl=1","jetpack_sharing_enabled":true,"jetpack-related-posts":[],"_links":{"self":[{"href":"https:\/\/friburgonoticias.com.br\/temp\/wp-json\/wp\/v2\/posts\/8206","targetHints":{"allow":["GET"]}}],"collection":[{"href":"https:\/\/friburgonoticias.com.br\/temp\/wp-json\/wp\/v2\/posts"}],"about":[{"href":"https:\/\/friburgonoticias.com.br\/temp\/wp-json\/wp\/v2\/types\/post"}],"author":[{"embeddable":true,"href":"https:\/\/friburgonoticias.com.br\/temp\/wp-json\/wp\/v2\/users\/3"}],"replies":[{"embeddable":true,"href":"https:\/\/friburgonoticias.com.br\/temp\/wp-json\/wp\/v2\/comments?post=8206"}],"version-history":[{"count":0,"href":"https:\/\/friburgonoticias.com.br\/temp\/wp-json\/wp\/v2\/posts\/8206\/revisions"}],"wp:featuredmedia":[{"embeddable":true,"href":"https:\/\/friburgonoticias.com.br\/temp\/wp-json\/wp\/v2\/media\/8207"}],"wp:attachment":[{"href":"https:\/\/friburgonoticias.com.br\/temp\/wp-json\/wp\/v2\/media?parent=8206"}],"wp:term":[{"taxonomy":"category","embeddable":true,"href":"https:\/\/friburgonoticias.com.br\/temp\/wp-json\/wp\/v2\/categories?post=8206"},{"taxonomy":"post_tag","embeddable":true,"href":"https:\/\/friburgonoticias.com.br\/temp\/wp-json\/wp\/v2\/tags?post=8206"}],"curies":[{"name":"wp","href":"https:\/\/api.w.org\/{rel}","templated":true}]}}