{"id":8232,"date":"2026-03-17T20:43:28","date_gmt":"2026-03-17T20:43:28","guid":{"rendered":"https:\/\/friburgonoticias.com.br\/temp\/2026\/03\/17\/projeto-estende-salario-maternidade-a-avos-e-irmaos-em-caso-de-morte-da-mae-noticias\/"},"modified":"2026-03-17T20:43:28","modified_gmt":"2026-03-17T20:43:28","slug":"projeto-estende-salario-maternidade-a-avos-e-irmaos-em-caso-de-morte-da-mae-noticias","status":"publish","type":"post","link":"https:\/\/friburgonoticias.com.br\/temp\/2026\/03\/17\/projeto-estende-salario-maternidade-a-avos-e-irmaos-em-caso-de-morte-da-mae-noticias\/","title":{"rendered":"Projeto estende sal\u00e1rio-maternidade a av\u00f3s e irm\u00e3os em caso de morte da m\u00e3e &#8211; Not\u00edcias"},"content":{"rendered":"<p><\/p>\n<div>\n<p class=\"g-artigo__data-hora\">\n                      17\/03\/2026 &#8211; 16:49 \u00a0\n                    <\/p>\n<div id=\"image-container-1254175\" class=\"image-container\" style=\"float: none; margin: 45px 0px; width: 100%;\" data-midia=\"1254175\">\n        <em>Zeca Ribeiro<\/em><\/p>\n<p>        Duda Ramos, autor da proposta\n        <\/p><\/div>\n<p class=\"mb-2 whitespace-pre-wrap\">O Projeto de Lei 6746\/25 amplia a cobertura do sal\u00e1rio-maternidade para garantir o pagamento do benef\u00edcio a av\u00f3s, bisav\u00f3s ou irm\u00e3os maiores de idade que assumam a responsabilidade pela crian\u00e7a em caso de falecimento da m\u00e3e. A proposta est\u00e1 em an\u00e1lise na C\u00e2mara dos Deputados.<\/p>\n<p class=\"mb-2 whitespace-pre-wrap\">Atualmente, a legisla\u00e7\u00e3o prev\u00ea a transfer\u00eancia do benef\u00edcio prioritariamente ao c\u00f4njuge ou companheiro sobrevivente. O novo texto estende esse direito a outros familiares pr\u00f3ximos, desde que detenham a guarda, tutela ou curatela reconhecida judicialmente.<\/p>\n<p class=\"mb-2 whitespace-pre-wrap\"><strong>Regras para o recebimento<br \/><\/strong>Pelo projeto, o benef\u00edcio ser\u00e1 pago pelo tempo restante a que a m\u00e3e teria direito originalmente. Os novos benefici\u00e1rios eleg\u00edveis s\u00e3o classificados como ascendentes, no caso de av\u00f3s e bisav\u00f3s da crian\u00e7a; ou descendentes, os irm\u00e3os maiores de idade da crian\u00e7a (inclusive de relacionamentos anteriores da m\u00e3e).<\/p>\n<p class=\"mb-2 whitespace-pre-wrap\">O texto estabelece que o pagamento n\u00e3o poder\u00e1 ser acumulado (apenas um respons\u00e1vel receber\u00e1) e dever\u00e1 ser feito preferencialmente em conta banc\u00e1ria do titular da guarda.<\/p>\n<p class=\"mb-2 whitespace-pre-wrap\"><strong>Justificativa<br \/><\/strong>O autor, deputado Duda Ramos (MDB-RR), argumenta que a legisla\u00e7\u00e3o atual deixa desamparadas as estruturas familiares em que n\u00e3o h\u00e1 a figura do c\u00f4njuge, muito comum em fam\u00edlias monoparentais.<\/p>\n<p class=\"mb-2 whitespace-pre-wrap\">\u201cA falta de previs\u00e3o legal expressa gera inseguran\u00e7a jur\u00eddica e dificulta o acesso ao benef\u00edcio, obrigando familiares a ingressarem na Justi\u00e7a para assegurar recursos m\u00ednimos \u00e0 subsist\u00eancia do rec\u00e9m-nascido\u201d, afirma o autor.<\/p>\n<p class=\"mb-2 whitespace-pre-wrap\">Segundo o parlamentar, muitas vezes a responsabilidade recai sobre av\u00f3s ou irm\u00e3os mais velhos de forma imediata. O projeto visa evitar burocracia e garantir recursos para a crian\u00e7a \u00f3rf\u00e3 em um momento cr\u00edtico, reconhecendo a realidade das fam\u00edlias brasileiras.<\/p>\n<p class=\"mb-2 whitespace-pre-wrap\"><strong>Pr\u00f3ximos passos<br \/><\/strong>A proposta, que tramita em <span id=\"4322\" class=\"termoGlossario\" title=\"Rito de tramita\u00e7\u00e3o pelo qual o projeto \u00e9 votado apenas pelas comiss\u00f5es designadas para analis\u00e1-lo, dispensada a delibera\u00e7\u00e3o do Plen\u00e1rio. O projeto perde o car\u00e1ter conclusivo se houver decis\u00e3o divergente entre as comiss\u00f5es ou se, independentemente de ser aprovado ou rejeitado, houver recurso assinado por 52 deputados para a aprecia\u00e7\u00e3o da mat\u00e9ria no Plen\u00e1rio.\" contenteditable=\"false\" data-toggle=\"tooltip\" data-placement=\"top\">car\u00e1ter conclusivo<\/span>, ser\u00e1 analisada pelas comiss\u00f5es de Previd\u00eancia, Assist\u00eancia Social, Inf\u00e2ncia, Adolesc\u00eancia e Fam\u00edlia; de Finan\u00e7as e Tributa\u00e7\u00e3o; e de Constitui\u00e7\u00e3o e Justi\u00e7a e de Cidadania.<\/p>\n<p>        <a href=\"https:\/\/www.camara.leg.br\/noticias\/573454-SAIBA-MAIS-SOBRE-A-TRAMITACAO-DE-PROJETOS-DE-LEI\">Saiba mais sobre a tramita\u00e7\u00e3o de projetos de lei<\/a><\/p>\n<p style=\"font-size: 0.8rem; font-weight: 700;\">Reportagem \u2013 Emanuelle Brasil<br \/>Edi\u00e7\u00e3o \u2013 Ana Chalub<\/p>\n<\/p><\/div>\n<p><\/a><\/p>\n<p>Fonte: www.camara.leg.br<\/p>\n","protected":false},"excerpt":{"rendered":"<p>17\/03\/2026 &#8211; 16:49 \u00a0 Zeca Ribeiro Duda Ramos, autor da proposta O Projeto de Lei 6746\/25 amplia a cobertura do sal\u00e1rio-maternidade para garantir o pagamento do benef\u00edcio a av\u00f3s, bisav\u00f3s ou irm\u00e3os maiores de idade que assumam a responsabilidade pela crian\u00e7a em caso de falecimento da m\u00e3e. A proposta est\u00e1 em an\u00e1lise na C\u00e2mara dos [&hellip;]<\/p>\n","protected":false},"author":3,"featured_media":8233,"comment_status":"open","ping_status":"open","sticky":false,"template":"","format":"standard","meta":{"advanced_seo_description":"","jetpack_seo_html_title":"","jetpack_seo_noindex":false,"fifu_image_url":"https:\/\/www.camara.leg.br\/midias\/image\/2026\/03\/img20231213212925179-768x473.jpg","fifu_image_alt":"","_jetpack_memberships_contains_paid_content":false,"footnotes":"","jetpack_publicize_message":"","jetpack_publicize_feature_enabled":true,"jetpack_social_post_already_shared":true,"jetpack_social_options":{"image_generator_settings":{"template":"highway","default_image_id":0,"font":"","enabled":false},"version":2}},"categories":[106,1],"tags":[],"class_list":{"0":"post-8232","1":"post","2":"type-post","3":"status-publish","4":"format-standard","5":"has-post-thumbnail","7":"category-politica","8":"category-uncategorized"},"jetpack_publicize_connections":[],"jetpack_featured_media_url":"https:\/\/i0.wp.com\/www.camara.leg.br\/midias\/image\/2026\/03\/img20231213212925179-768x473.jpg?fit=%2C&ssl=1","jetpack_sharing_enabled":true,"jetpack-related-posts":[],"_links":{"self":[{"href":"https:\/\/friburgonoticias.com.br\/temp\/wp-json\/wp\/v2\/posts\/8232","targetHints":{"allow":["GET"]}}],"collection":[{"href":"https:\/\/friburgonoticias.com.br\/temp\/wp-json\/wp\/v2\/posts"}],"about":[{"href":"https:\/\/friburgonoticias.com.br\/temp\/wp-json\/wp\/v2\/types\/post"}],"author":[{"embeddable":true,"href":"https:\/\/friburgonoticias.com.br\/temp\/wp-json\/wp\/v2\/users\/3"}],"replies":[{"embeddable":true,"href":"https:\/\/friburgonoticias.com.br\/temp\/wp-json\/wp\/v2\/comments?post=8232"}],"version-history":[{"count":0,"href":"https:\/\/friburgonoticias.com.br\/temp\/wp-json\/wp\/v2\/posts\/8232\/revisions"}],"wp:featuredmedia":[{"embeddable":true,"href":"https:\/\/friburgonoticias.com.br\/temp\/wp-json\/wp\/v2\/media\/8233"}],"wp:attachment":[{"href":"https:\/\/friburgonoticias.com.br\/temp\/wp-json\/wp\/v2\/media?parent=8232"}],"wp:term":[{"taxonomy":"category","embeddable":true,"href":"https:\/\/friburgonoticias.com.br\/temp\/wp-json\/wp\/v2\/categories?post=8232"},{"taxonomy":"post_tag","embeddable":true,"href":"https:\/\/friburgonoticias.com.br\/temp\/wp-json\/wp\/v2\/tags?post=8232"}],"curies":[{"name":"wp","href":"https:\/\/api.w.org\/{rel}","templated":true}]}}