{"id":8238,"date":"2026-03-17T21:43:26","date_gmt":"2026-03-17T21:43:26","guid":{"rendered":"https:\/\/friburgonoticias.com.br\/temp\/2026\/03\/17\/especialistas-defendem-equipes-multidisciplinares-no-atendimento-a-pessoas-com-autismo-noticias\/"},"modified":"2026-03-17T21:43:26","modified_gmt":"2026-03-17T21:43:26","slug":"especialistas-defendem-equipes-multidisciplinares-no-atendimento-a-pessoas-com-autismo-noticias","status":"publish","type":"post","link":"https:\/\/friburgonoticias.com.br\/temp\/2026\/03\/17\/especialistas-defendem-equipes-multidisciplinares-no-atendimento-a-pessoas-com-autismo-noticias\/","title":{"rendered":"Especialistas defendem equipes multidisciplinares no atendimento a pessoas com autismo &#8211; Not\u00edcias"},"content":{"rendered":"<p><\/p>\n<div>\n<p class=\"g-artigo__data-hora\">\n                      17\/03\/2026 &#8211; 16:52 \u00a0\n                    <\/p>\n<div id=\"image-container-1254568\" class=\"image-container\" style=\"float: none; margin: 45px 0px; width: 100%;\" data-midia=\"1254568\">\n        <em>Vinicius Loures \/ C\u00e2mara dos Deputados<\/em><\/p>\n<p>        Marangoni vai propor cria\u00e7\u00e3o de Conselho Nacional do TEA\n        <\/p><\/div>\n<p>        A Comiss\u00e3o Especial da C\u00e2mara dos Deputados que analisa o <a class=\"linkProposicao\" href=\"https:\/\/www.camara.leg.br\/noticias\/1247110-projeto-cria-politica-nacional-dos-direitos-da-pessoa-com-autismo\">Projeto de Lei 3080\/20<\/a>, que cria uma pol\u00edtica nacional para pessoas com transtorno do espectro autista (TEA), reuniu especialistas nesta ter\u00e7a-feira (17) para debater o assunto.<br \/>\n        A representante do Conselho Federal de Fisioterapia e Terapia Ocupacional, Keis N\u00f3brega, defendeu a inclus\u00e3o expl\u00edcita no texto da terapia ocupacional, que, segundo ela, \u00e9 fundamental para promover autonomia nas atividades do dia a dia.<br \/>\n        \u201cO autismo exige assist\u00eancia integrada. Nenhuma abordagem isolada consegue abranger todos os campos de interven\u00e7\u00e3o\u201d, afirmou.<br \/>\n        A vice-presidente da Associa\u00e7\u00e3o Brasileira de Autismo (Abra), Keise N\u00f3brega, apresentou quatro prioridades para a pol\u00edtica nacional:<\/p>\n<ul>\n<li>acesso a neurologistas e equipes multidisciplinares pelo Sistema \u00danico de Sa\u00fade (SUS);<\/li>\n<li>educa\u00e7\u00e3o inclusiva com profissionais de apoio e materiais adaptados;<\/li>\n<li>inclus\u00e3o de jovens e adultos no mercado de trabalho;<\/li>\n<li>atendimento espec\u00edfico para pessoas com autismo idosas.<\/li>\n<\/ul>\n<p>        O vereador de Bag\u00e9 (RS) Jo\u00e3o Schardosim, que se define como pai at\u00edpico, pediu apoio psicol\u00f3gico \u00e0s m\u00e3es.\u00a0\u201cAs m\u00e3es est\u00e3o implorando socorro. Muitas precisam deixar o emprego para cuidar dos filhos e n\u00e3o t\u00eam suporte financeiro ou emocional\u201d, relatou.<br \/>\n        A deputada Maria Rosas (Republicanos-SP), que presidiu a reuni\u00e3o, disse que a integra\u00e7\u00e3o entre sa\u00fade, educa\u00e7\u00e3o e sociedade civil \u00e9 essencial para atender \u00e0s necessidades das fam\u00edlias.<br \/>\n        O relator da proposta, deputado Marangoni (Uni\u00e3o-SP), afirmou que o parecer final deve priorizar o apoio \u00e0s fam\u00edlias.<br \/>\n        Ele sugeriu a cria\u00e7\u00e3o de um Conselho Nacional do TEA, com participa\u00e7\u00e3o da sociedade civil, para fiscalizar as pol\u00edticas p\u00fablicas e garantir recursos para os munic\u00edpios.<br \/>\n        <strong>A\u00e7\u00f5es do Minist\u00e9rio da Sa\u00fade<br \/><\/strong>O diretor do Departamento de Aten\u00e7\u00e3o Especializada e Tem\u00e1tica do Minist\u00e9rio da Sa\u00fade, Artur Melo, informou que o minist\u00e9rio implementa um projeto da Organiza\u00e7\u00e3o Mundial da Sa\u00fade (OMS) para treinar cuidadores.<br \/>\n        Ele destacou o uso do Projeto Terap\u00eautico Singular, que adapta o atendimento \u00e0s necessidades de cada pessoa e fam\u00edlia. Tamb\u00e9m reconheceu falta de profissionais, como terapeutas ocupacionais e fonoaudi\u00f3logos, principalmente no interior do pa\u00eds.<br \/>\n        \u00a0<br \/>\n        <iframe class=\"infografico-container\" style=\"width: 100%; height: 100%;\" src=\"https:\/\/www.camara.leg.br\/internet\/agencia\/infograficos-html5\/transtorno-autismo-completa\/index.html\" frameborder=\"0\" data-mce-fragment=\"1\"><\/iframe><br \/>\n        \u00a0<\/p>\n<p style=\"font-size: 0.8rem; font-weight: 700;\">Da Reda\u00e7\u00e3o &#8211; GM<\/p>\n<\/p><\/div>\n<p><\/a><\/p>\n<p>Fonte: www.camara.leg.br<\/p>\n","protected":false},"excerpt":{"rendered":"<p>17\/03\/2026 &#8211; 16:52 \u00a0 Vinicius Loures \/ C\u00e2mara dos Deputados Marangoni vai propor cria\u00e7\u00e3o de Conselho Nacional do TEA A Comiss\u00e3o Especial da C\u00e2mara dos Deputados que analisa o Projeto de Lei 3080\/20, que cria uma pol\u00edtica nacional para pessoas com transtorno do espectro autista (TEA), reuniu especialistas nesta ter\u00e7a-feira (17) para debater o assunto. [&hellip;]<\/p>\n","protected":false},"author":3,"featured_media":8239,"comment_status":"open","ping_status":"open","sticky":false,"template":"","format":"standard","meta":{"advanced_seo_description":"","jetpack_seo_html_title":"","jetpack_seo_noindex":false,"fifu_image_url":"https:\/\/www.camara.leg.br\/midias\/image\/2026\/03\/img20260317163432605-768x473.jpg","fifu_image_alt":"","_jetpack_memberships_contains_paid_content":false,"footnotes":"","jetpack_publicize_message":"","jetpack_publicize_feature_enabled":true,"jetpack_social_post_already_shared":true,"jetpack_social_options":{"image_generator_settings":{"template":"highway","default_image_id":0,"font":"","enabled":false},"version":2}},"categories":[106,1],"tags":[],"class_list":{"0":"post-8238","1":"post","2":"type-post","3":"status-publish","4":"format-standard","5":"has-post-thumbnail","7":"category-politica","8":"category-uncategorized"},"jetpack_publicize_connections":[],"jetpack_featured_media_url":"https:\/\/i0.wp.com\/www.camara.leg.br\/midias\/image\/2026\/03\/img20260317163432605-768x473.jpg?fit=%2C&ssl=1","jetpack_sharing_enabled":true,"jetpack-related-posts":[],"_links":{"self":[{"href":"https:\/\/friburgonoticias.com.br\/temp\/wp-json\/wp\/v2\/posts\/8238","targetHints":{"allow":["GET"]}}],"collection":[{"href":"https:\/\/friburgonoticias.com.br\/temp\/wp-json\/wp\/v2\/posts"}],"about":[{"href":"https:\/\/friburgonoticias.com.br\/temp\/wp-json\/wp\/v2\/types\/post"}],"author":[{"embeddable":true,"href":"https:\/\/friburgonoticias.com.br\/temp\/wp-json\/wp\/v2\/users\/3"}],"replies":[{"embeddable":true,"href":"https:\/\/friburgonoticias.com.br\/temp\/wp-json\/wp\/v2\/comments?post=8238"}],"version-history":[{"count":0,"href":"https:\/\/friburgonoticias.com.br\/temp\/wp-json\/wp\/v2\/posts\/8238\/revisions"}],"wp:featuredmedia":[{"embeddable":true,"href":"https:\/\/friburgonoticias.com.br\/temp\/wp-json\/wp\/v2\/media\/8239"}],"wp:attachment":[{"href":"https:\/\/friburgonoticias.com.br\/temp\/wp-json\/wp\/v2\/media?parent=8238"}],"wp:term":[{"taxonomy":"category","embeddable":true,"href":"https:\/\/friburgonoticias.com.br\/temp\/wp-json\/wp\/v2\/categories?post=8238"},{"taxonomy":"post_tag","embeddable":true,"href":"https:\/\/friburgonoticias.com.br\/temp\/wp-json\/wp\/v2\/tags?post=8238"}],"curies":[{"name":"wp","href":"https:\/\/api.w.org\/{rel}","templated":true}]}}