{"id":8292,"date":"2026-03-18T18:53:32","date_gmt":"2026-03-18T18:53:32","guid":{"rendered":"https:\/\/friburgonoticias.com.br\/temp\/2026\/03\/18\/filha-de-eduardo-cunha-dani-cunha-deixa-uniao-brasil-pelo-pl-evento-de-filiacao-sera-no-domingo-22\/"},"modified":"2026-03-18T18:53:32","modified_gmt":"2026-03-18T18:53:32","slug":"filha-de-eduardo-cunha-dani-cunha-deixa-uniao-brasil-pelo-pl-evento-de-filiacao-sera-no-domingo-22","status":"publish","type":"post","link":"https:\/\/friburgonoticias.com.br\/temp\/2026\/03\/18\/filha-de-eduardo-cunha-dani-cunha-deixa-uniao-brasil-pelo-pl-evento-de-filiacao-sera-no-domingo-22\/","title":{"rendered":"Filha de Eduardo Cunha, Dani Cunha deixa Uni\u00e3o Brasil pelo PL; evento de filia\u00e7\u00e3o ser\u00e1 no domingo (22)"},"content":{"rendered":"<p><\/p>\n<div itemprop=\"articleBody\">\nA deputada federal Dani Cunha decidiu deixar o Uni\u00e3o Brasil e se filiar ao PL, legenda do ex-presidente Jair Bolsonaro. A cerim\u00f4nia est\u00e1 marcada para o pr\u00f3ximo domingo, 22 de mar\u00e7o, \u00e0s 15h, na quadra da S\u00e3o Clemente, no Centro do Rio.<\/p>\n<p>A filia\u00e7\u00e3o deve contar com a presen\u00e7a do presidente nacional do PL, Valdemar Costa Neto. Tamb\u00e9m s\u00e3o esperados o senador Fl\u00e1vio Bolsonaro, o governador Cl\u00e1udio Castro, o l\u00edder do partido na C\u00e2mara dos Deputados, S\u00f3stenes Cavalcante, o l\u00edder do PL no Rio, Altineu C\u00f4rtes, e o pr\u00e9-candidato ao governo do estado, Douglas Ruas.<\/p>\n<p>A movimenta\u00e7\u00e3o refor\u00e7a o reposicionamento pol\u00edtico da parlamentar, que declarou fazer \u201cum movimento de alinhamento de valores\u201d com a mudan\u00e7a de partido.<\/p>\n<p>Filha do ex-presidente da C\u00e2mara Eduardo Cunha, a deputada est\u00e1 em seu primeiro mandato em Bras\u00edlia, ap\u00f3s ter sido eleita em 2022.<\/p>\n<div class=\"wp-block-image\">\n<figure class=\"aligncenter size-large\"><img loading=\"lazy\" decoding=\"async\" width=\"703\" height=\"1024\" src=\"https:\/\/temporealrj.com\/wp-content\/uploads\/2026\/03\/WhatsApp-Image-2026-03-18-at-15.34.42-1-703x1024.jpeg\" alt=\"WhatsApp Image 2026 03 18 at 15.34.42 1\" class=\"wp-image-124756\" title=\"Filha de Eduardo Cunha, Dani Cunha deixa Uni\u00e3o Brasil pelo PL; evento de filia\u00e7\u00e3o ser\u00e1 no domingo (22) 62\" srcset=\"https:\/\/temporealrj.com\/wp-content\/uploads\/2026\/03\/WhatsApp-Image-2026-03-18-at-15.34.42-1-703x1024.jpeg 703w, https:\/\/temporealrj.com\/wp-content\/uploads\/2026\/03\/WhatsApp-Image-2026-03-18-at-15.34.42-1-206x300.jpeg 206w, https:\/\/temporealrj.com\/wp-content\/uploads\/2026\/03\/WhatsApp-Image-2026-03-18-at-15.34.42-1-768x1119.jpeg 768w, https:\/\/temporealrj.com\/wp-content\/uploads\/2026\/03\/WhatsApp-Image-2026-03-18-at-15.34.42-1-1054x1536.jpeg 1054w, https:\/\/temporealrj.com\/wp-content\/uploads\/2026\/03\/WhatsApp-Image-2026-03-18-at-15.34.42-1-860x1253.jpeg 860w, https:\/\/temporealrj.com\/wp-content\/uploads\/2026\/03\/WhatsApp-Image-2026-03-18-at-15.34.42-1.jpeg 1098w\" sizes=\"auto, (max-width: 703px) 100vw, 703px\"\/><\/figure>\n<\/div>\n<\/div>\n<p><\/a><\/p>\n<p>Fonte: temporealrj.com<\/p>\n","protected":false},"excerpt":{"rendered":"<p>A deputada federal Dani Cunha decidiu deixar o Uni\u00e3o Brasil e se filiar ao PL, legenda do ex-presidente Jair Bolsonaro. A cerim\u00f4nia est\u00e1 marcada para o pr\u00f3ximo domingo, 22 de mar\u00e7o, \u00e0s 15h, na quadra da S\u00e3o Clemente, no Centro do Rio. A filia\u00e7\u00e3o deve contar com a presen\u00e7a do presidente nacional do PL, Valdemar [&hellip;]<\/p>\n","protected":false},"author":3,"featured_media":8293,"comment_status":"open","ping_status":"open","sticky":false,"template":"","format":"standard","meta":{"advanced_seo_description":"","jetpack_seo_html_title":"","jetpack_seo_noindex":false,"fifu_image_url":"https:\/\/temporealrj.com\/wp-content\/uploads\/2026\/03\/EduardoCunha-LIvro-TchauQuerida-DanielleCunha-120-848x477-1.jpg","fifu_image_alt":"","_jetpack_memberships_contains_paid_content":false,"footnotes":"","jetpack_publicize_message":"","jetpack_publicize_feature_enabled":true,"jetpack_social_post_already_shared":true,"jetpack_social_options":{"image_generator_settings":{"template":"highway","default_image_id":0,"font":"","enabled":false},"version":2}},"categories":[106,1],"tags":[],"class_list":{"0":"post-8292","1":"post","2":"type-post","3":"status-publish","4":"format-standard","5":"has-post-thumbnail","7":"category-politica","8":"category-uncategorized"},"jetpack_publicize_connections":[],"jetpack_featured_media_url":"https:\/\/i0.wp.com\/temporealrj.com\/wp-content\/uploads\/2026\/03\/EduardoCunha-LIvro-TchauQuerida-DanielleCunha-120-848x477-1.jpg?fit=%2C&ssl=1","jetpack_sharing_enabled":true,"jetpack-related-posts":[],"_links":{"self":[{"href":"https:\/\/friburgonoticias.com.br\/temp\/wp-json\/wp\/v2\/posts\/8292","targetHints":{"allow":["GET"]}}],"collection":[{"href":"https:\/\/friburgonoticias.com.br\/temp\/wp-json\/wp\/v2\/posts"}],"about":[{"href":"https:\/\/friburgonoticias.com.br\/temp\/wp-json\/wp\/v2\/types\/post"}],"author":[{"embeddable":true,"href":"https:\/\/friburgonoticias.com.br\/temp\/wp-json\/wp\/v2\/users\/3"}],"replies":[{"embeddable":true,"href":"https:\/\/friburgonoticias.com.br\/temp\/wp-json\/wp\/v2\/comments?post=8292"}],"version-history":[{"count":0,"href":"https:\/\/friburgonoticias.com.br\/temp\/wp-json\/wp\/v2\/posts\/8292\/revisions"}],"wp:featuredmedia":[{"embeddable":true,"href":"https:\/\/friburgonoticias.com.br\/temp\/wp-json\/wp\/v2\/media\/8293"}],"wp:attachment":[{"href":"https:\/\/friburgonoticias.com.br\/temp\/wp-json\/wp\/v2\/media?parent=8292"}],"wp:term":[{"taxonomy":"category","embeddable":true,"href":"https:\/\/friburgonoticias.com.br\/temp\/wp-json\/wp\/v2\/categories?post=8292"},{"taxonomy":"post_tag","embeddable":true,"href":"https:\/\/friburgonoticias.com.br\/temp\/wp-json\/wp\/v2\/tags?post=8292"}],"curies":[{"name":"wp","href":"https:\/\/api.w.org\/{rel}","templated":true}]}}