{"id":8298,"date":"2026-03-18T19:42:36","date_gmt":"2026-03-18T19:42:36","guid":{"rendered":"https:\/\/friburgonoticias.com.br\/temp\/2026\/03\/18\/liminar-anula-eleicao-de-deputado-de-sp-e-mantem-comte-bittencourt-na-presidencia-do-cidadania\/"},"modified":"2026-03-18T19:42:36","modified_gmt":"2026-03-18T19:42:36","slug":"liminar-anula-eleicao-de-deputado-de-sp-e-mantem-comte-bittencourt-na-presidencia-do-cidadania","status":"publish","type":"post","link":"https:\/\/friburgonoticias.com.br\/temp\/2026\/03\/18\/liminar-anula-eleicao-de-deputado-de-sp-e-mantem-comte-bittencourt-na-presidencia-do-cidadania\/","title":{"rendered":"Liminar anula elei\u00e7\u00e3o de deputado de SP e mant\u00e9m Comte Bittencourt na presid\u00eancia do Cidadania"},"content":{"rendered":"<p><\/p>\n<div itemprop=\"articleBody\">\nO <a href=\"https:\/\/www.tjdft.jus.br\/\" target=\"_blank\" rel=\"noopener\">Tribunal de Justi\u00e7a do Distrito Federal e dos Territ\u00f3rios (TJDFT)<\/a> anulou, em decis\u00e3o liminar, o resultado do congresso de 4 de mar\u00e7o que elegeu o deputado federal Alex Manente (SP) para a <a href=\"https:\/\/temporealrj.com\/treta-cidadania-dois-presidentes-eleitos\/\">presid\u00eancia do Cidadania<\/a>. Com isso, passa a valer o resultado de outro congresso, realizado em 6 de mar\u00e7o, que reconduziu o ex-deputado Comte Bittencourt (RJ) ao comando da sigla.<\/p>\n<p>A liminar foi concedida nesta quarta-feira (18) pelo desembargador R\u00f4mulo de Ara\u00fajo Mendese, que constatou que 63% dos membros do Diret\u00f3rio n\u00e3o participaram da reuni\u00e3o de 24 de fevereiro, que marcou o congresso de 4 de mar\u00e7o que elegeu Manente. Segundo o estatuto do Cidadania, a convoca\u00e7\u00e3o exigia o apoio da maioria absoluta do Conselho Nacional.<\/p>\n<p>\u201cCom esta decis\u00e3o, o Cidadania retoma a normalidade democr\u00e1tica. Prevalece a vontade da ampla maioria do Diret\u00f3rio Nacional, que convocou e participou do Congresso realizado no \u00faltimo dia 6, conforme orienta o nosso estatuto\u201d, comentou Comte, ap\u00f3s a manifesta\u00e7\u00e3o da Justi\u00e7a.<\/p>\n<h2 class=\"wp-block-heading\"><strong>Grupo do Cidadania recorre ao TSE para garantir o reconhecimento da posse de Bittencourt<\/strong><\/h2>\n<p>De acordo com o ex-deputado, diferentemente do primeiro congresso, o encontro de 6 de mar\u00e7o contou com 64 delegados de 20 estados, garantindo o qu\u00f3rum m\u00ednimo necess\u00e1rio para validar suas decis\u00f5es. Um novo Diret\u00f3rio Nacional, com 101 membros, foi eleito, e Bittencourt foi reconduzido \u00e0 presid\u00eancia da Executiva Nacional do Cidadania. <\/p>\n<p>Toda a treta interna no partido surge porque Comte e Freire representam grupos distintos e j\u00e1 disputavam na Justi\u00e7a a presid\u00eancia nacional. Ap\u00f3s a liminar, a ala que elegeu Bittencourt informou que recorrer\u00e1 ao Tribunal Superior Eleitoral (TSE) para assegurar o reconhecimento de sua posse.\n<\/p><\/div>\n<p><\/a><\/p>\n<p>Fonte: temporealrj.com<\/p>\n","protected":false},"excerpt":{"rendered":"<p>O Tribunal de Justi\u00e7a do Distrito Federal e dos Territ\u00f3rios (TJDFT) anulou, em decis\u00e3o liminar, o resultado do congresso de 4 de mar\u00e7o que elegeu o deputado federal Alex Manente (SP) para a presid\u00eancia do Cidadania. Com isso, passa a valer o resultado de outro congresso, realizado em 6 de mar\u00e7o, que reconduziu o ex-deputado [&hellip;]<\/p>\n","protected":false},"author":3,"featured_media":8299,"comment_status":"open","ping_status":"open","sticky":false,"template":"","format":"standard","meta":{"advanced_seo_description":"","jetpack_seo_html_title":"","jetpack_seo_noindex":false,"fifu_image_url":"https:\/\/temporealrj.com\/wp-content\/uploads\/2026\/03\/WhatsApp-Image-2026-03-18-at-15.40.48-e1773861640920.jpeg","fifu_image_alt":"","_jetpack_memberships_contains_paid_content":false,"footnotes":"","jetpack_publicize_message":"","jetpack_publicize_feature_enabled":true,"jetpack_social_post_already_shared":true,"jetpack_social_options":{"image_generator_settings":{"template":"highway","default_image_id":0,"font":"","enabled":false},"version":2}},"categories":[107],"tags":[],"class_list":{"0":"post-8298","1":"post","2":"type-post","3":"status-publish","4":"format-standard","5":"has-post-thumbnail","7":"category-economia"},"jetpack_publicize_connections":[],"jetpack_featured_media_url":"https:\/\/i0.wp.com\/temporealrj.com\/wp-content\/uploads\/2026\/03\/WhatsApp-Image-2026-03-18-at-15.40.48-e1773861640920.jpeg?fit=%2C&ssl=1","jetpack_sharing_enabled":true,"jetpack-related-posts":[],"_links":{"self":[{"href":"https:\/\/friburgonoticias.com.br\/temp\/wp-json\/wp\/v2\/posts\/8298","targetHints":{"allow":["GET"]}}],"collection":[{"href":"https:\/\/friburgonoticias.com.br\/temp\/wp-json\/wp\/v2\/posts"}],"about":[{"href":"https:\/\/friburgonoticias.com.br\/temp\/wp-json\/wp\/v2\/types\/post"}],"author":[{"embeddable":true,"href":"https:\/\/friburgonoticias.com.br\/temp\/wp-json\/wp\/v2\/users\/3"}],"replies":[{"embeddable":true,"href":"https:\/\/friburgonoticias.com.br\/temp\/wp-json\/wp\/v2\/comments?post=8298"}],"version-history":[{"count":0,"href":"https:\/\/friburgonoticias.com.br\/temp\/wp-json\/wp\/v2\/posts\/8298\/revisions"}],"wp:featuredmedia":[{"embeddable":true,"href":"https:\/\/friburgonoticias.com.br\/temp\/wp-json\/wp\/v2\/media\/8299"}],"wp:attachment":[{"href":"https:\/\/friburgonoticias.com.br\/temp\/wp-json\/wp\/v2\/media?parent=8298"}],"wp:term":[{"taxonomy":"category","embeddable":true,"href":"https:\/\/friburgonoticias.com.br\/temp\/wp-json\/wp\/v2\/categories?post=8298"},{"taxonomy":"post_tag","embeddable":true,"href":"https:\/\/friburgonoticias.com.br\/temp\/wp-json\/wp\/v2\/tags?post=8298"}],"curies":[{"name":"wp","href":"https:\/\/api.w.org\/{rel}","templated":true}]}}