{"id":8300,"date":"2026-03-18T20:53:23","date_gmt":"2026-03-18T20:53:23","guid":{"rendered":"https:\/\/friburgonoticias.com.br\/temp\/2026\/03\/18\/brazao-e-transferido-para-bangu-8-onde-rivaldo-tambem-volta-a-ocupar-uma-das-celas\/"},"modified":"2026-03-18T20:53:23","modified_gmt":"2026-03-18T20:53:23","slug":"brazao-e-transferido-para-bangu-8-onde-rivaldo-tambem-volta-a-ocupar-uma-das-celas","status":"publish","type":"post","link":"https:\/\/friburgonoticias.com.br\/temp\/2026\/03\/18\/brazao-e-transferido-para-bangu-8-onde-rivaldo-tambem-volta-a-ocupar-uma-das-celas\/","title":{"rendered":"Braz\u00e3o \u00e9 transferido para Bangu 8, onde Rivaldo tamb\u00e9m volta a ocupar uma das celas"},"content":{"rendered":"<p><\/p>\n<div itemprop=\"articleBody\">\nCondenado como mandante do assassinato da vereadora Marielle Franco, o conselheiro do Tribunal de Contas do Estado do Rio (TCE-RJ), Domingos Braz\u00e3o, foi transferido, nesta quarta-feira (18), para\u00a0Bangu 8, no Complexo Penitenci\u00e1rio de Gericin\u00f3, conforme decis\u00e3o do ministro Alexandre de Moraes, do STF. <\/p>\n<p>Na ter\u00e7a (17), o ex-delegado Rivaldo Barbosa, que atuou como chefe da Pol\u00edcia Civil em 2018,<a href=\"https:\/\/temporealrj.com\/caso-marielle-rivaldo-barbosa-transferido-bangu-8-rio\/\"> tamb\u00e9m chegou ao pres\u00eddio de Bangu 8 para cumprir pena<\/a>. <\/p>\n<p>O\u00a0Pres\u00eddio Pedrolino Werling de Oliveira \u2014 conhecido como Bangu 8 \u2014 <a href=\"https:\/\/temporealrj.com\/marielle-moraes-autoriza-transferencia-de-rivaldo-barbosa-e-domingos-brazao-para-o-rio\/\">\u00e9 conhecido como a pris\u00e3o de presos considerados de perfil pol\u00edtico ou midi\u00e1tico<\/a>.<\/p>\n<p><a href=\"https:\/\/temporealrj.com\/por-unanimidade-stf-condena-irmaos-brazao-como-mandantes-do-assassinato-de-marielle\/\">Braz\u00e3o estava no pres\u00eddio federal de Porto Velho<\/a>, em Rond\u00f4nia, e agora volta a ocupar uma das celas de Bangu 8, pres\u00eddio que j\u00e1 recebeu\u00a0pol\u00edticos, empres\u00e1rios e ex-agentes p\u00fablicos envolvidos em casos de grande repercuss\u00e3o nacional, especialmente em investiga\u00e7\u00f5es de corrup\u00e7\u00e3o.\n<\/div>\n<p><\/a><\/p>\n<p>Fonte: temporealrj.com<\/p>\n","protected":false},"excerpt":{"rendered":"<p>Condenado como mandante do assassinato da vereadora Marielle Franco, o conselheiro do Tribunal de Contas do Estado do Rio (TCE-RJ), Domingos Braz\u00e3o, foi transferido, nesta quarta-feira (18), para\u00a0Bangu 8, no Complexo Penitenci\u00e1rio de Gericin\u00f3, conforme decis\u00e3o do ministro Alexandre de Moraes, do STF. Na ter\u00e7a (17), o ex-delegado Rivaldo Barbosa, que atuou como chefe da [&hellip;]<\/p>\n","protected":false},"author":3,"featured_media":8301,"comment_status":"open","ping_status":"open","sticky":false,"template":"","format":"standard","meta":{"advanced_seo_description":"","jetpack_seo_html_title":"","jetpack_seo_noindex":false,"fifu_image_url":"https:\/\/temporealrj.com\/wp-content\/uploads\/2026\/03\/brazao-bangu-8.jpeg","fifu_image_alt":"","_jetpack_memberships_contains_paid_content":false,"footnotes":"","jetpack_publicize_message":"","jetpack_publicize_feature_enabled":true,"jetpack_social_post_already_shared":true,"jetpack_social_options":{"image_generator_settings":{"template":"highway","default_image_id":0,"font":"","enabled":false},"version":2}},"categories":[107],"tags":[],"class_list":{"0":"post-8300","1":"post","2":"type-post","3":"status-publish","4":"format-standard","5":"has-post-thumbnail","7":"category-economia"},"jetpack_publicize_connections":[],"jetpack_featured_media_url":"https:\/\/i0.wp.com\/temporealrj.com\/wp-content\/uploads\/2026\/03\/brazao-bangu-8.jpeg?fit=%2C&ssl=1","jetpack_sharing_enabled":true,"jetpack-related-posts":[],"_links":{"self":[{"href":"https:\/\/friburgonoticias.com.br\/temp\/wp-json\/wp\/v2\/posts\/8300","targetHints":{"allow":["GET"]}}],"collection":[{"href":"https:\/\/friburgonoticias.com.br\/temp\/wp-json\/wp\/v2\/posts"}],"about":[{"href":"https:\/\/friburgonoticias.com.br\/temp\/wp-json\/wp\/v2\/types\/post"}],"author":[{"embeddable":true,"href":"https:\/\/friburgonoticias.com.br\/temp\/wp-json\/wp\/v2\/users\/3"}],"replies":[{"embeddable":true,"href":"https:\/\/friburgonoticias.com.br\/temp\/wp-json\/wp\/v2\/comments?post=8300"}],"version-history":[{"count":0,"href":"https:\/\/friburgonoticias.com.br\/temp\/wp-json\/wp\/v2\/posts\/8300\/revisions"}],"wp:featuredmedia":[{"embeddable":true,"href":"https:\/\/friburgonoticias.com.br\/temp\/wp-json\/wp\/v2\/media\/8301"}],"wp:attachment":[{"href":"https:\/\/friburgonoticias.com.br\/temp\/wp-json\/wp\/v2\/media?parent=8300"}],"wp:term":[{"taxonomy":"category","embeddable":true,"href":"https:\/\/friburgonoticias.com.br\/temp\/wp-json\/wp\/v2\/categories?post=8300"},{"taxonomy":"post_tag","embeddable":true,"href":"https:\/\/friburgonoticias.com.br\/temp\/wp-json\/wp\/v2\/tags?post=8300"}],"curies":[{"name":"wp","href":"https:\/\/api.w.org\/{rel}","templated":true}]}}