{"id":8302,"date":"2026-03-18T21:18:21","date_gmt":"2026-03-18T21:18:21","guid":{"rendered":"https:\/\/friburgonoticias.com.br\/temp\/2026\/03\/18\/comissao-aprova-uso-obrigatorio-do-simbolo-internacional-de-acessibilidade-da-onu-noticias\/"},"modified":"2026-03-18T21:18:21","modified_gmt":"2026-03-18T21:18:21","slug":"comissao-aprova-uso-obrigatorio-do-simbolo-internacional-de-acessibilidade-da-onu-noticias","status":"publish","type":"post","link":"https:\/\/friburgonoticias.com.br\/temp\/2026\/03\/18\/comissao-aprova-uso-obrigatorio-do-simbolo-internacional-de-acessibilidade-da-onu-noticias\/","title":{"rendered":"Comiss\u00e3o aprova uso obrigat\u00f3rio do s\u00edmbolo internacional de acessibilidade da ONU &#8211; Not\u00edcias"},"content":{"rendered":"<p><\/p>\n<div>\n<div>\n<p class=\"g-artigo__data-hora\">\n                      18\/03\/2026 &#8211; 17:18 \u00a0\n                    <\/p>\n<div id=\"image-container-1255181\" class=\"image-container\" style=\"float: none; margin: 45px 0px; width: 100%;\" data-midia=\"1255181\">\n        <em>Kayo Magalh\u00e3es \/ C\u00e2mara dos Deputados<\/em><\/p>\n<p>        Diego Garcia, relator da proposta na CCJ\n        <\/p><\/div>\n<p>        A Comiss\u00e3o de Constitui\u00e7\u00e3o e Justi\u00e7a e de Cidadania (CCJ) da C\u00e2mara dos Deputados aprovou projeto de lei que torna obrigat\u00f3ria a utiliza\u00e7\u00e3o do s\u00edmbolo internacional de acessibilidade desenvolvido pela Organiza\u00e7\u00e3o das Na\u00e7\u00f5es Unidas em 2015 para identificar servi\u00e7os e locais acess\u00edveis a pessoas com defici\u00eancia.<br \/>\n        Considerado neutro, o novo \u00edcone busca atender a todos os tipos de defici\u00eancia e acessibilidade em vez do s\u00edmbolo internacional de acesso, tradicionalmente vinculado \u00e0s pessoas com mobilidade reduzida (a figura de um cadeirante em fundo azul ou negro).<br \/>\n        O texto aprovado seguir\u00e1 para a san\u00e7\u00e3o presidencial, a menos que haja recurso para an\u00e1lise do Plen\u00e1rio da C\u00e2mara.<br \/>\n        A CCJ aprovou as tr\u00eas <span id=\"4028\" class=\"termoGlossario\" title=\"Proposta para alterar, no todo ou em parte, o texto de um projeto de lei submetido \u00e0 discuss\u00e3o ou vota\u00e7\u00e3o.\" contenteditable=\"false\" data-toggle=\"tooltip\" data-placement=\"top\">emendas<\/span> do Senado ao <a class=\"linkProposicao\" href=\"https:\/\/www.camara.leg.br\/noticias\/561223-projeto-exige-atualizacao-de-icone-para-sinalizar-acessibilidade\">Projeto de Lei 2199\/22<\/a>, do deputado Aureo Ribeiro (Solidariedade-RJ). O relator, deputado Diego Garcia (Republicanos-PR), defendeu a aprova\u00e7\u00e3o das emendas, concluindo que todas s\u00e3o constitucionais e tecnicamente adequadas.<\/p>\n<div id=\"image-container-1255178\" class=\"image-container\" style=\"float: none; margin: 45px 0px; width: 100%;\" data-midia=\"1255178\">\n<p>        S\u00edmbolo internacional de acessibilidade\n        <\/p><\/div>\n<p>        Duas delas promovem altera\u00e7\u00f5es de reda\u00e7\u00e3o, como a substitui\u00e7\u00e3o da express\u00e3o &#8220;S\u00edmbolo Internacional de Acesso&#8221; por &#8220;S\u00edmbolo Internacional de Acessibilidade&#8221; no texto do projeto e na lei que define crit\u00e9rios para a coloca\u00e7\u00e3o do s\u00edmbolo (Lei 7.405\/85).<br \/>\n        A terceira emenda modificou o projeto para atribuir ao governo federal a tarefa de regulamentar a troca das placas de sinaliza\u00e7\u00e3o, excluindo o trecho que atribu\u00eda essa tarefa ao Conselho Nacional de Tr\u00e2nsito (Contran) e previa um prazo de at\u00e9 tr\u00eas anos para essas a\u00e7\u00f5es.<br \/>\n        \u201cAo usar Poder Executivo, a lei respeita a prerrogativa do presidente de decidir, via decreto, qual \u00f3rg\u00e3o (seja o Contran ou outro) ter\u00e1 a expertise para executar a norma\u201d, pontuou Garcia.<\/p>\n<p style=\"font-size: 0.8rem; font-weight: 700;\">Reportagem \u2013 Murilo Souza<br \/>Edi\u00e7\u00e3o \u2013 Ana Chalub<\/p>\n<\/p><\/div>\n<\/p><\/div>\n<p><\/a><\/p>\n<p>Fonte: www.camara.leg.br<\/p>\n","protected":false},"excerpt":{"rendered":"<p>18\/03\/2026 &#8211; 17:18 \u00a0 Kayo Magalh\u00e3es \/ C\u00e2mara dos Deputados Diego Garcia, relator da proposta na CCJ A Comiss\u00e3o de Constitui\u00e7\u00e3o e Justi\u00e7a e de Cidadania (CCJ) da C\u00e2mara dos Deputados aprovou projeto de lei que torna obrigat\u00f3ria a utiliza\u00e7\u00e3o do s\u00edmbolo internacional de acessibilidade desenvolvido pela Organiza\u00e7\u00e3o das Na\u00e7\u00f5es Unidas em 2015 para identificar [&hellip;]<\/p>\n","protected":false},"author":3,"featured_media":8303,"comment_status":"open","ping_status":"open","sticky":false,"template":"","format":"standard","meta":{"advanced_seo_description":"","jetpack_seo_html_title":"","jetpack_seo_noindex":false,"fifu_image_url":"https:\/\/www.camara.leg.br\/midias\/image\/2026\/03\/img20260318123259187-768x473.jpeg","fifu_image_alt":"","_jetpack_memberships_contains_paid_content":false,"footnotes":"","jetpack_publicize_message":"","jetpack_publicize_feature_enabled":true,"jetpack_social_post_already_shared":true,"jetpack_social_options":{"image_generator_settings":{"template":"highway","default_image_id":0,"font":"","enabled":false},"version":2}},"categories":[106,1],"tags":[],"class_list":{"0":"post-8302","1":"post","2":"type-post","3":"status-publish","4":"format-standard","5":"has-post-thumbnail","7":"category-politica","8":"category-uncategorized"},"jetpack_publicize_connections":[],"jetpack_featured_media_url":"https:\/\/i0.wp.com\/www.camara.leg.br\/midias\/image\/2026\/03\/img20260318123259187-768x473.jpeg?fit=%2C&ssl=1","jetpack_sharing_enabled":true,"jetpack-related-posts":[],"_links":{"self":[{"href":"https:\/\/friburgonoticias.com.br\/temp\/wp-json\/wp\/v2\/posts\/8302","targetHints":{"allow":["GET"]}}],"collection":[{"href":"https:\/\/friburgonoticias.com.br\/temp\/wp-json\/wp\/v2\/posts"}],"about":[{"href":"https:\/\/friburgonoticias.com.br\/temp\/wp-json\/wp\/v2\/types\/post"}],"author":[{"embeddable":true,"href":"https:\/\/friburgonoticias.com.br\/temp\/wp-json\/wp\/v2\/users\/3"}],"replies":[{"embeddable":true,"href":"https:\/\/friburgonoticias.com.br\/temp\/wp-json\/wp\/v2\/comments?post=8302"}],"version-history":[{"count":0,"href":"https:\/\/friburgonoticias.com.br\/temp\/wp-json\/wp\/v2\/posts\/8302\/revisions"}],"wp:featuredmedia":[{"embeddable":true,"href":"https:\/\/friburgonoticias.com.br\/temp\/wp-json\/wp\/v2\/media\/8303"}],"wp:attachment":[{"href":"https:\/\/friburgonoticias.com.br\/temp\/wp-json\/wp\/v2\/media?parent=8302"}],"wp:term":[{"taxonomy":"category","embeddable":true,"href":"https:\/\/friburgonoticias.com.br\/temp\/wp-json\/wp\/v2\/categories?post=8302"},{"taxonomy":"post_tag","embeddable":true,"href":"https:\/\/friburgonoticias.com.br\/temp\/wp-json\/wp\/v2\/tags?post=8302"}],"curies":[{"name":"wp","href":"https:\/\/api.w.org\/{rel}","templated":true}]}}