{"id":8304,"date":"2026-03-18T21:58:20","date_gmt":"2026-03-18T21:58:20","guid":{"rendered":"https:\/\/friburgonoticias.com.br\/temp\/2026\/03\/18\/reforma-no-guanabara-castro-prepara-a-exoneracao-de-14-integrantes-do-primeiro-escalao-lista-deve-ser-publicada-ate-sexta\/"},"modified":"2026-03-18T21:58:20","modified_gmt":"2026-03-18T21:58:20","slug":"reforma-no-guanabara-castro-prepara-a-exoneracao-de-14-integrantes-do-primeiro-escalao-lista-deve-ser-publicada-ate-sexta","status":"publish","type":"post","link":"https:\/\/friburgonoticias.com.br\/temp\/2026\/03\/18\/reforma-no-guanabara-castro-prepara-a-exoneracao-de-14-integrantes-do-primeiro-escalao-lista-deve-ser-publicada-ate-sexta\/","title":{"rendered":"Reforma no Guanabara: Castro prepara a exonera\u00e7\u00e3o de 14 integrantes do primeiro escal\u00e3o; lista deve ser publicada at\u00e9 sexta"},"content":{"rendered":"<p><\/p>\n<div itemprop=\"articleBody\">\nO governador Cl\u00e1udio Castro (PL) j\u00e1 d\u00e1 os toques finais na dan\u00e7a das cadeiras do primeiro escal\u00e3o do governo do estado. A expectativa \u00e9 que sejam publicadas, entre quinta (19) e sexta-feira (20), as exonera\u00e7\u00f5es de secret\u00e1rios que devem disputar as elei\u00e7\u00f5es de outubro.<\/p>\n<p>A conta mais recente aponta para a<a href=\"https:\/\/temporealrj.com\/secretarios-candidatos-deixam-governo\/\"> sa\u00edda de at\u00e9 14 integrantes do governo<\/a>, incluindo Douglas Ruas, secret\u00e1rio de Cidades e pr\u00e9-candidato ao governo, e Nicola Miccione, da Casa Civil \u2014 que devem formar a chapa governista para a elei\u00e7\u00e3o indireta da Assembleia Legislativa.<\/p>\n<p>Tamb\u00e9m devem deixar os cargos nas pr\u00f3ximas horas Andr\u00e9 Moura, titular da secretaria de Governo; Felipe Cury, chefe da Pol\u00edcia Civil; e o coronel Marcelo Menezes, \u00e0 frente da Pol\u00edcia Militar. A lista inclui ainda Gustavo Tutuca (Turismo), Bruno Dauaire (Uni\u00e3o) e Anderson de Moraes (Ci\u00eancia e Tecnologia), entre outros deputados estaduais ou pr\u00e9-candidatos.<\/p>\n<h2 class=\"wp-block-heading\">Substitutos j\u00e1 foram convocados para reuni\u00e3o com Castro no Pal\u00e1cio Guanabara<\/h2>\n<p>O governo j\u00e1 at\u00e9 solicitou a documenta\u00e7\u00e3o dos substitutos, muitos deles indicados pelos pr\u00f3prios secret\u00e1rios que deixar\u00e3o os cargos.<\/p>\n<p>A nova equipe tamb\u00e9m j\u00e1 foi convocada para uma reuni\u00e3o com Castro.\n<\/p><\/div>\n<p><\/a><\/p>\n<p>Fonte: temporealrj.com<\/p>\n","protected":false},"excerpt":{"rendered":"<p>O governador Cl\u00e1udio Castro (PL) j\u00e1 d\u00e1 os toques finais na dan\u00e7a das cadeiras do primeiro escal\u00e3o do governo do estado. A expectativa \u00e9 que sejam publicadas, entre quinta (19) e sexta-feira (20), as exonera\u00e7\u00f5es de secret\u00e1rios que devem disputar as elei\u00e7\u00f5es de outubro. A conta mais recente aponta para a sa\u00edda de at\u00e9 14 [&hellip;]<\/p>\n","protected":false},"author":3,"featured_media":8305,"comment_status":"open","ping_status":"open","sticky":false,"template":"","format":"standard","meta":{"advanced_seo_description":"","jetpack_seo_html_title":"","jetpack_seo_noindex":false,"fifu_image_url":"https:\/\/temporealrj.com\/wp-content\/uploads\/2026\/01\/claudio-castro-e1769526456152.webp","fifu_image_alt":"","_jetpack_memberships_contains_paid_content":false,"footnotes":"","jetpack_publicize_message":"","jetpack_publicize_feature_enabled":true,"jetpack_social_post_already_shared":true,"jetpack_social_options":{"image_generator_settings":{"template":"highway","default_image_id":0,"font":"","enabled":false},"version":2}},"categories":[106,1],"tags":[],"class_list":{"0":"post-8304","1":"post","2":"type-post","3":"status-publish","4":"format-standard","5":"has-post-thumbnail","7":"category-politica","8":"category-uncategorized"},"jetpack_publicize_connections":[],"jetpack_featured_media_url":"https:\/\/i0.wp.com\/temporealrj.com\/wp-content\/uploads\/2026\/01\/claudio-castro-e1769526456152.webp?fit=%2C&ssl=1","jetpack_sharing_enabled":true,"jetpack-related-posts":[],"_links":{"self":[{"href":"https:\/\/friburgonoticias.com.br\/temp\/wp-json\/wp\/v2\/posts\/8304","targetHints":{"allow":["GET"]}}],"collection":[{"href":"https:\/\/friburgonoticias.com.br\/temp\/wp-json\/wp\/v2\/posts"}],"about":[{"href":"https:\/\/friburgonoticias.com.br\/temp\/wp-json\/wp\/v2\/types\/post"}],"author":[{"embeddable":true,"href":"https:\/\/friburgonoticias.com.br\/temp\/wp-json\/wp\/v2\/users\/3"}],"replies":[{"embeddable":true,"href":"https:\/\/friburgonoticias.com.br\/temp\/wp-json\/wp\/v2\/comments?post=8304"}],"version-history":[{"count":0,"href":"https:\/\/friburgonoticias.com.br\/temp\/wp-json\/wp\/v2\/posts\/8304\/revisions"}],"wp:featuredmedia":[{"embeddable":true,"href":"https:\/\/friburgonoticias.com.br\/temp\/wp-json\/wp\/v2\/media\/8305"}],"wp:attachment":[{"href":"https:\/\/friburgonoticias.com.br\/temp\/wp-json\/wp\/v2\/media?parent=8304"}],"wp:term":[{"taxonomy":"category","embeddable":true,"href":"https:\/\/friburgonoticias.com.br\/temp\/wp-json\/wp\/v2\/categories?post=8304"},{"taxonomy":"post_tag","embeddable":true,"href":"https:\/\/friburgonoticias.com.br\/temp\/wp-json\/wp\/v2\/tags?post=8304"}],"curies":[{"name":"wp","href":"https:\/\/api.w.org\/{rel}","templated":true}]}}