{"id":8346,"date":"2026-03-19T19:24:26","date_gmt":"2026-03-19T19:24:26","guid":{"rendered":"https:\/\/friburgonoticias.com.br\/temp\/2026\/03\/19\/comissao-aprova-projeto-que-recria-o-bienio-da-primeira-infancia-noticias\/"},"modified":"2026-03-19T19:24:26","modified_gmt":"2026-03-19T19:24:26","slug":"comissao-aprova-projeto-que-recria-o-bienio-da-primeira-infancia-noticias","status":"publish","type":"post","link":"https:\/\/friburgonoticias.com.br\/temp\/2026\/03\/19\/comissao-aprova-projeto-que-recria-o-bienio-da-primeira-infancia-noticias\/","title":{"rendered":"Comiss\u00e3o aprova projeto que recria o Bi\u00eanio da Primeira Inf\u00e2ncia &#8211; Not\u00edcias"},"content":{"rendered":"<p><\/p>\n<div>\n<div>\n<p class=\"g-artigo__data-hora\">\n                      19\/03\/2026 &#8211; 15:31 \u00a0\n                    <\/p>\n<div id=\"image-container-1255731\" class=\"image-container\" style=\"float: none; margin: 45px 0px; width: 100%;\" data-midia=\"1255731\">\n        <em>Zeca Ribeiro \/ C\u00e2mara dos Deputados<\/em><\/p>\n<p>        Deputada Maria do Ros\u00e1rio, relatora do projeto de lei na CCJ\n        <\/p><\/div>\n<p>        A Comiss\u00e3o de Constitui\u00e7\u00e3o e Justi\u00e7a e de Cidadania (CCJ) da C\u00e2mara dos Deputados aprovou o Projeto de Lei 534\/25, da deputada Laura Carneiro (PSD-RJ), que institui novamente o Bi\u00eanio da Primeira Inf\u00e2ncia do Brasil.<br \/>\n        A proposta altera a <a class=\"linkLegislacao\" href=\"https:\/\/www2.camara.gov.br\/legin\/fed\/lei\/2019\/lei-13960-19-dezembro-2019-789618-norma-pl.html\">Lei 13.960\/19<\/a>, que previa o marco comemorativo entre 2020 e 2021. Conforme o texto aprovado, o Bi\u00eanio da Primeira Inf\u00e2ncia passar\u00e1 a ser celebrado nos dois anos subsequentes \u00e0 publica\u00e7\u00e3o da futura lei.<br \/>\n        Como foi analisada em <span id=\"4322\" class=\"termoGlossario\" title=\"Rito de tramita\u00e7\u00e3o pelo qual o projeto \u00e9 votado apenas pelas comiss\u00f5es designadas para analis\u00e1-lo, dispensada a delibera\u00e7\u00e3o do Plen\u00e1rio. O projeto perde o car\u00e1ter conclusivo se houver decis\u00e3o divergente entre as comiss\u00f5es ou se, independentemente de ser aprovado ou rejeitado, houver recurso assinado por 52 deputados para a aprecia\u00e7\u00e3o da mat\u00e9ria no Plen\u00e1rio.\" contenteditable=\"false\" data-toggle=\"tooltip\" data-placement=\"top\">car\u00e1ter conclusivo<\/span>, a proposta dever\u00e1 seguir para o Senado, salvo se houver recurso para an\u00e1lise no Plen\u00e1rio da C\u00e2mara. Para virar lei, a vers\u00e3o final do texto precisa ser aprovada pelas duas Casas.<br \/>\n        <strong>Mobiliza\u00e7\u00e3o<\/strong><br \/>A relatora na CCJ, deputada Maria do Ros\u00e1rio (PT-RS), recomendou a aprova\u00e7\u00e3o do texto ap\u00f3s ajustes. \u201cA ideia \u00e9 potencializar a\u00e7\u00f5es de mobiliza\u00e7\u00e3o, informa\u00e7\u00e3o e sensibiliza\u00e7\u00e3o sobre a relev\u00e2ncia dos primeiros anos de vida\u201d, disse a relatora.<br \/>\n        Na justificativa que acompanha o projeto, Laura Carneiro, autora da proposta, afirmou que a emerg\u00eancia sanit\u00e1ria provocada pela pandemia da Covid-19 imp\u00f4s restri\u00e7\u00f5es a eventos e mobiliza\u00e7\u00f5es, esvaziando o alcance da iniciativa original.<\/p>\n<p style=\"font-size: 0.8rem; font-weight: 700;\">Da Reportagem\/RM<br \/>Edi\u00e7\u00e3o \u2013 Roberto Seabra<\/p>\n<\/p><\/div>\n<\/p><\/div>\n<p><\/a><\/p>\n<p>Fonte: www.camara.leg.br<\/p>\n","protected":false},"excerpt":{"rendered":"<p>19\/03\/2026 &#8211; 15:31 \u00a0 Zeca Ribeiro \/ C\u00e2mara dos Deputados Deputada Maria do Ros\u00e1rio, relatora do projeto de lei na CCJ A Comiss\u00e3o de Constitui\u00e7\u00e3o e Justi\u00e7a e de Cidadania (CCJ) da C\u00e2mara dos Deputados aprovou o Projeto de Lei 534\/25, da deputada Laura Carneiro (PSD-RJ), que institui novamente o Bi\u00eanio da Primeira Inf\u00e2ncia do [&hellip;]<\/p>\n","protected":false},"author":3,"featured_media":8347,"comment_status":"open","ping_status":"open","sticky":false,"template":"","format":"standard","meta":{"advanced_seo_description":"","jetpack_seo_html_title":"","jetpack_seo_noindex":false,"fifu_image_url":"https:\/\/www.camara.leg.br\/midias\/image\/2026\/03\/img20251202181905537-768x473.jpg","fifu_image_alt":"","_jetpack_memberships_contains_paid_content":false,"footnotes":"","jetpack_publicize_message":"","jetpack_publicize_feature_enabled":true,"jetpack_social_post_already_shared":true,"jetpack_social_options":{"image_generator_settings":{"template":"highway","default_image_id":0,"font":"","enabled":false},"version":2}},"categories":[106,1],"tags":[],"class_list":{"0":"post-8346","1":"post","2":"type-post","3":"status-publish","4":"format-standard","5":"has-post-thumbnail","7":"category-politica","8":"category-uncategorized"},"jetpack_publicize_connections":[],"jetpack_featured_media_url":"https:\/\/i0.wp.com\/www.camara.leg.br\/midias\/image\/2026\/03\/img20251202181905537-768x473.jpg?fit=%2C&ssl=1","jetpack_sharing_enabled":true,"jetpack-related-posts":[],"_links":{"self":[{"href":"https:\/\/friburgonoticias.com.br\/temp\/wp-json\/wp\/v2\/posts\/8346","targetHints":{"allow":["GET"]}}],"collection":[{"href":"https:\/\/friburgonoticias.com.br\/temp\/wp-json\/wp\/v2\/posts"}],"about":[{"href":"https:\/\/friburgonoticias.com.br\/temp\/wp-json\/wp\/v2\/types\/post"}],"author":[{"embeddable":true,"href":"https:\/\/friburgonoticias.com.br\/temp\/wp-json\/wp\/v2\/users\/3"}],"replies":[{"embeddable":true,"href":"https:\/\/friburgonoticias.com.br\/temp\/wp-json\/wp\/v2\/comments?post=8346"}],"version-history":[{"count":0,"href":"https:\/\/friburgonoticias.com.br\/temp\/wp-json\/wp\/v2\/posts\/8346\/revisions"}],"wp:featuredmedia":[{"embeddable":true,"href":"https:\/\/friburgonoticias.com.br\/temp\/wp-json\/wp\/v2\/media\/8347"}],"wp:attachment":[{"href":"https:\/\/friburgonoticias.com.br\/temp\/wp-json\/wp\/v2\/media?parent=8346"}],"wp:term":[{"taxonomy":"category","embeddable":true,"href":"https:\/\/friburgonoticias.com.br\/temp\/wp-json\/wp\/v2\/categories?post=8346"},{"taxonomy":"post_tag","embeddable":true,"href":"https:\/\/friburgonoticias.com.br\/temp\/wp-json\/wp\/v2\/tags?post=8346"}],"curies":[{"name":"wp","href":"https:\/\/api.w.org\/{rel}","templated":true}]}}