{"id":8348,"date":"2026-03-19T19:47:25","date_gmt":"2026-03-19T19:47:25","guid":{"rendered":"https:\/\/friburgonoticias.com.br\/temp\/2026\/03\/19\/secretario-da-policia-civil-felipe-curi-deixara-cargo-para-disputar-vaga-na-camara-dos-deputados\/"},"modified":"2026-03-19T19:47:25","modified_gmt":"2026-03-19T19:47:25","slug":"secretario-da-policia-civil-felipe-curi-deixara-cargo-para-disputar-vaga-na-camara-dos-deputados","status":"publish","type":"post","link":"https:\/\/friburgonoticias.com.br\/temp\/2026\/03\/19\/secretario-da-policia-civil-felipe-curi-deixara-cargo-para-disputar-vaga-na-camara-dos-deputados\/","title":{"rendered":"Secret\u00e1rio da Pol\u00edcia Civil Felipe Curi deixar\u00e1 cargo para disputar vaga na C\u00e2mara dos Deputados"},"content":{"rendered":"<p><\/p>\n<div itemprop=\"articleBody\">\nO secret\u00e1rio de Pol\u00edcia Civil do Rio, Felipe Curi, anunciou nesta quinta-feira (19) que vai deixar o cargo para concorrer a uma vaga na C\u00e2mara de Deputados nas elei\u00e7\u00f5es de outubro.<a href=\"https:\/\/temporealrj.com\/flavio-bolsonaro-fux-castro-eleicao-indireta\/\"> A declara\u00e7\u00e3o foi feita durante almo\u00e7o do Grupo de L\u00edderes Empresariais (Lide)<\/a>, realizado no Hotel Fairmont em Copacabana, na Zona Sul.<\/p>\n<p>Curi, que est\u00e1 \u00e0 frente da Pol\u00edcia Civil h\u00e1 cerca de um ano e meio, afirrmou que a decis\u00e3o passa pela necessidade de mudan\u00e7as na legisla\u00e7\u00e3o federal para avan\u00e7ar no combate \u00e0 criminalidade.<\/p>\n<p>\u201cEstou me licenciando da Pol\u00edcia Civil. Nunca gostei de pol\u00edtica, sou um profissional t\u00e9cnico e de atua\u00e7\u00e3o operacional. Mas quem vive e faz seguran\u00e7a p\u00fablica de verdade sabe que n\u00e3o \u00e9 problema de pol\u00edcia. A transforma\u00e7\u00e3o \u00e9 feita pelas leis. E eu sei o que precisa ser mudado\u201d, justificou.<\/p>\n<p>A inten\u00e7\u00e3o dele \u00e9 disputar uma vaga na C\u00e2mara dos Deputados. Antes da palestra, Curi refor\u00e7ou que o trabalho das for\u00e7as de seguran\u00e7a no estado j\u00e1 ultrapassa os limites da atua\u00e7\u00e3o policial, \u201cent\u00e3o, \u00e9 uma demanda que precisa de mudan\u00e7as legislativas no \u00e2mbito federal\u201d.<\/p>\n<p>Com a sa\u00edda de Curi, quem assume o comando da secretaria \u00e9 o delegado Delmir da Silva Gouvea, que ocupava o cargo de chefe de gabinete.<\/p>\n<p>Com informa\u00e7\u00f5es do jornal \u201cO Globo\u201d.\n<\/p><\/div>\n<p><\/a><\/p>\n<p>Fonte: temporealrj.com<\/p>\n","protected":false},"excerpt":{"rendered":"<p>O secret\u00e1rio de Pol\u00edcia Civil do Rio, Felipe Curi, anunciou nesta quinta-feira (19) que vai deixar o cargo para concorrer a uma vaga na C\u00e2mara de Deputados nas elei\u00e7\u00f5es de outubro. A declara\u00e7\u00e3o foi feita durante almo\u00e7o do Grupo de L\u00edderes Empresariais (Lide), realizado no Hotel Fairmont em Copacabana, na Zona Sul. Curi, que est\u00e1 [&hellip;]<\/p>\n","protected":false},"author":3,"featured_media":8349,"comment_status":"open","ping_status":"open","sticky":false,"template":"","format":"standard","meta":{"advanced_seo_description":"","jetpack_seo_html_title":"","jetpack_seo_noindex":false,"fifu_image_url":"https:\/\/temporealrj.com\/wp-content\/uploads\/2025\/11\/1000005446-scaled-e1762173377989.jpg","fifu_image_alt":"","_jetpack_memberships_contains_paid_content":false,"footnotes":"","jetpack_publicize_message":"","jetpack_publicize_feature_enabled":true,"jetpack_social_post_already_shared":true,"jetpack_social_options":{"image_generator_settings":{"template":"highway","default_image_id":0,"font":"","enabled":false},"version":2}},"categories":[107],"tags":[],"class_list":{"0":"post-8348","1":"post","2":"type-post","3":"status-publish","4":"format-standard","5":"has-post-thumbnail","7":"category-economia"},"jetpack_publicize_connections":[],"jetpack_featured_media_url":"https:\/\/i0.wp.com\/temporealrj.com\/wp-content\/uploads\/2025\/11\/1000005446-scaled-e1762173377989.jpg?fit=%2C&ssl=1","jetpack_sharing_enabled":true,"jetpack-related-posts":[],"_links":{"self":[{"href":"https:\/\/friburgonoticias.com.br\/temp\/wp-json\/wp\/v2\/posts\/8348","targetHints":{"allow":["GET"]}}],"collection":[{"href":"https:\/\/friburgonoticias.com.br\/temp\/wp-json\/wp\/v2\/posts"}],"about":[{"href":"https:\/\/friburgonoticias.com.br\/temp\/wp-json\/wp\/v2\/types\/post"}],"author":[{"embeddable":true,"href":"https:\/\/friburgonoticias.com.br\/temp\/wp-json\/wp\/v2\/users\/3"}],"replies":[{"embeddable":true,"href":"https:\/\/friburgonoticias.com.br\/temp\/wp-json\/wp\/v2\/comments?post=8348"}],"version-history":[{"count":0,"href":"https:\/\/friburgonoticias.com.br\/temp\/wp-json\/wp\/v2\/posts\/8348\/revisions"}],"wp:featuredmedia":[{"embeddable":true,"href":"https:\/\/friburgonoticias.com.br\/temp\/wp-json\/wp\/v2\/media\/8349"}],"wp:attachment":[{"href":"https:\/\/friburgonoticias.com.br\/temp\/wp-json\/wp\/v2\/media?parent=8348"}],"wp:term":[{"taxonomy":"category","embeddable":true,"href":"https:\/\/friburgonoticias.com.br\/temp\/wp-json\/wp\/v2\/categories?post=8348"},{"taxonomy":"post_tag","embeddable":true,"href":"https:\/\/friburgonoticias.com.br\/temp\/wp-json\/wp\/v2\/tags?post=8348"}],"curies":[{"name":"wp","href":"https:\/\/api.w.org\/{rel}","templated":true}]}}