{"id":8366,"date":"2026-03-20T15:17:17","date_gmt":"2026-03-20T15:17:17","guid":{"rendered":"https:\/\/friburgonoticias.com.br\/temp\/2026\/03\/20\/tre-rj-vai-cruzar-dados-de-forcas-de-seguranca-para-identificar-candidatos-com-possivel-ligacao-com-o-crime-organizado\/"},"modified":"2026-03-20T15:17:17","modified_gmt":"2026-03-20T15:17:17","slug":"tre-rj-vai-cruzar-dados-de-forcas-de-seguranca-para-identificar-candidatos-com-possivel-ligacao-com-o-crime-organizado","status":"publish","type":"post","link":"https:\/\/friburgonoticias.com.br\/temp\/2026\/03\/20\/tre-rj-vai-cruzar-dados-de-forcas-de-seguranca-para-identificar-candidatos-com-possivel-ligacao-com-o-crime-organizado\/","title":{"rendered":"TRE-RJ vai cruzar dados de for\u00e7as de seguran\u00e7a para identificar candidatos com poss\u00edvel liga\u00e7\u00e3o com o crime organizado"},"content":{"rendered":"<p><\/p>\n<div itemprop=\"articleBody\">\nO <a href=\"https:\/\/temporealrj.com\/advogado-inscrito-para-vaga-juiz-tre-suspenso-pelo-conselho-de-etica-da-oab-rj-denuncias-violencia-domestica\/\">Tribunal Regional Eleitoral do Estado do Rio (TRE-RJ)<\/a> aprovou, nesta quinta-feira (19), uma for\u00e7a-tarefa especial para combater a infiltra\u00e7\u00e3o do crime organizado nas elei\u00e7\u00f5es de 2026. Segundo a Corte, o grupo de trabalho vai usar t\u00e9cnicas in\u00e9ditas para barrar candidatos com poss\u00edveis liga\u00e7\u00f5es com o tr\u00e1fico de drogas ou a mil\u00edcia.<\/p>\n<p>Batizado de grupo de Defesa da Integridade Eleitoral, um dos principais trabalhos da equipe ser\u00e1 o cruzamento de dados entre for\u00e7as de seguran\u00e7a para identificar o hist\u00f3rico criminal dos candidatos. Essas informa\u00e7\u00f5es servir\u00e3o de base para que o Minist\u00e9rio P\u00fablico Eleitoral pe\u00e7a o indeferimento de registros de candidaturas suspeitas antes do in\u00edcio da propaganda eleitoral.<\/p>\n<h2 class=\"wp-block-heading\">Grupo do TRE-RJ vai analisar locais de vota\u00e7\u00e3o em territ\u00f3rios com risco de coa\u00e7\u00e3o de eleitores<\/h2>\n<p>Al\u00e9m do monitoramento de pol\u00edticos, o grupo do TRE-RJ vai promover a\u00e7\u00f5es para garantir que moradores de territ\u00f3rios sob dom\u00ednio de criminosos consigam acesso aos locais de vota\u00e7\u00e3o. Uma equipe espec\u00edfica do Tribunal vai ficar respons\u00e1vel pela an\u00e1lise de locais de vota\u00e7\u00e3o onde h\u00e1 risco de coa\u00e7\u00e3o criminosa de eleitores. Caso seja confirmado o risco, a Corte decide transferir os eleitores para outro local de vota\u00e7\u00e3o.<\/p>\n<p>De acordo com o TRE-RJ, a ideia \u00e9 que a iniciativa inspire a\u00e7\u00f5es do Tribunal em outros estados. \u00d3rg\u00e3os como Pol\u00edcia Federal, Comando Militar do Leste, Secretaria de Seguran\u00e7a e o Minist\u00e9rio P\u00fablico v\u00e3o apoiar as a\u00e7\u00f5es do grupo de trabalho. O primeiro turno das elei\u00e7\u00f5es acontece no dia 4 de outubro.\n<\/p><\/div>\n<p><\/a><\/p>\n<p>Fonte: temporealrj.com<\/p>\n","protected":false},"excerpt":{"rendered":"<p>O Tribunal Regional Eleitoral do Estado do Rio (TRE-RJ) aprovou, nesta quinta-feira (19), uma for\u00e7a-tarefa especial para combater a infiltra\u00e7\u00e3o do crime organizado nas elei\u00e7\u00f5es de 2026. Segundo a Corte, o grupo de trabalho vai usar t\u00e9cnicas in\u00e9ditas para barrar candidatos com poss\u00edveis liga\u00e7\u00f5es com o tr\u00e1fico de drogas ou a mil\u00edcia. Batizado de grupo [&hellip;]<\/p>\n","protected":false},"author":3,"featured_media":8367,"comment_status":"open","ping_status":"open","sticky":false,"template":"","format":"standard","meta":{"advanced_seo_description":"","jetpack_seo_html_title":"","jetpack_seo_noindex":false,"fifu_image_url":"https:\/\/temporealrj.com\/wp-content\/uploads\/2026\/03\/TRE-RJ-e1774018413401.webp","fifu_image_alt":"","_jetpack_memberships_contains_paid_content":false,"footnotes":"","jetpack_publicize_message":"","jetpack_publicize_feature_enabled":true,"jetpack_social_post_already_shared":true,"jetpack_social_options":{"image_generator_settings":{"template":"highway","default_image_id":0,"font":"","enabled":false},"version":2}},"categories":[107],"tags":[],"class_list":{"0":"post-8366","1":"post","2":"type-post","3":"status-publish","4":"format-standard","5":"has-post-thumbnail","7":"category-economia"},"jetpack_publicize_connections":[],"jetpack_featured_media_url":"https:\/\/i0.wp.com\/temporealrj.com\/wp-content\/uploads\/2026\/03\/TRE-RJ-e1774018413401.webp?fit=%2C&ssl=1","jetpack_sharing_enabled":true,"jetpack-related-posts":[],"_links":{"self":[{"href":"https:\/\/friburgonoticias.com.br\/temp\/wp-json\/wp\/v2\/posts\/8366","targetHints":{"allow":["GET"]}}],"collection":[{"href":"https:\/\/friburgonoticias.com.br\/temp\/wp-json\/wp\/v2\/posts"}],"about":[{"href":"https:\/\/friburgonoticias.com.br\/temp\/wp-json\/wp\/v2\/types\/post"}],"author":[{"embeddable":true,"href":"https:\/\/friburgonoticias.com.br\/temp\/wp-json\/wp\/v2\/users\/3"}],"replies":[{"embeddable":true,"href":"https:\/\/friburgonoticias.com.br\/temp\/wp-json\/wp\/v2\/comments?post=8366"}],"version-history":[{"count":0,"href":"https:\/\/friburgonoticias.com.br\/temp\/wp-json\/wp\/v2\/posts\/8366\/revisions"}],"wp:featuredmedia":[{"embeddable":true,"href":"https:\/\/friburgonoticias.com.br\/temp\/wp-json\/wp\/v2\/media\/8367"}],"wp:attachment":[{"href":"https:\/\/friburgonoticias.com.br\/temp\/wp-json\/wp\/v2\/media?parent=8366"}],"wp:term":[{"taxonomy":"category","embeddable":true,"href":"https:\/\/friburgonoticias.com.br\/temp\/wp-json\/wp\/v2\/categories?post=8366"},{"taxonomy":"post_tag","embeddable":true,"href":"https:\/\/friburgonoticias.com.br\/temp\/wp-json\/wp\/v2\/tags?post=8366"}],"curies":[{"name":"wp","href":"https:\/\/api.w.org\/{rel}","templated":true}]}}