{"id":8404,"date":"2026-03-22T14:22:16","date_gmt":"2026-03-22T14:22:16","guid":{"rendered":"https:\/\/friburgonoticias.com.br\/temp\/2026\/03\/22\/camara-de-belford-roxo-marca-nova-eleicao-para-a-presidencia-apos-stf-barrar-mandato-de-markinho-gandra\/"},"modified":"2026-03-22T14:22:16","modified_gmt":"2026-03-22T14:22:16","slug":"camara-de-belford-roxo-marca-nova-eleicao-para-a-presidencia-apos-stf-barrar-mandato-de-markinho-gandra","status":"publish","type":"post","link":"https:\/\/friburgonoticias.com.br\/temp\/2026\/03\/22\/camara-de-belford-roxo-marca-nova-eleicao-para-a-presidencia-apos-stf-barrar-mandato-de-markinho-gandra\/","title":{"rendered":"C\u00e2mara de Belford Roxo marca nova elei\u00e7\u00e3o para a presid\u00eancia ap\u00f3s STF barrar mandato de Markinho Gandra"},"content":{"rendered":"<p><\/p>\n<div itemprop=\"articleBody\">\nO presidente interino da<a href=\"https:\/\/cmbr.rj.gov.br\/\" target=\"_blank\" rel=\"noopener\"> C\u00e2mara de Belford Roxo<\/a>, Ver Ribeiro (PSDB), convocou os vereadores para a nova elei\u00e7\u00e3o da Mesa Diretora, que ser\u00e1 realizada \u00e0s 11h da pr\u00f3xima ter\u00e7a-feira (24). O pedido atende a uma decis\u00e3o do <a href=\"https:\/\/portal.stf.jus.br\/\" target=\"_blank\" rel=\"noopener\">Supremo Tribunal Federal (STF)<\/a>, que <a href=\"https:\/\/temporealrj.com\/stf-anula-belford-roxo-markinho-gandra\/\">anulou de vez o mandato do ent\u00e3o presidente Markinho Gandra (Uni\u00e3o Brasil).<\/a><\/p>\n<p>A convoca\u00e7\u00e3o foi publicada no Di\u00e1rio Oficial da C\u00e2mara, nesta sexta-feira (20). As chapas interessadas devem se registrar at\u00e9 24 horas antes da elei\u00e7\u00e3o, sendo vedada a participa\u00e7\u00e3o em mais de uma chapa ou qualquer altera\u00e7\u00e3o na composi\u00e7\u00e3o ap\u00f3s o registro.<\/p>\n<p>A anula\u00e7\u00e3o do mandato de Markinho foi sacramentada em despacho do ministro Andr\u00e9 Mendon\u00e7a, que p\u00f4s fim \u00e0 novela ao barrar o terceiro mandato do parlamentar \u00e0 frente da C\u00e2mara de Vereadores. O pedido de afastamento havia sido apresentado em outubro de 2025 pelo ex-prefeito da cidade, Waguinho (Republicanos).<\/p>\n<div class=\"wp-block-image\">\n<figure class=\"aligncenter size-full is-resized\"><img loading=\"lazy\" decoding=\"async\" width=\"647\" height=\"720\" src=\"https:\/\/temporealrj.com\/wp-content\/uploads\/2026\/03\/Captura-de-tela-2026-03-22-101443.png\" alt=\"Captura de tela 2026 03 22 101443\" class=\"wp-image-125462\" style=\"width:462px;height:auto\" title=\"C\u00e2mara de Belford Roxo marca nova elei\u00e7\u00e3o para a presid\u00eancia ap\u00f3s STF barrar mandato de Markinho Gandra 62\" srcset=\"https:\/\/temporealrj.com\/wp-content\/uploads\/2026\/03\/Captura-de-tela-2026-03-22-101443.png 647w, https:\/\/temporealrj.com\/wp-content\/uploads\/2026\/03\/Captura-de-tela-2026-03-22-101443-270x300.png 270w\" sizes=\"auto, (max-width: 647px) 100vw, 647px\"\/><\/figure>\n<\/div>\n<\/div>\n<p><\/a><\/p>\n<p>Fonte: temporealrj.com<\/p>\n","protected":false},"excerpt":{"rendered":"<p>O presidente interino da C\u00e2mara de Belford Roxo, Ver Ribeiro (PSDB), convocou os vereadores para a nova elei\u00e7\u00e3o da Mesa Diretora, que ser\u00e1 realizada \u00e0s 11h da pr\u00f3xima ter\u00e7a-feira (24). O pedido atende a uma decis\u00e3o do Supremo Tribunal Federal (STF), que anulou de vez o mandato do ent\u00e3o presidente Markinho Gandra (Uni\u00e3o Brasil). A [&hellip;]<\/p>\n","protected":false},"author":3,"featured_media":8405,"comment_status":"open","ping_status":"open","sticky":false,"template":"","format":"standard","meta":{"advanced_seo_description":"","jetpack_seo_html_title":"","jetpack_seo_noindex":false,"fifu_image_url":"https:\/\/temporealrj.com\/wp-content\/uploads\/2026\/03\/Captura-de-tela-2026-03-22-102402.png","fifu_image_alt":"","_jetpack_memberships_contains_paid_content":false,"footnotes":"","jetpack_publicize_message":"","jetpack_publicize_feature_enabled":true,"jetpack_social_post_already_shared":true,"jetpack_social_options":{"image_generator_settings":{"template":"highway","default_image_id":0,"font":"","enabled":false},"version":2}},"categories":[107],"tags":[],"class_list":{"0":"post-8404","1":"post","2":"type-post","3":"status-publish","4":"format-standard","5":"has-post-thumbnail","7":"category-economia"},"jetpack_publicize_connections":[],"jetpack_featured_media_url":"https:\/\/i0.wp.com\/temporealrj.com\/wp-content\/uploads\/2026\/03\/Captura-de-tela-2026-03-22-102402.png?fit=%2C&ssl=1","jetpack_sharing_enabled":true,"jetpack-related-posts":[],"_links":{"self":[{"href":"https:\/\/friburgonoticias.com.br\/temp\/wp-json\/wp\/v2\/posts\/8404","targetHints":{"allow":["GET"]}}],"collection":[{"href":"https:\/\/friburgonoticias.com.br\/temp\/wp-json\/wp\/v2\/posts"}],"about":[{"href":"https:\/\/friburgonoticias.com.br\/temp\/wp-json\/wp\/v2\/types\/post"}],"author":[{"embeddable":true,"href":"https:\/\/friburgonoticias.com.br\/temp\/wp-json\/wp\/v2\/users\/3"}],"replies":[{"embeddable":true,"href":"https:\/\/friburgonoticias.com.br\/temp\/wp-json\/wp\/v2\/comments?post=8404"}],"version-history":[{"count":0,"href":"https:\/\/friburgonoticias.com.br\/temp\/wp-json\/wp\/v2\/posts\/8404\/revisions"}],"wp:featuredmedia":[{"embeddable":true,"href":"https:\/\/friburgonoticias.com.br\/temp\/wp-json\/wp\/v2\/media\/8405"}],"wp:attachment":[{"href":"https:\/\/friburgonoticias.com.br\/temp\/wp-json\/wp\/v2\/media?parent=8404"}],"wp:term":[{"taxonomy":"category","embeddable":true,"href":"https:\/\/friburgonoticias.com.br\/temp\/wp-json\/wp\/v2\/categories?post=8404"},{"taxonomy":"post_tag","embeddable":true,"href":"https:\/\/friburgonoticias.com.br\/temp\/wp-json\/wp\/v2\/tags?post=8404"}],"curies":[{"name":"wp","href":"https:\/\/api.w.org\/{rel}","templated":true}]}}