{"id":8408,"date":"2026-03-22T16:09:35","date_gmt":"2026-03-22T16:09:35","guid":{"rendered":"https:\/\/friburgonoticias.com.br\/temp\/2026\/03\/22\/marcio-ribeiro-sera-o-lider-do-governo-de-eduardo-cavaliere-na-camara-do-rio\/"},"modified":"2026-03-22T16:09:35","modified_gmt":"2026-03-22T16:09:35","slug":"marcio-ribeiro-sera-o-lider-do-governo-de-eduardo-cavaliere-na-camara-do-rio","status":"publish","type":"post","link":"https:\/\/friburgonoticias.com.br\/temp\/2026\/03\/22\/marcio-ribeiro-sera-o-lider-do-governo-de-eduardo-cavaliere-na-camara-do-rio\/","title":{"rendered":"Marcio Ribeiro ser\u00e1 o l\u00edder do governo de Eduardo Cavaliere na C\u00e2mara do Rio"},"content":{"rendered":"<p><\/p>\n<div itemprop=\"articleBody\">\nO <a href=\"https:\/\/temporealrj.com\/cavaliere-jogador-flamengo-chappell-roan\/\">novo prefeito Eduardo Cavaliere (PSD) <\/a>definiu, neste domingo (22), quem ser\u00e1 o seu l\u00edder de governo na <a href=\"https:\/\/www.camara.rio\/\" target=\"_blank\" rel=\"noopener\">C\u00e2mara do Rio<\/a>. O escolhido foi o vereador Marcio Ribeiro (PSD), que<a href=\"https:\/\/temporealrj.com\/agora-e-oficial-paes-escolhe-marcio-ribeiro-para-a-lideranca-do-governo-na-camara\/\"> j\u00e1 exercia a mesma fun\u00e7\u00e3o durante a gest\u00e3o do ex-prefeito Eduardo Paes (PSD).<\/a><\/p>\n<p>O an\u00fancio foi feito durante o lan\u00e7amento da terceira fase do Programa Asfalto Liso, na Tijuca, Zona Norte do Rio, regi\u00e3o onde Ribeiro consolida sua base pol\u00edtica. Nesta etapa do projeto, que prev\u00ea o asfaltamento de 552 ruas, ser\u00e3o realizadas manuten\u00e7\u00f5es em vias p\u00fablicas entre 2026 e 2028.<\/p>\n<h2 class=\"wp-block-heading\">A ascens\u00e3o de Marcio Ribeiro no PSD<\/h2>\n<p>Carioca da gema, Marcio tem 42 anos e \u00e9 formado em Administra\u00e7\u00e3o. Al\u00e9m da experi\u00eancia como subprefeito da Grande Tijuca por dois anos, atuou como vice-presidente da Comiss\u00e3o de Direitos da Pessoa com Defici\u00eancia e tamb\u00e9m integrou a Comiss\u00e3o de Finan\u00e7as, Or\u00e7amento e Fiscaliza\u00e7\u00e3o Financeira.<\/p>\n<p><a href=\"https:\/\/temporealrj.com\/a-camara-do-rio-informa-na-lideranca-do-governo-sai-atila-nunes-entra-marcio-ribeiro\/\">Ribeiro virou l\u00edder de Paes no lugar de \u00c1tila Nunes (PSD)<\/a>, que abriu m\u00e3o do cargo no in\u00edcio do quarto mandato do cacique, em 2025. Pupilo do deputado federal e presidente estadual do PSD, Pedro Paulo, sua ascens\u00e3o n\u00e3o tinha o consenso da base, mas acabou sendo aceita por ser o \u00fanico vereador disposto a assumir a lideran\u00e7a.\n<\/div>\n<p><\/a><\/p>\n<p>Fonte: temporealrj.com<\/p>\n","protected":false},"excerpt":{"rendered":"<p>O novo prefeito Eduardo Cavaliere (PSD) definiu, neste domingo (22), quem ser\u00e1 o seu l\u00edder de governo na C\u00e2mara do Rio. O escolhido foi o vereador Marcio Ribeiro (PSD), que j\u00e1 exercia a mesma fun\u00e7\u00e3o durante a gest\u00e3o do ex-prefeito Eduardo Paes (PSD). O an\u00fancio foi feito durante o lan\u00e7amento da terceira fase do Programa [&hellip;]<\/p>\n","protected":false},"author":3,"featured_media":8409,"comment_status":"open","ping_status":"open","sticky":false,"template":"","format":"standard","meta":{"advanced_seo_description":"","jetpack_seo_html_title":"","jetpack_seo_noindex":false,"fifu_image_url":"https:\/\/temporealrj.com\/wp-content\/uploads\/2026\/03\/Miniatura-do-YouTube-Antes-e-Depois-Edicao-de-Foto-Branco-e-Roxo-2-3-e1774193418850.png","fifu_image_alt":"","_jetpack_memberships_contains_paid_content":false,"footnotes":"","jetpack_publicize_message":"","jetpack_publicize_feature_enabled":true,"jetpack_social_post_already_shared":true,"jetpack_social_options":{"image_generator_settings":{"template":"highway","default_image_id":0,"font":"","enabled":false},"version":2}},"categories":[106,1],"tags":[],"class_list":{"0":"post-8408","1":"post","2":"type-post","3":"status-publish","4":"format-standard","5":"has-post-thumbnail","7":"category-politica","8":"category-uncategorized"},"jetpack_publicize_connections":[],"jetpack_featured_media_url":"https:\/\/i0.wp.com\/temporealrj.com\/wp-content\/uploads\/2026\/03\/Miniatura-do-YouTube-Antes-e-Depois-Edicao-de-Foto-Branco-e-Roxo-2-3-e1774193418850.png?fit=%2C&ssl=1","jetpack_sharing_enabled":true,"jetpack-related-posts":[],"_links":{"self":[{"href":"https:\/\/friburgonoticias.com.br\/temp\/wp-json\/wp\/v2\/posts\/8408","targetHints":{"allow":["GET"]}}],"collection":[{"href":"https:\/\/friburgonoticias.com.br\/temp\/wp-json\/wp\/v2\/posts"}],"about":[{"href":"https:\/\/friburgonoticias.com.br\/temp\/wp-json\/wp\/v2\/types\/post"}],"author":[{"embeddable":true,"href":"https:\/\/friburgonoticias.com.br\/temp\/wp-json\/wp\/v2\/users\/3"}],"replies":[{"embeddable":true,"href":"https:\/\/friburgonoticias.com.br\/temp\/wp-json\/wp\/v2\/comments?post=8408"}],"version-history":[{"count":0,"href":"https:\/\/friburgonoticias.com.br\/temp\/wp-json\/wp\/v2\/posts\/8408\/revisions"}],"wp:featuredmedia":[{"embeddable":true,"href":"https:\/\/friburgonoticias.com.br\/temp\/wp-json\/wp\/v2\/media\/8409"}],"wp:attachment":[{"href":"https:\/\/friburgonoticias.com.br\/temp\/wp-json\/wp\/v2\/media?parent=8408"}],"wp:term":[{"taxonomy":"category","embeddable":true,"href":"https:\/\/friburgonoticias.com.br\/temp\/wp-json\/wp\/v2\/categories?post=8408"},{"taxonomy":"post_tag","embeddable":true,"href":"https:\/\/friburgonoticias.com.br\/temp\/wp-json\/wp\/v2\/tags?post=8408"}],"curies":[{"name":"wp","href":"https:\/\/api.w.org\/{rel}","templated":true}]}}