{"id":8454,"date":"2026-03-24T12:47:29","date_gmt":"2026-03-24T12:47:29","guid":{"rendered":"https:\/\/friburgonoticias.com.br\/temp\/2026\/03\/24\/em-primeiro-dia-como-governador-do-rio-presidente-do-tjrj-tem-compromisso-em-brasilia\/"},"modified":"2026-03-24T12:47:29","modified_gmt":"2026-03-24T12:47:29","slug":"em-primeiro-dia-como-governador-do-rio-presidente-do-tjrj-tem-compromisso-em-brasilia","status":"publish","type":"post","link":"https:\/\/friburgonoticias.com.br\/temp\/2026\/03\/24\/em-primeiro-dia-como-governador-do-rio-presidente-do-tjrj-tem-compromisso-em-brasilia\/","title":{"rendered":"Em primeiro dia como governador do Rio, presidente do TJRJ tem compromisso em Bras\u00edlia"},"content":{"rendered":"<p><\/p>\n<div itemprop=\"articleBody\">\nGovernador interino do estado do Rio, o presidente do Tribunal de Justi\u00e7a do Rio (TJRJ), desembargador Ricardo Couto de Castro, ainda n\u00e3o deve se sentar na cadeira de chefe do Executivo estadual nesta ter\u00e7a (24).<\/p>\n<p>O magistrado decidiu passar seu primeiro dia como <a href=\"https:\/\/temporealrj.com\/castro-carta-renuncia\/\">substituto de Cl\u00e1udio Castro (PL)<\/a> em seu gabinete pessoal no TJRJ. Couto j\u00e1 come\u00e7a o per\u00edodo de comando com agenda fora do Rio \u2014 ele deve viajar para Bras\u00edlia ainda nesta ter\u00e7a, para cumprir um compromisso j\u00e1 agendado e relativo \u00e0 sua atividade como desembargador.<\/p>\n<p>Mesmo assim, \u00e9 esperado que o governador interino convoque as elei\u00e7\u00f5es indiretas ainda nesta ter\u00e7a e envie os pedidos para a Assembleia Legislativa do Rio (Alerj). Ele tem 48 horas para pedir o rito, que deve acontecer dentro dos pr\u00f3ximos 30 dias, segundo a legisla\u00e7\u00e3o.<\/p>\n<p>Enquanto isso, quem responde pelo estado \u00e9 Couto, que aposta em seu bom relacionamento com o Supremo Tribunal Federal (STF) para conduzir o m\u00eas de interinidade. O presidente do TJRJ j\u00e1 esteve na cadeira recentemente. <a href=\"https:\/\/temporealrj.com\/governador-em-exercicio-decreta-feriadao-carnaval\/\">O desembargador substitui Castro por uma semana em janeiro<\/a>.<\/p>\n<p>A elei\u00e7\u00e3o indireta vai decidir quem substitui o presidente do TJRJ no chamado \u201cmandato-tamp\u00e3o\u201d. Como o estado est\u00e1 sem vice-governador desde a sa\u00edda de Thiago Pampolha em 2025 e o presidente da Alerj, Rodrigo Bacellar (Uni\u00e3o), est\u00e1 afastado, o Rio de Janeiro ser\u00e1 comandado por um governador tempor\u00e1rio at\u00e9 que o novo nome eleito pelo povo assuma a fun\u00e7\u00e3o em janeiro do ano que vem.<\/p>\n<p><em>Com informa\u00e7\u00f5es do jornal \u201cO Globo\u201d.<\/em>\n<\/div>\n<p><\/a><\/p>\n<p>Fonte: temporealrj.com<\/p>\n","protected":false},"excerpt":{"rendered":"<p>Governador interino do estado do Rio, o presidente do Tribunal de Justi\u00e7a do Rio (TJRJ), desembargador Ricardo Couto de Castro, ainda n\u00e3o deve se sentar na cadeira de chefe do Executivo estadual nesta ter\u00e7a (24). O magistrado decidiu passar seu primeiro dia como substituto de Cl\u00e1udio Castro (PL) em seu gabinete pessoal no TJRJ. Couto [&hellip;]<\/p>\n","protected":false},"author":3,"featured_media":8455,"comment_status":"open","ping_status":"open","sticky":false,"template":"","format":"standard","meta":{"advanced_seo_description":"","jetpack_seo_html_title":"","jetpack_seo_noindex":false,"fifu_image_url":"https:\/\/temporealrj.com\/wp-content\/uploads\/2026\/03\/ricardo-couto-de-castro-tjrj-e1774355262713.jpg","fifu_image_alt":"","_jetpack_memberships_contains_paid_content":false,"footnotes":"","jetpack_publicize_message":"","jetpack_publicize_feature_enabled":true,"jetpack_social_post_already_shared":true,"jetpack_social_options":{"image_generator_settings":{"template":"highway","default_image_id":0,"font":"","enabled":false},"version":2}},"categories":[107],"tags":[],"class_list":{"0":"post-8454","1":"post","2":"type-post","3":"status-publish","4":"format-standard","5":"has-post-thumbnail","7":"category-economia"},"jetpack_publicize_connections":[],"jetpack_featured_media_url":"https:\/\/i0.wp.com\/temporealrj.com\/wp-content\/uploads\/2026\/03\/ricardo-couto-de-castro-tjrj-e1774355262713.jpg?fit=%2C&ssl=1","jetpack_sharing_enabled":true,"jetpack-related-posts":[],"_links":{"self":[{"href":"https:\/\/friburgonoticias.com.br\/temp\/wp-json\/wp\/v2\/posts\/8454","targetHints":{"allow":["GET"]}}],"collection":[{"href":"https:\/\/friburgonoticias.com.br\/temp\/wp-json\/wp\/v2\/posts"}],"about":[{"href":"https:\/\/friburgonoticias.com.br\/temp\/wp-json\/wp\/v2\/types\/post"}],"author":[{"embeddable":true,"href":"https:\/\/friburgonoticias.com.br\/temp\/wp-json\/wp\/v2\/users\/3"}],"replies":[{"embeddable":true,"href":"https:\/\/friburgonoticias.com.br\/temp\/wp-json\/wp\/v2\/comments?post=8454"}],"version-history":[{"count":0,"href":"https:\/\/friburgonoticias.com.br\/temp\/wp-json\/wp\/v2\/posts\/8454\/revisions"}],"wp:featuredmedia":[{"embeddable":true,"href":"https:\/\/friburgonoticias.com.br\/temp\/wp-json\/wp\/v2\/media\/8455"}],"wp:attachment":[{"href":"https:\/\/friburgonoticias.com.br\/temp\/wp-json\/wp\/v2\/media?parent=8454"}],"wp:term":[{"taxonomy":"category","embeddable":true,"href":"https:\/\/friburgonoticias.com.br\/temp\/wp-json\/wp\/v2\/categories?post=8454"},{"taxonomy":"post_tag","embeddable":true,"href":"https:\/\/friburgonoticias.com.br\/temp\/wp-json\/wp\/v2\/tags?post=8454"}],"curies":[{"name":"wp","href":"https:\/\/api.w.org\/{rel}","templated":true}]}}