{"id":8462,"date":"2026-03-24T16:39:14","date_gmt":"2026-03-24T16:39:14","guid":{"rendered":"https:\/\/friburgonoticias.com.br\/temp\/2026\/03\/24\/defesa-de-bacellar-entra-com-recurso-contra-decisao-de-moraes-e-leva-caso-ao-plenario-do-stf\/"},"modified":"2026-03-24T16:39:14","modified_gmt":"2026-03-24T16:39:14","slug":"defesa-de-bacellar-entra-com-recurso-contra-decisao-de-moraes-e-leva-caso-ao-plenario-do-stf","status":"publish","type":"post","link":"https:\/\/friburgonoticias.com.br\/temp\/2026\/03\/24\/defesa-de-bacellar-entra-com-recurso-contra-decisao-de-moraes-e-leva-caso-ao-plenario-do-stf\/","title":{"rendered":"Defesa de Bacellar entra com recurso contra decis\u00e3o de Moraes e leva caso ao plen\u00e1rio do STF"},"content":{"rendered":"<p><\/p>\n<div itemprop=\"articleBody\">\nA defesa do deputado <a href=\"https:\/\/temporealrj.com\/cabral-pedido-ajuda-bacellar-adiamento-julgamento-improbidade\/\">Rodrigo Bacellar<\/a> (Uni\u00e3o Brasil) entrou com um recurso contra a decis\u00e3o do ministro <a href=\"https:\/\/temporealrj.com\/moraes-manda-corrigir-documento-pena-roberto-jefferson\/\">Alexandre de Moraes<\/a>, do Supremo Tribunal Federal, que manteve as medidas cautelares \u2014 incluindo o afastamento da presid\u00eancia da Alerj. Com a contesta\u00e7\u00e3o da decis\u00e3o, o caso deve ser levado ao plen\u00e1rio do STF, onde tramita a ADPF das Favelas \u2014 que trata da atua\u00e7\u00e3o policial em comunidades do Rio de Janeiro. <\/p>\n<p>O ministro manteve, na \u00faltima semana, a manuten\u00e7\u00e3o das medidas cautelares <a href=\"https:\/\/temporealrj.com\/bacellar-nova-licenca-alerj-relatorio\/\">contra Bacellar<\/a>, e a pris\u00e3o do desembargador federal Mac\u00e1rio J\u00fadice. O caso apura suposto vazamento da opera\u00e7\u00e3o Zargun, que prendeu TH Joias.<\/p>\n<h2 class=\"wp-block-heading\">O que alega a defesa de Bacellar <\/h2>\n<p>A defesa de Rodrigo Bacellar (Uni\u00e3o Brasil) sustenta que \u201c(a) revela-se ausente o fundamento cautelar relacionado \u00e0 necessidade de preserva\u00e7\u00e3o da ordem p\u00fablica\u201d; (b) \u201cn\u00e3o mais subsiste o fundamento cautelar relacionado \u00e0 conveni\u00eancia da instru\u00e7\u00e3o processual\u201d; e (c) \u201ca fundamenta\u00e7\u00e3o apresentada n\u00e3o se revela id\u00f4nea para justificar a decreta\u00e7\u00e3o ou a manuten\u00e7\u00e3o das medidas cautelares impostas\u201d.<\/p>\n<p><a href=\"https:\/\/temporealrj.com\/moraes-mais-20-dias-governo-imagens-megaoperacao\/\">Ministro <\/a>d\u00e1 cinco dias para <a href=\"https:\/\/temporealrj.com\/bacellar-segue-tornozeleira-stf-decide\/\">PGR se manifestar<\/a>. <\/p>\n<p>Ruu Bulh\u00f5es \u2014 que era investigado na mesma peti\u00e7\u00e3o sobre obstru\u00e7\u00e3o \u2014, um dos principais assessores de Bacellar (Uni\u00e3o Brasil), por\u00e9m, n\u00e3o aparece como denunciado na \u00faltima decis\u00e3o de Moraes.<\/p>\n<p>Com informa\u00e7\u00f5es de Ralfe Reis, do Tribuna NF.\n<\/p><\/div>\n<p><\/a><\/p>\n<p>Fonte: temporealrj.com<\/p>\n","protected":false},"excerpt":{"rendered":"<p>A defesa do deputado Rodrigo Bacellar (Uni\u00e3o Brasil) entrou com um recurso contra a decis\u00e3o do ministro Alexandre de Moraes, do Supremo Tribunal Federal, que manteve as medidas cautelares \u2014 incluindo o afastamento da presid\u00eancia da Alerj. Com a contesta\u00e7\u00e3o da decis\u00e3o, o caso deve ser levado ao plen\u00e1rio do STF, onde tramita a ADPF [&hellip;]<\/p>\n","protected":false},"author":3,"featured_media":8463,"comment_status":"open","ping_status":"open","sticky":false,"template":"","format":"standard","meta":{"advanced_seo_description":"","jetpack_seo_html_title":"","jetpack_seo_noindex":false,"fifu_image_url":"https:\/\/temporealrj.com\/wp-content\/uploads\/2026\/03\/bacellar-moraes-e1774368651753.webp","fifu_image_alt":"","_jetpack_memberships_contains_paid_content":false,"footnotes":"","jetpack_publicize_message":"","jetpack_publicize_feature_enabled":true,"jetpack_social_post_already_shared":true,"jetpack_social_options":{"image_generator_settings":{"template":"highway","default_image_id":0,"font":"","enabled":false},"version":2}},"categories":[106,1],"tags":[],"class_list":{"0":"post-8462","1":"post","2":"type-post","3":"status-publish","4":"format-standard","5":"has-post-thumbnail","7":"category-politica","8":"category-uncategorized"},"jetpack_publicize_connections":[],"jetpack_featured_media_url":"https:\/\/i0.wp.com\/temporealrj.com\/wp-content\/uploads\/2026\/03\/bacellar-moraes-e1774368651753.webp?fit=%2C&ssl=1","jetpack_sharing_enabled":true,"jetpack-related-posts":[],"_links":{"self":[{"href":"https:\/\/friburgonoticias.com.br\/temp\/wp-json\/wp\/v2\/posts\/8462","targetHints":{"allow":["GET"]}}],"collection":[{"href":"https:\/\/friburgonoticias.com.br\/temp\/wp-json\/wp\/v2\/posts"}],"about":[{"href":"https:\/\/friburgonoticias.com.br\/temp\/wp-json\/wp\/v2\/types\/post"}],"author":[{"embeddable":true,"href":"https:\/\/friburgonoticias.com.br\/temp\/wp-json\/wp\/v2\/users\/3"}],"replies":[{"embeddable":true,"href":"https:\/\/friburgonoticias.com.br\/temp\/wp-json\/wp\/v2\/comments?post=8462"}],"version-history":[{"count":0,"href":"https:\/\/friburgonoticias.com.br\/temp\/wp-json\/wp\/v2\/posts\/8462\/revisions"}],"wp:featuredmedia":[{"embeddable":true,"href":"https:\/\/friburgonoticias.com.br\/temp\/wp-json\/wp\/v2\/media\/8463"}],"wp:attachment":[{"href":"https:\/\/friburgonoticias.com.br\/temp\/wp-json\/wp\/v2\/media?parent=8462"}],"wp:term":[{"taxonomy":"category","embeddable":true,"href":"https:\/\/friburgonoticias.com.br\/temp\/wp-json\/wp\/v2\/categories?post=8462"},{"taxonomy":"post_tag","embeddable":true,"href":"https:\/\/friburgonoticias.com.br\/temp\/wp-json\/wp\/v2\/tags?post=8462"}],"curies":[{"name":"wp","href":"https:\/\/api.w.org\/{rel}","templated":true}]}}