{"id":8466,"date":"2026-03-24T17:14:40","date_gmt":"2026-03-24T17:14:40","guid":{"rendered":"https:\/\/friburgonoticias.com.br\/temp\/2026\/03\/24\/vereador-do-uniao-brasil-e-primo-do-prefeito-marcio-canella-e-eleito-novo-presidente-da-camara-de-belford-roxo\/"},"modified":"2026-03-24T17:14:40","modified_gmt":"2026-03-24T17:14:40","slug":"vereador-do-uniao-brasil-e-primo-do-prefeito-marcio-canella-e-eleito-novo-presidente-da-camara-de-belford-roxo","status":"publish","type":"post","link":"https:\/\/friburgonoticias.com.br\/temp\/2026\/03\/24\/vereador-do-uniao-brasil-e-primo-do-prefeito-marcio-canella-e-eleito-novo-presidente-da-camara-de-belford-roxo\/","title":{"rendered":"Vereador do Uni\u00e3o Brasil e primo do prefeito M\u00e1rcio Canella \u00e9 eleito novo presidente da C\u00e2mara de Belford Roxo"},"content":{"rendered":"<p><\/p>\n<div itemprop=\"articleBody\">\nO vereador Sidney Canella (Uni\u00e3o Brasil) foi eleito, nesta ter\u00e7a-feira (24), <a href=\"https:\/\/temporealrj.com\/camara-belford-roxo-eleicao-presidencia\/\">novo presidente da C\u00e2mara de Belford Roxo<\/a>. Primo do prefeito do munic\u00edpio, M\u00e1rcio Canella (Uni\u00e3o Brasil), ele assume o cargo no lugar de Markinho Gandra (Uni\u00e3o Brasil), <a href=\"https:\/\/temporealrj.com\/stf-anula-belford-roxo-markinho-gandra\/\">ap\u00f3s decis\u00e3o do Supremo Tribunal Federal (STF).<\/a><\/p>\n<p>O novo presidente foi eleito em chapa \u00fanica para a Mesa Diretora, em vota\u00e7\u00e3o \u00e0s 11h, com 23 votos favor\u00e1veis, uma aus\u00eancia e um voto contr\u00e1rio. A elei\u00e7\u00e3o ocorreu ap\u00f3s o ministro do STF, Andr\u00e9 Mendon\u00e7a, anular definitivamente o mandato de Markinho Gandra.<\/p>\n<h2 class=\"wp-block-heading\">STF barra terceiro mandato de Markinho Gandra<\/h2>\n<p>A<a href=\"https:\/\/temporealrj.com\/stf-nega-recurso-e-markinho-gandra-segue-fora-da-presidencia-da-camara\/\"> novela na C\u00e2mara de Belford Roxo<\/a> chegou ao fim com o despacho de Mendon\u00e7a, que barrou o terceiro mandato de Markinho e determinou a convoca\u00e7\u00e3o de nova elei\u00e7\u00e3o. O pedido de afastamento havia sido apresentado em outubro de 2025 pelo ex-prefeito da cidade, Waguinho (Republicanos).\n<\/div>\n<p><\/a><\/p>\n<p>Fonte: temporealrj.com<\/p>\n","protected":false},"excerpt":{"rendered":"<p>O vereador Sidney Canella (Uni\u00e3o Brasil) foi eleito, nesta ter\u00e7a-feira (24), novo presidente da C\u00e2mara de Belford Roxo. Primo do prefeito do munic\u00edpio, M\u00e1rcio Canella (Uni\u00e3o Brasil), ele assume o cargo no lugar de Markinho Gandra (Uni\u00e3o Brasil), ap\u00f3s decis\u00e3o do Supremo Tribunal Federal (STF). O novo presidente foi eleito em chapa \u00fanica para a [&hellip;]<\/p>\n","protected":false},"author":3,"featured_media":8467,"comment_status":"open","ping_status":"open","sticky":false,"template":"","format":"standard","meta":{"advanced_seo_description":"","jetpack_seo_html_title":"","jetpack_seo_noindex":false,"fifu_image_url":"https:\/\/temporealrj.com\/wp-content\/uploads\/2026\/03\/Miniatura-do-YouTube-Antes-e-Depois-Edicao-de-Foto-Branco-e-Roxo-4-1-e1774367332328.png","fifu_image_alt":"","_jetpack_memberships_contains_paid_content":false,"footnotes":"","jetpack_publicize_message":"","jetpack_publicize_feature_enabled":true,"jetpack_social_post_already_shared":true,"jetpack_social_options":{"image_generator_settings":{"template":"highway","default_image_id":0,"font":"","enabled":false},"version":2}},"categories":[107],"tags":[],"class_list":{"0":"post-8466","1":"post","2":"type-post","3":"status-publish","4":"format-standard","5":"has-post-thumbnail","7":"category-economia"},"jetpack_publicize_connections":[],"jetpack_featured_media_url":"https:\/\/i0.wp.com\/temporealrj.com\/wp-content\/uploads\/2026\/03\/Miniatura-do-YouTube-Antes-e-Depois-Edicao-de-Foto-Branco-e-Roxo-4-1-e1774367332328.png?fit=%2C&ssl=1","jetpack_sharing_enabled":true,"jetpack-related-posts":[],"_links":{"self":[{"href":"https:\/\/friburgonoticias.com.br\/temp\/wp-json\/wp\/v2\/posts\/8466","targetHints":{"allow":["GET"]}}],"collection":[{"href":"https:\/\/friburgonoticias.com.br\/temp\/wp-json\/wp\/v2\/posts"}],"about":[{"href":"https:\/\/friburgonoticias.com.br\/temp\/wp-json\/wp\/v2\/types\/post"}],"author":[{"embeddable":true,"href":"https:\/\/friburgonoticias.com.br\/temp\/wp-json\/wp\/v2\/users\/3"}],"replies":[{"embeddable":true,"href":"https:\/\/friburgonoticias.com.br\/temp\/wp-json\/wp\/v2\/comments?post=8466"}],"version-history":[{"count":0,"href":"https:\/\/friburgonoticias.com.br\/temp\/wp-json\/wp\/v2\/posts\/8466\/revisions"}],"wp:featuredmedia":[{"embeddable":true,"href":"https:\/\/friburgonoticias.com.br\/temp\/wp-json\/wp\/v2\/media\/8467"}],"wp:attachment":[{"href":"https:\/\/friburgonoticias.com.br\/temp\/wp-json\/wp\/v2\/media?parent=8466"}],"wp:term":[{"taxonomy":"category","embeddable":true,"href":"https:\/\/friburgonoticias.com.br\/temp\/wp-json\/wp\/v2\/categories?post=8466"},{"taxonomy":"post_tag","embeddable":true,"href":"https:\/\/friburgonoticias.com.br\/temp\/wp-json\/wp\/v2\/tags?post=8466"}],"curies":[{"name":"wp","href":"https:\/\/api.w.org\/{rel}","templated":true}]}}