{"id":8468,"date":"2026-03-24T17:58:37","date_gmt":"2026-03-24T17:58:37","guid":{"rendered":"https:\/\/friburgonoticias.com.br\/temp\/2026\/03\/24\/bancada-do-psol-na-alerj-protocola-projeto-para-suspender-decreto-de-claudio-castro-que-aumenta-poderes-da-casa-civil\/"},"modified":"2026-03-24T17:58:37","modified_gmt":"2026-03-24T17:58:37","slug":"bancada-do-psol-na-alerj-protocola-projeto-para-suspender-decreto-de-claudio-castro-que-aumenta-poderes-da-casa-civil","status":"publish","type":"post","link":"https:\/\/friburgonoticias.com.br\/temp\/2026\/03\/24\/bancada-do-psol-na-alerj-protocola-projeto-para-suspender-decreto-de-claudio-castro-que-aumenta-poderes-da-casa-civil\/","title":{"rendered":"Bancada do PSOL na Alerj protocola projeto para suspender decreto de Cl\u00e1udio Castro que aumenta poderes da Casa Civil"},"content":{"rendered":"<p><\/p>\n<div itemprop=\"articleBody\">\nA bancada do <a href=\"https:\/\/temporealrj.com\/esquerda-senado-psol-benedita-da-silva\/\">PSOL<\/a> na Alerj protocolou, na tarde desta ter\u00e7a-feira (24), um Projeto de Decreto Legislativo (PDL) que suspende os efeitos do decreto 50.242\/2026, <a href=\"https:\/\/temporealrj.com\/caneta-de-ouro-castro-delega-gestao-orcamentaria-e-de-pessoal-a-casa-civil\/\">publicado em edi\u00e7\u00e3o extra do DO <\/a>de segunda (23) e que, entre outras provid\u00eancias, amplia os poderes do <a href=\"https:\/\/temporealrj.com\/nicola-miccione-exonerado\/\">Secret\u00e1rio de Estado da Casa Civil<\/a>.<\/p>\n<p>Para o deputado estadual <a href=\"https:\/\/temporealrj.com\/deputado-do-psol-rompe-silencio-em-plenario-sobre-prisao-de-bacellar-mas-evita-oposicao-firme\/\">Flavio Serafini<\/a>, presidente do PSOL\/RJ e um dos proponentes do PDL, \u00e9 \u201cescandaloso que no dia do julgamento do CEPERJ no Tribunal Superior Eleitoral (TSE) comece a vigorar um decreto que permite que o novo Secret\u00e1rio, ligado a Castro, continue operando poss\u00edveis esquemas de manipula\u00e7\u00e3o de verbas do estado e nomea\u00e7\u00f5es com fins eleitoreiros\u201d. <\/p>\n<p>\u201cO decreto tem que ser derrubado. \u00c9 um absurdo, vergonhoso. Claudio Castro antecipou sua den\u00fancia para n\u00e3o ser cassado e agora tenta manter um preposto seu, atropelando o governador em exerc\u00edcio, para controlar nomea\u00e7\u00f5es, exonera\u00e7\u00f5es e contrata\u00e7\u00f5es. N\u00e3o h\u00e1 como tratar com naturalidade este decreto. tem que ser derrubado\u201d, disse Serafini (PSOL). <\/p>\n<p>Ainda assinam o documento da <a href=\"https:\/\/temporealrj.com\/sessao-mulheres-vereadores-pl-psol\/\">bancada do PSOL<\/a> as deputadas Renata Souza e Dani Monteiro, e os deputados Yuri Moura e Professor Josemar. \n<\/div>\n<p><\/a><\/p>\n<p>Fonte: temporealrj.com<\/p>\n","protected":false},"excerpt":{"rendered":"<p>A bancada do PSOL na Alerj protocolou, na tarde desta ter\u00e7a-feira (24), um Projeto de Decreto Legislativo (PDL) que suspende os efeitos do decreto 50.242\/2026, publicado em edi\u00e7\u00e3o extra do DO de segunda (23) e que, entre outras provid\u00eancias, amplia os poderes do Secret\u00e1rio de Estado da Casa Civil. Para o deputado estadual Flavio Serafini, [&hellip;]<\/p>\n","protected":false},"author":3,"featured_media":8469,"comment_status":"open","ping_status":"open","sticky":false,"template":"","format":"standard","meta":{"advanced_seo_description":"","jetpack_seo_html_title":"","jetpack_seo_noindex":false,"fifu_image_url":"https:\/\/temporealrj.com\/wp-content\/uploads\/2026\/03\/flavio-serafini-e1774374214644.webp","fifu_image_alt":"","_jetpack_memberships_contains_paid_content":false,"footnotes":"","jetpack_publicize_message":"","jetpack_publicize_feature_enabled":true,"jetpack_social_post_already_shared":true,"jetpack_social_options":{"image_generator_settings":{"template":"highway","default_image_id":0,"font":"","enabled":false},"version":2}},"categories":[106,1],"tags":[],"class_list":{"0":"post-8468","1":"post","2":"type-post","3":"status-publish","4":"format-standard","5":"has-post-thumbnail","7":"category-politica","8":"category-uncategorized"},"jetpack_publicize_connections":[],"jetpack_featured_media_url":"https:\/\/i0.wp.com\/temporealrj.com\/wp-content\/uploads\/2026\/03\/flavio-serafini-e1774374214644.webp?fit=%2C&ssl=1","jetpack_sharing_enabled":true,"jetpack-related-posts":[],"_links":{"self":[{"href":"https:\/\/friburgonoticias.com.br\/temp\/wp-json\/wp\/v2\/posts\/8468","targetHints":{"allow":["GET"]}}],"collection":[{"href":"https:\/\/friburgonoticias.com.br\/temp\/wp-json\/wp\/v2\/posts"}],"about":[{"href":"https:\/\/friburgonoticias.com.br\/temp\/wp-json\/wp\/v2\/types\/post"}],"author":[{"embeddable":true,"href":"https:\/\/friburgonoticias.com.br\/temp\/wp-json\/wp\/v2\/users\/3"}],"replies":[{"embeddable":true,"href":"https:\/\/friburgonoticias.com.br\/temp\/wp-json\/wp\/v2\/comments?post=8468"}],"version-history":[{"count":0,"href":"https:\/\/friburgonoticias.com.br\/temp\/wp-json\/wp\/v2\/posts\/8468\/revisions"}],"wp:featuredmedia":[{"embeddable":true,"href":"https:\/\/friburgonoticias.com.br\/temp\/wp-json\/wp\/v2\/media\/8469"}],"wp:attachment":[{"href":"https:\/\/friburgonoticias.com.br\/temp\/wp-json\/wp\/v2\/media?parent=8468"}],"wp:term":[{"taxonomy":"category","embeddable":true,"href":"https:\/\/friburgonoticias.com.br\/temp\/wp-json\/wp\/v2\/categories?post=8468"},{"taxonomy":"post_tag","embeddable":true,"href":"https:\/\/friburgonoticias.com.br\/temp\/wp-json\/wp\/v2\/tags?post=8468"}],"curies":[{"name":"wp","href":"https:\/\/api.w.org\/{rel}","templated":true}]}}