{"id":8470,"date":"2026-03-24T18:05:21","date_gmt":"2026-03-24T18:05:21","guid":{"rendered":"https:\/\/friburgonoticias.com.br\/temp\/2026\/03\/24\/crianca-desaparecida-e-encontrada-com-apoio-de-cao-farejador-em-nova-friburgo\/"},"modified":"2026-03-24T18:05:21","modified_gmt":"2026-03-24T18:05:21","slug":"crianca-desaparecida-e-encontrada-com-apoio-de-cao-farejador-em-nova-friburgo","status":"publish","type":"post","link":"https:\/\/friburgonoticias.com.br\/temp\/2026\/03\/24\/crianca-desaparecida-e-encontrada-com-apoio-de-cao-farejador-em-nova-friburgo\/","title":{"rendered":"Crian\u00e7a desaparecida \u00e9 encontrada com apoio de c\u00e3o farejador em Nova Friburgo"},"content":{"rendered":"<p><\/p>\n<div id=\"post-64057\">\n<div class=\"post-header post-tp-13-header\">\n<div class=\"single-featured\">\n<img loading=\"lazy\" decoding=\"async\" data-lazyloaded=\"1\" src=\"https:\/\/www.serranewsrj.com.br\/wp-content\/uploads\/2026\/03\/CRIANCA-DESAPARECIDA-ENCONTRADA-EM-AREA-DE-MATA-COM-O-SUPORTE-DOS-CAES-DA-GUARDA-CIVIL-MUNICIPA-1080x580.webp\" width=\"1080\" height=\"580\" alt=\"\"\/><\/div>\n<\/div>\n<div class=\"entry-content clearfix single-post-content\">\n<p style=\"text-align: justify;\">Uma crian\u00e7a de 10 anos que estava desaparecida foi localizada com seguran\u00e7a no \u00faltimo s\u00e1bado (21\/03), em <a href=\"https:\/\/www.serranewsrj.com.br\/noticias\/regiao-serrana\/nova-friburgo\" target=\"_blank\">Nova Friburgo<\/a>, na Regi\u00e3o Serrana do <a href=\"https:\/\/www.serranewsrj.com.br\/noticias\/rio-de-janeiro\" target=\"_blank\">Rio de Janeiro<\/a>.<\/p>\n<div class=\"ijnqzwcsdf ijnqzwcsdf-post-inline ijnqzwcsdf-float-center ijnqzwcsdf-align-center ijnqzwcsdf-column-1 ijnqzwcsdf-clearfix no-bg-box-model\">\n<div id=\"ijnqzwcsdf-63613-473888174\" class=\"ijnqzwcsdf-container ijnqzwcsdf-type-image\" itemscope=\"\" itemtype=\"https:\/\/schema.org\/WPAdBlock\" data-adid=\"63613\" data-type=\"image\"><a itemprop=\"url\" class=\"ijnqzwcsdf-link\" href=\"https:\/\/www.instagram.com\/fepronovafriburgo\" target=\"_blank\" rel=\"nofollow\"><img loading=\"lazy\" decoding=\"async\" data-lazyloaded=\"1\" class=\"ijnqzwcsdf-image\" src=\"https:\/\/www.serranewsrj.com.br\/wp-content\/uploads\/2026\/03\/SERRA_NEWS_1230X300-ezgif.com-png-to-webp-converter.webp\" alt=\"Fepro 2026 \u2013 8 a 12 de abril (1230\u00d7300 pixels) WebP\" width=\"1230\" height=\"300\"\/><\/a><\/div>\n<\/div>\n<p style=\"text-align: justify;\">O caso ocorreu no bairro Cascatinha e mobilizou equipes da Guarda Civil Municipal, que acionaram o Grupamento de Opera\u00e7\u00f5es com C\u00e3es para auxiliar nas buscas. O 6\u00ba Grupamento de Bombeiro Militar tamb\u00e9m participou da ocorr\u00eancia.<\/p>\n<p style=\"text-align: justify;\">Ap\u00f3s horas de procura, a crian\u00e7a foi encontrada em uma \u00e1rea de mata, assustada, mas sem ferimentos. A localiza\u00e7\u00e3o contou com o apoio fundamental da cadela Atena, que utilizou o faro para indicar o caminho \u00e0s equipes.<\/p>\n<p style=\"text-align: justify;\">Na sequ\u00eancia, o Corpo de Bombeiros realizou o resgate, e a crian\u00e7a foi encaminhada ao Hospital Municipal Raul Sert\u00e3 para avalia\u00e7\u00e3o m\u00e9dica. Ela passa bem.<\/p>\n<div class=\"ijnqzwcsdf ijnqzwcsdf-post-inline ijnqzwcsdf-float-center ijnqzwcsdf-align-center ijnqzwcsdf-column-1 ijnqzwcsdf-clearfix no-bg-box-model\">\n<div id=\"ijnqzwcsdf-49250-102648095\" class=\"ijnqzwcsdf-container ijnqzwcsdf-type-image\" itemscope=\"\" itemtype=\"https:\/\/schema.org\/WPAdBlock\" data-adid=\"49250\" data-type=\"image\"><a itemprop=\"url\" class=\"ijnqzwcsdf-link\" href=\"https:\/\/www.evosolar.com.br\/simuladorsolarrj\" target=\"_blank\" rel=\"nofollow\"><img loading=\"lazy\" decoding=\"async\" data-lazyloaded=\"1\" class=\"ijnqzwcsdf-image\" src=\"https:\/\/www.serranewsrj.com.br\/wp-content\/uploads\/2025\/05\/BannerdositedaSerraNews1230x250px-ezgif.com-png-to-webp-converter-1-scaled.webp\" alt=\"Evosolar (Maio) WebP \u2013 1230 x 250 px\" width=\"2560\" height=\"520\"\/><\/a><\/div>\n<\/div>\n<p style=\"text-align: justify;\">A a\u00e7\u00e3o integrada das equipes foi decisiva para o desfecho positivo da ocorr\u00eancia, que terminou com seguran\u00e7a e al\u00edvio para os familiares.<\/p>\n<div class=\"ijnqzwcsdf ijnqzwcsdf-post-bottom ijnqzwcsdf-float-center ijnqzwcsdf-align-center ijnqzwcsdf-column-1 ijnqzwcsdf-clearfix no-bg-box-model\">\n<div id=\"ijnqzwcsdf-52933-727269895\" class=\"ijnqzwcsdf-container ijnqzwcsdf-type-image\" itemscope=\"\" itemtype=\"https:\/\/schema.org\/WPAdBlock\" data-adid=\"52933\" data-type=\"image\"><a itemprop=\"url\" class=\"ijnqzwcsdf-link\" href=\"https:\/\/jmfsaude.com.br\/\" target=\"_blank\" rel=\"nofollow\"><img loading=\"lazy\" decoding=\"async\" data-lazyloaded=\"1\" class=\"ijnqzwcsdf-image\" src=\"https:\/\/www.serranewsrj.com.br\/wp-content\/uploads\/2025\/03\/bannersiteJMF-ezgif.com-png-to-webp-converter.webp\" alt=\"JMF Solu\u00e7\u00f5es em Sa\u00fade \u2013 1200\u00d7400 pxl WebP\" width=\"1200\" height=\"400\"\/><\/a><\/div>\n<\/div>\n<\/div>\n<\/div>\n<div id=\"\">\n<a href=\"https:\/\/www.serranewsrj.com.br\/author\/admin-2\" title=\"Artigos de autor\"><br \/>\n<span class=\"post-author-avatar\" itemprop=\"image\"><img loading=\"lazy\" decoding=\"async\" data-lazyloaded=\"1\" alt=\"\" src=\"https:\/\/www.serranewsrj.com.br\/wp-content\/uploads\/2025\/03\/REDONDA-4-180x180.png\" class=\"avatar avatar-80 photo avatar-default\" height=\"80\" width=\"80\"\/><\/span><br \/>\n<\/a><\/p>\n<div class=\"post-author-bio\" itemprop=\"description\">A sua fonte segura de informa\u00e7\u00e3o no interior do Rio de Janeiro.<\/p>\n<\/div>\n<\/div>\n<p><script async src=\"\/\/www.instagram.com\/embed.js\"><\/script><br \/>\n<br \/><\/a><\/p>\n<p>Fonte: www.serranewsrj.com.br<\/p>\n","protected":false},"excerpt":{"rendered":"<p>Uma crian\u00e7a de 10 anos que estava desaparecida foi localizada com seguran\u00e7a no \u00faltimo s\u00e1bado (21\/03), em Nova Friburgo, na Regi\u00e3o Serrana do Rio de Janeiro. O caso ocorreu no bairro Cascatinha e mobilizou equipes da Guarda Civil Municipal, que acionaram o Grupamento de Opera\u00e7\u00f5es com C\u00e3es para auxiliar nas buscas. O 6\u00ba Grupamento de [&hellip;]<\/p>\n","protected":false},"author":3,"featured_media":8471,"comment_status":"open","ping_status":"open","sticky":false,"template":"","format":"standard","meta":{"advanced_seo_description":"","jetpack_seo_html_title":"","jetpack_seo_noindex":false,"fifu_image_url":"https:\/\/www.serranewsrj.com.br\/wp-content\/uploads\/2026\/03\/CRIANCA-DESAPARECIDA-ENCONTRADA-EM-AREA-DE-MATA-COM-O-SUPORTE-DOS-CAES-DA-GUARDA-CIVIL-MUNICIPA.webp","fifu_image_alt":"","_jetpack_memberships_contains_paid_content":false,"footnotes":"","jetpack_publicize_message":"","jetpack_publicize_feature_enabled":true,"jetpack_social_post_already_shared":true,"jetpack_social_options":{"image_generator_settings":{"template":"highway","default_image_id":0,"font":"","enabled":false},"version":2}},"categories":[104,1],"tags":[],"class_list":{"0":"post-8470","1":"post","2":"type-post","3":"status-publish","4":"format-standard","5":"has-post-thumbnail","7":"category-cidade","8":"category-uncategorized"},"jetpack_publicize_connections":[],"jetpack_featured_media_url":"https:\/\/i0.wp.com\/www.serranewsrj.com.br\/wp-content\/uploads\/2026\/03\/CRIANCA-DESAPARECIDA-ENCONTRADA-EM-AREA-DE-MATA-COM-O-SUPORTE-DOS-CAES-DA-GUARDA-CIVIL-MUNICIPA.webp?fit=%2C&ssl=1","jetpack_sharing_enabled":true,"jetpack-related-posts":[],"_links":{"self":[{"href":"https:\/\/friburgonoticias.com.br\/temp\/wp-json\/wp\/v2\/posts\/8470","targetHints":{"allow":["GET"]}}],"collection":[{"href":"https:\/\/friburgonoticias.com.br\/temp\/wp-json\/wp\/v2\/posts"}],"about":[{"href":"https:\/\/friburgonoticias.com.br\/temp\/wp-json\/wp\/v2\/types\/post"}],"author":[{"embeddable":true,"href":"https:\/\/friburgonoticias.com.br\/temp\/wp-json\/wp\/v2\/users\/3"}],"replies":[{"embeddable":true,"href":"https:\/\/friburgonoticias.com.br\/temp\/wp-json\/wp\/v2\/comments?post=8470"}],"version-history":[{"count":0,"href":"https:\/\/friburgonoticias.com.br\/temp\/wp-json\/wp\/v2\/posts\/8470\/revisions"}],"wp:featuredmedia":[{"embeddable":true,"href":"https:\/\/friburgonoticias.com.br\/temp\/wp-json\/wp\/v2\/media\/8471"}],"wp:attachment":[{"href":"https:\/\/friburgonoticias.com.br\/temp\/wp-json\/wp\/v2\/media?parent=8470"}],"wp:term":[{"taxonomy":"category","embeddable":true,"href":"https:\/\/friburgonoticias.com.br\/temp\/wp-json\/wp\/v2\/categories?post=8470"},{"taxonomy":"post_tag","embeddable":true,"href":"https:\/\/friburgonoticias.com.br\/temp\/wp-json\/wp\/v2\/tags?post=8470"}],"curies":[{"name":"wp","href":"https:\/\/api.w.org\/{rel}","templated":true}]}}