{"id":8472,"date":"2026-03-24T18:11:16","date_gmt":"2026-03-24T18:11:16","guid":{"rendered":"https:\/\/friburgonoticias.com.br\/temp\/2026\/03\/24\/novo-secretario-da-pm-sylvio-guerra-toma-posse-em-cerimonia-no-rio-presidente-da-alerj-e-felipe-curi-marcam-presenca\/"},"modified":"2026-03-24T18:11:16","modified_gmt":"2026-03-24T18:11:16","slug":"novo-secretario-da-pm-sylvio-guerra-toma-posse-em-cerimonia-no-rio-presidente-da-alerj-e-felipe-curi-marcam-presenca","status":"publish","type":"post","link":"https:\/\/friburgonoticias.com.br\/temp\/2026\/03\/24\/novo-secretario-da-pm-sylvio-guerra-toma-posse-em-cerimonia-no-rio-presidente-da-alerj-e-felipe-curi-marcam-presenca\/","title":{"rendered":"Novo secret\u00e1rio da PM, Sylvio Guerra, toma posse em cerim\u00f4nia no Rio; presidente da Alerj e Felipe Curi marcam presen\u00e7a"},"content":{"rendered":"<p><\/p>\n<div itemprop=\"articleBody\">\nO coronel Sylvio Ricardo Ciuffo Guerra assumiu, na manh\u00e3 desta ter\u00e7a-feira (24), o <a href=\"https:\/\/temporealrj.com\/sylvio-guerra-secretario-policia-militar\/\">comando da Pol\u00edcia Militar<\/a> durante cerim\u00f4nia em Jardim Sulacap, na Zona Oeste do Rio. <a href=\"https:\/\/temporealrj.com\/deputados-resistem-sucessao-menezes\/\">Ele entra no lugar do coronel Marcelo de Menezes<\/a>, que deixou o cargo na sexta-feira (20) para tentar uma vaga na Assembleia Legislativa (Alerj) nas elei\u00e7\u00f5es de outubro.<\/p>\n<p>A solenidade reuniu nomes de peso da nova fase do governo estadual, como o secret\u00e1rio de Seguran\u00e7a P\u00fablica, delegado federal Victor Santos; o presidente interino da Alerj, Guilherme Delaroli (PL); e o novo secret\u00e1rio de Pol\u00edcia Civil, delegado Demilson Gouveia.<\/p>\n<p>Quem n\u00e3o compareceu foi o <a href=\"https:\/\/temporealrj.com\/interino-presidente-do-tjrj-compromisso\/\">governador interino Ricardo Couto de Castro<\/a>, presidente do Tribunal de Justi\u00e7a do Rio (TJRJ), que est\u00e1 em Bras\u00edlia cumprindo agenda. J\u00e1 o <a href=\"https:\/\/temporealrj.com\/secretario-policia-civil-curi-candidato\/\">ex-secret\u00e1rio de Pol\u00edcia Civil e pr\u00e9-candidato \u00e0 C\u00e2mara dos Deputados<\/a>, Felipe Curi, fez quest\u00e3o de marcar presen\u00e7a.<\/p>\n<p>No discurso de despedida, Menezes afirmou que encerra o ciclo \u201ccom a consci\u00eancia tranquila de quem serviu com seriedade e compromisso absoluto com a sociedade fluminense\u201d. Com 36 anos de carreira, ele destacou que a Pol\u00edcia Militar \u201cfoi, \u00e9 e sempre ser\u00e1\u201d sua casa. <\/p>\n<p>Entre as principais a\u00e7\u00f5es, Menezes citou opera\u00e7\u00f5es como Impacto, Ordo, Torniquete e For\u00e7a Total, al\u00e9m da chamada \u201cOpera\u00e7\u00e3o Conten\u00e7\u00e3o\u201d, realizada em outubro de 2025 nos complexos da Penha e do Alem\u00e3o. Segundo ele, a a\u00e7\u00e3o resultou em 113 pris\u00f5es, 117 criminosos mortos em confronto e apreens\u00e3o de 91 fuzis, com preju\u00edzo estimado de R$ 12,8 milh\u00f5es ao crime organizado. Menezes se emocionou a falar dos policiais mortos na opera\u00e7\u00e3o e tamb\u00e9m da esposa e filhos.\n<\/p><\/div>\n<p><\/a><\/p>\n<p>Fonte: temporealrj.com<\/p>\n","protected":false},"excerpt":{"rendered":"<p>O coronel Sylvio Ricardo Ciuffo Guerra assumiu, na manh\u00e3 desta ter\u00e7a-feira (24), o comando da Pol\u00edcia Militar durante cerim\u00f4nia em Jardim Sulacap, na Zona Oeste do Rio. Ele entra no lugar do coronel Marcelo de Menezes, que deixou o cargo na sexta-feira (20) para tentar uma vaga na Assembleia Legislativa (Alerj) nas elei\u00e7\u00f5es de outubro. [&hellip;]<\/p>\n","protected":false},"author":3,"featured_media":8473,"comment_status":"open","ping_status":"open","sticky":false,"template":"","format":"standard","meta":{"advanced_seo_description":"","jetpack_seo_html_title":"","jetpack_seo_noindex":false,"fifu_image_url":"https:\/\/temporealrj.com\/wp-content\/uploads\/2026\/03\/sylvio-guerra.avif","fifu_image_alt":"","_jetpack_memberships_contains_paid_content":false,"footnotes":"","jetpack_publicize_message":"","jetpack_publicize_feature_enabled":true,"jetpack_social_post_already_shared":true,"jetpack_social_options":{"image_generator_settings":{"template":"highway","default_image_id":0,"font":"","enabled":false},"version":2}},"categories":[107],"tags":[],"class_list":{"0":"post-8472","1":"post","2":"type-post","3":"status-publish","4":"format-standard","5":"has-post-thumbnail","7":"category-economia"},"jetpack_publicize_connections":[],"jetpack_featured_media_url":"https:\/\/temporealrj.com\/wp-content\/uploads\/2026\/03\/sylvio-guerra.avif","jetpack_sharing_enabled":true,"jetpack-related-posts":[],"_links":{"self":[{"href":"https:\/\/friburgonoticias.com.br\/temp\/wp-json\/wp\/v2\/posts\/8472","targetHints":{"allow":["GET"]}}],"collection":[{"href":"https:\/\/friburgonoticias.com.br\/temp\/wp-json\/wp\/v2\/posts"}],"about":[{"href":"https:\/\/friburgonoticias.com.br\/temp\/wp-json\/wp\/v2\/types\/post"}],"author":[{"embeddable":true,"href":"https:\/\/friburgonoticias.com.br\/temp\/wp-json\/wp\/v2\/users\/3"}],"replies":[{"embeddable":true,"href":"https:\/\/friburgonoticias.com.br\/temp\/wp-json\/wp\/v2\/comments?post=8472"}],"version-history":[{"count":0,"href":"https:\/\/friburgonoticias.com.br\/temp\/wp-json\/wp\/v2\/posts\/8472\/revisions"}],"wp:featuredmedia":[{"embeddable":true,"href":"https:\/\/friburgonoticias.com.br\/temp\/wp-json\/wp\/v2\/media\/8473"}],"wp:attachment":[{"href":"https:\/\/friburgonoticias.com.br\/temp\/wp-json\/wp\/v2\/media?parent=8472"}],"wp:term":[{"taxonomy":"category","embeddable":true,"href":"https:\/\/friburgonoticias.com.br\/temp\/wp-json\/wp\/v2\/categories?post=8472"},{"taxonomy":"post_tag","embeddable":true,"href":"https:\/\/friburgonoticias.com.br\/temp\/wp-json\/wp\/v2\/tags?post=8472"}],"curies":[{"name":"wp","href":"https:\/\/api.w.org\/{rel}","templated":true}]}}