{"id":8502,"date":"2026-03-24T21:50:36","date_gmt":"2026-03-24T21:50:36","guid":{"rendered":"https:\/\/friburgonoticias.com.br\/temp\/2026\/03\/24\/alerj-aprova-multa-pesada-para-assedio-moral-contra-mulheres-no-transporte-publico\/"},"modified":"2026-03-24T21:50:36","modified_gmt":"2026-03-24T21:50:36","slug":"alerj-aprova-multa-pesada-para-assedio-moral-contra-mulheres-no-transporte-publico","status":"publish","type":"post","link":"https:\/\/friburgonoticias.com.br\/temp\/2026\/03\/24\/alerj-aprova-multa-pesada-para-assedio-moral-contra-mulheres-no-transporte-publico\/","title":{"rendered":"Alerj aprova multa pesada para ass\u00e9dio moral contra mulheres no transporte p\u00fablico"},"content":{"rendered":"<p><\/p>\n<div itemprop=\"articleBody\">\nA <a href=\"https:\/\/www.alerj.rj.gov.br\/\" target=\"_blank\" rel=\"noopener\">Assembleia Legislativa<\/a> aprovou, em segunda discuss\u00e3o, projeto que  autoriza a aplica\u00e7\u00e3o de multa administrativa para casos de ass\u00e9dio moral contra mulheres no estado.<\/p>\n<p>A proposta do deputado estadual Claudio Caiado (PSD) altera a lei que j\u00e1 previa san\u00e7\u00f5es para ass\u00e9dio sexual, passando a incluir tamb\u00e9m o ass\u00e9dio moral. O texto autoriza a aplica\u00e7\u00e3o de multa de at\u00e9 10 mil Ufir-RJ, valor que pode chegar a aproximadamente R$ 49 mil.<\/p>\n<p>O projeto tamb\u00e9m determina que a multa poder\u00e1 ser aplicada em dobro, quando o ass\u00e9dio ocorrer em transportes p\u00fablicos, t\u00e1xis ou ve\u00edculos de aplicativo, situa\u00e7\u00f5es em que as v\u00edtimas est\u00e3o mais expostas a constrangimentos.<\/p>\n<p>Segundo Caiado, a medida amplia a prote\u00e7\u00e3o \u00e0s mulheres e cria um instrumento mais r\u00e1pido de puni\u00e7\u00e3o.<\/p>\n<p>\u201cN\u00e3o podemos admitir que mulheres continuem sendo constrangidas no dia a dia, especialmente no transporte p\u00fablico. A multa administrativa \u00e9 uma forma de dar resposta imediata a esse tipo de viol\u00eancia e refor\u00e7ar que o estado n\u00e3o vai tolerar nenhuma atitude que desrespeite a dignidade feminina\u201d, afirmou.<\/p>\n<p>O texto agora segue para san\u00e7\u00e3o do governador.\n<\/p><\/div>\n<p><\/a><\/p>\n<p>Fonte: temporealrj.com<\/p>\n","protected":false},"excerpt":{"rendered":"<p>A Assembleia Legislativa aprovou, em segunda discuss\u00e3o, projeto que autoriza a aplica\u00e7\u00e3o de multa administrativa para casos de ass\u00e9dio moral contra mulheres no estado. A proposta do deputado estadual Claudio Caiado (PSD) altera a lei que j\u00e1 previa san\u00e7\u00f5es para ass\u00e9dio sexual, passando a incluir tamb\u00e9m o ass\u00e9dio moral. O texto autoriza a aplica\u00e7\u00e3o de [&hellip;]<\/p>\n","protected":false},"author":3,"featured_media":8503,"comment_status":"open","ping_status":"open","sticky":false,"template":"","format":"standard","meta":{"advanced_seo_description":"","jetpack_seo_html_title":"","jetpack_seo_noindex":false,"fifu_image_url":"https:\/\/temporealrj.com\/wp-content\/uploads\/2026\/03\/WhatsApp-Image-2026-03-24-at-17.10.00-1-e1774383509344.jpeg","fifu_image_alt":"","_jetpack_memberships_contains_paid_content":false,"footnotes":"","jetpack_publicize_message":"","jetpack_publicize_feature_enabled":true,"jetpack_social_post_already_shared":true,"jetpack_social_options":{"image_generator_settings":{"template":"highway","default_image_id":0,"font":"","enabled":false},"version":2}},"categories":[107],"tags":[],"class_list":{"0":"post-8502","1":"post","2":"type-post","3":"status-publish","4":"format-standard","5":"has-post-thumbnail","7":"category-economia"},"jetpack_publicize_connections":[],"jetpack_featured_media_url":"https:\/\/i0.wp.com\/temporealrj.com\/wp-content\/uploads\/2026\/03\/WhatsApp-Image-2026-03-24-at-17.10.00-1-e1774383509344.jpeg?fit=%2C&ssl=1","jetpack_sharing_enabled":true,"jetpack-related-posts":[],"_links":{"self":[{"href":"https:\/\/friburgonoticias.com.br\/temp\/wp-json\/wp\/v2\/posts\/8502","targetHints":{"allow":["GET"]}}],"collection":[{"href":"https:\/\/friburgonoticias.com.br\/temp\/wp-json\/wp\/v2\/posts"}],"about":[{"href":"https:\/\/friburgonoticias.com.br\/temp\/wp-json\/wp\/v2\/types\/post"}],"author":[{"embeddable":true,"href":"https:\/\/friburgonoticias.com.br\/temp\/wp-json\/wp\/v2\/users\/3"}],"replies":[{"embeddable":true,"href":"https:\/\/friburgonoticias.com.br\/temp\/wp-json\/wp\/v2\/comments?post=8502"}],"version-history":[{"count":0,"href":"https:\/\/friburgonoticias.com.br\/temp\/wp-json\/wp\/v2\/posts\/8502\/revisions"}],"wp:featuredmedia":[{"embeddable":true,"href":"https:\/\/friburgonoticias.com.br\/temp\/wp-json\/wp\/v2\/media\/8503"}],"wp:attachment":[{"href":"https:\/\/friburgonoticias.com.br\/temp\/wp-json\/wp\/v2\/media?parent=8502"}],"wp:term":[{"taxonomy":"category","embeddable":true,"href":"https:\/\/friburgonoticias.com.br\/temp\/wp-json\/wp\/v2\/categories?post=8502"},{"taxonomy":"post_tag","embeddable":true,"href":"https:\/\/friburgonoticias.com.br\/temp\/wp-json\/wp\/v2\/tags?post=8502"}],"curies":[{"name":"wp","href":"https:\/\/api.w.org\/{rel}","templated":true}]}}