{"id":8514,"date":"2026-03-25T00:02:45","date_gmt":"2026-03-25T00:02:45","guid":{"rendered":"https:\/\/friburgonoticias.com.br\/temp\/2026\/03\/25\/tse-forma-maioria-para-condenar-castro-e-bacellar-no-caso-ceperj-com-o-voto-da-ministra-estela-aranha-placar-chega-a-4-a-1\/"},"modified":"2026-03-25T00:02:45","modified_gmt":"2026-03-25T00:02:45","slug":"tse-forma-maioria-para-condenar-castro-e-bacellar-no-caso-ceperj-com-o-voto-da-ministra-estela-aranha-placar-chega-a-4-a-1","status":"publish","type":"post","link":"https:\/\/friburgonoticias.com.br\/temp\/2026\/03\/25\/tse-forma-maioria-para-condenar-castro-e-bacellar-no-caso-ceperj-com-o-voto-da-ministra-estela-aranha-placar-chega-a-4-a-1\/","title":{"rendered":"TSE forma maioria para condenar Castro e Bacellar no caso Ceperj; com o voto da ministra Estela Aranha, placar chega a 4 a 1"},"content":{"rendered":"<p><\/p>\n<div itemprop=\"articleBody\">\nAp\u00f3s o voto da ministra Estela Aranha, o Tribunal Superior Eleitoral (TSE) formou maioria \u2014 4 a 1 \u2014 pela condena\u00e7\u00e3o do ex-governador Cl\u00e1udio Castro (PL) e do presidente afastado da Assembleia Legislativa (Alerj), Rodrigo Bacellar (Uni\u00e3o), no caso Ceperj.<\/p>\n<p><a href=\"https:\/\/temporealrj.com\/floriano-azevedo-vota-contra-castro-tse\/\">Com a maioria formada, os dois ficam sujeitos \u00e0 inelegibilidade para as elei\u00e7\u00f5es de outubro<\/a>, al\u00e9m da possibilidade de perda de mandato no caso de Bacellar.<\/p>\n<p>A condena\u00e7\u00e3o, no entanto, s\u00f3 ser\u00e1 confirmada com a conclus\u00e3o do julgamento. Ainda faltam votar os ministros Andr\u00e9 Mendon\u00e7a e C\u00e1rmen L\u00facia. Caso haja novo pedido de vista, a an\u00e1lise pode ser adiada pela terceira vez.\n<\/p><\/div>\n<p><\/a><\/p>\n<p>Fonte: temporealrj.com<\/p>\n","protected":false},"excerpt":{"rendered":"<p>Ap\u00f3s o voto da ministra Estela Aranha, o Tribunal Superior Eleitoral (TSE) formou maioria \u2014 4 a 1 \u2014 pela condena\u00e7\u00e3o do ex-governador Cl\u00e1udio Castro (PL) e do presidente afastado da Assembleia Legislativa (Alerj), Rodrigo Bacellar (Uni\u00e3o), no caso Ceperj. Com a maioria formada, os dois ficam sujeitos \u00e0 inelegibilidade para as elei\u00e7\u00f5es de outubro, [&hellip;]<\/p>\n","protected":false},"author":3,"featured_media":8515,"comment_status":"open","ping_status":"open","sticky":false,"template":"","format":"standard","meta":{"advanced_seo_description":"","jetpack_seo_html_title":"","jetpack_seo_noindex":false,"fifu_image_url":"https:\/\/temporealrj.com\/wp-content\/uploads\/2026\/03\/WhatsApp-Image-2026-03-24-at-20.36.20-e1774395853127.jpeg","fifu_image_alt":"","_jetpack_memberships_contains_paid_content":false,"footnotes":"","jetpack_publicize_message":"","jetpack_publicize_feature_enabled":true,"jetpack_social_post_already_shared":true,"jetpack_social_options":{"image_generator_settings":{"template":"highway","default_image_id":0,"font":"","enabled":false},"version":2}},"categories":[107],"tags":[],"class_list":{"0":"post-8514","1":"post","2":"type-post","3":"status-publish","4":"format-standard","5":"has-post-thumbnail","7":"category-economia"},"jetpack_publicize_connections":[],"jetpack_featured_media_url":"https:\/\/i0.wp.com\/temporealrj.com\/wp-content\/uploads\/2026\/03\/WhatsApp-Image-2026-03-24-at-20.36.20-e1774395853127.jpeg?fit=%2C&ssl=1","jetpack_sharing_enabled":true,"jetpack-related-posts":[],"_links":{"self":[{"href":"https:\/\/friburgonoticias.com.br\/temp\/wp-json\/wp\/v2\/posts\/8514","targetHints":{"allow":["GET"]}}],"collection":[{"href":"https:\/\/friburgonoticias.com.br\/temp\/wp-json\/wp\/v2\/posts"}],"about":[{"href":"https:\/\/friburgonoticias.com.br\/temp\/wp-json\/wp\/v2\/types\/post"}],"author":[{"embeddable":true,"href":"https:\/\/friburgonoticias.com.br\/temp\/wp-json\/wp\/v2\/users\/3"}],"replies":[{"embeddable":true,"href":"https:\/\/friburgonoticias.com.br\/temp\/wp-json\/wp\/v2\/comments?post=8514"}],"version-history":[{"count":0,"href":"https:\/\/friburgonoticias.com.br\/temp\/wp-json\/wp\/v2\/posts\/8514\/revisions"}],"wp:featuredmedia":[{"embeddable":true,"href":"https:\/\/friburgonoticias.com.br\/temp\/wp-json\/wp\/v2\/media\/8515"}],"wp:attachment":[{"href":"https:\/\/friburgonoticias.com.br\/temp\/wp-json\/wp\/v2\/media?parent=8514"}],"wp:term":[{"taxonomy":"category","embeddable":true,"href":"https:\/\/friburgonoticias.com.br\/temp\/wp-json\/wp\/v2\/categories?post=8514"},{"taxonomy":"post_tag","embeddable":true,"href":"https:\/\/friburgonoticias.com.br\/temp\/wp-json\/wp\/v2\/tags?post=8514"}],"curies":[{"name":"wp","href":"https:\/\/api.w.org\/{rel}","templated":true}]}}