{"id":8540,"date":"2026-03-25T17:52:34","date_gmt":"2026-03-25T17:52:34","guid":{"rendered":"https:\/\/friburgonoticias.com.br\/temp\/2026\/03\/25\/comissao-aprova-projeto-sobre-atencao-a-criancas-e-jovens-com-deficiencia-ou-enfermidade-noticias\/"},"modified":"2026-03-25T17:52:34","modified_gmt":"2026-03-25T17:52:34","slug":"comissao-aprova-projeto-sobre-atencao-a-criancas-e-jovens-com-deficiencia-ou-enfermidade-noticias","status":"publish","type":"post","link":"https:\/\/friburgonoticias.com.br\/temp\/2026\/03\/25\/comissao-aprova-projeto-sobre-atencao-a-criancas-e-jovens-com-deficiencia-ou-enfermidade-noticias\/","title":{"rendered":"Comiss\u00e3o aprova projeto sobre aten\u00e7\u00e3o a crian\u00e7as e jovens com defici\u00eancia ou enfermidade &#8211; Not\u00edcias"},"content":{"rendered":"<p><\/p>\n<div>\n<div>\n<p class=\"g-artigo__data-hora\">\n                                            25\/03\/2026 &#8211; 14:17 \u00a0\n                                        <\/p>\n<div id=\"image-container-1257669\" class=\"image-container\" style=\"float: none; margin: 45px 0px; width: 100%;\" data-midia=\"1257669\">\n                <em>Kayo Magalh\u00e3es \/ C\u00e2mara dos Deputados<\/em><\/p>\n<p>                Diego Garcia, relator da proposta\n                <\/p><\/div>\n<p>                A Comiss\u00e3o de Constitui\u00e7\u00e3o e Justi\u00e7a e de Cidadania (CCJ) da C\u00e2mara dos Deputados aprovou o <a class=\"linkProposicao\" href=\"https:\/\/www.camara.leg.br\/noticias\/701989-projeto-estimula-a-producao-itens-educativos-que-ressaltem-deficiencia-ou-enfermidade\">Projeto de Lei 3761\/20<\/a>, que prev\u00ea medidas de aten\u00e7\u00e3o a crian\u00e7as e jovens com condi\u00e7\u00f5es decorrentes de defici\u00eancia ou enfermidade.<br \/>\n                A proposta altera a <a href=\"https:\/\/www2.camara.leg.br\/legin\/fed\/lei\/2015\/lei-13146-6-julho-2015-781174-norma-pl.html\">Lei Brasileira de Inclus\u00e3o da Pessoa com Defici\u00eancia<\/a> para tratar de iniciativas dirigidas \u00e0quele p\u00fablico. A ideia \u00e9 ampliar as possibilidades para que crian\u00e7as e jovens desenvolvam autoimagem e autoconceito saud\u00e1veis.<br \/>\n                De acordo com o projeto, o poder p\u00fablico dever\u00e1 estimular, inclusive com incentivos fiscais, a produ\u00e7\u00e3o de materiais did\u00e1ticos, livros, jogos e brinquedos que ajudem essas crian\u00e7as e jovens a compreender e aceitar as condi\u00e7\u00f5es decorrentes de defici\u00eancia ou enfermidade.<br \/>\n                Como foi analisada em <span id=\"4322\" class=\"termoGlossario\" title=\"Rito de tramita\u00e7\u00e3o pelo qual o projeto \u00e9 votado apenas pelas comiss\u00f5es designadas para analis\u00e1-lo, dispensada a delibera\u00e7\u00e3o do Plen\u00e1rio. O projeto perde o car\u00e1ter conclusivo se houver decis\u00e3o divergente entre as comiss\u00f5es ou se, independentemente de ser aprovado ou rejeitado, houver recurso assinado por 52 deputados para a aprecia\u00e7\u00e3o da mat\u00e9ria no Plen\u00e1rio.\" contenteditable=\"false\" data-toggle=\"tooltip\" data-placement=\"top\">car\u00e1ter conclusivo<\/span>, a proposta poder\u00e1 seguir para o Senado, salvo se houver recurso para an\u00e1lise no Plen\u00e1rio da C\u00e2mara. Para virar lei, a vers\u00e3o final do texto precisa ser aprovada pelas duas Casas.<br \/>\n                <strong>Carga tribut\u00e1ria<\/strong><br \/>O relator, deputado Diego Garcia (Republicanos-PR), recomendou a aprova\u00e7\u00e3o do texto. O parecer destacou justificativa do autor, deputado Jaziel (PL-CE), de que a medida n\u00e3o representaria grande perda de arrecada\u00e7\u00e3o.<br \/>\n                Segundo Jaziel, a carga tribut\u00e1ria sobre os brinquedos chega a 40% do pre\u00e7o final, o que dificulta a produ\u00e7\u00e3o em larga escala de artigos l\u00fadicos para crian\u00e7as com defici\u00eancia. \u201cReduzir a carga tribut\u00e1ria estimular\u00e1 a oferta\u201d, disse ele.<\/p>\n<p style=\"font-size: 0.8rem; font-weight: 700;\">Da Reportagem\/RM<br \/>Edi\u00e7\u00e3o \u2013 Marcia Becker<\/p>\n<\/p><\/div>\n<\/p><\/div>\n<p><\/a><\/p>\n<p>Fonte: www.camara.leg.br<\/p>\n","protected":false},"excerpt":{"rendered":"<p>25\/03\/2026 &#8211; 14:17 \u00a0 Kayo Magalh\u00e3es \/ C\u00e2mara dos Deputados Diego Garcia, relator da proposta A Comiss\u00e3o de Constitui\u00e7\u00e3o e Justi\u00e7a e de Cidadania (CCJ) da C\u00e2mara dos Deputados aprovou o Projeto de Lei 3761\/20, que prev\u00ea medidas de aten\u00e7\u00e3o a crian\u00e7as e jovens com condi\u00e7\u00f5es decorrentes de defici\u00eancia ou enfermidade. A proposta altera a [&hellip;]<\/p>\n","protected":false},"author":3,"featured_media":8541,"comment_status":"open","ping_status":"open","sticky":false,"template":"","format":"standard","meta":{"advanced_seo_description":"","jetpack_seo_html_title":"","jetpack_seo_noindex":false,"fifu_image_url":"https:\/\/www.camara.leg.br\/midias\/image\/2026\/03\/img20260304131653426-1-768x473.jpg","fifu_image_alt":"","_jetpack_memberships_contains_paid_content":false,"footnotes":"","jetpack_publicize_message":"","jetpack_publicize_feature_enabled":true,"jetpack_social_post_already_shared":true,"jetpack_social_options":{"image_generator_settings":{"template":"highway","default_image_id":0,"font":"","enabled":false},"version":2}},"categories":[106,1],"tags":[],"class_list":{"0":"post-8540","1":"post","2":"type-post","3":"status-publish","4":"format-standard","5":"has-post-thumbnail","7":"category-politica","8":"category-uncategorized"},"jetpack_publicize_connections":[],"jetpack_featured_media_url":"https:\/\/i0.wp.com\/www.camara.leg.br\/midias\/image\/2026\/03\/img20260304131653426-1-768x473.jpg?fit=%2C&ssl=1","jetpack_sharing_enabled":true,"jetpack-related-posts":[],"_links":{"self":[{"href":"https:\/\/friburgonoticias.com.br\/temp\/wp-json\/wp\/v2\/posts\/8540","targetHints":{"allow":["GET"]}}],"collection":[{"href":"https:\/\/friburgonoticias.com.br\/temp\/wp-json\/wp\/v2\/posts"}],"about":[{"href":"https:\/\/friburgonoticias.com.br\/temp\/wp-json\/wp\/v2\/types\/post"}],"author":[{"embeddable":true,"href":"https:\/\/friburgonoticias.com.br\/temp\/wp-json\/wp\/v2\/users\/3"}],"replies":[{"embeddable":true,"href":"https:\/\/friburgonoticias.com.br\/temp\/wp-json\/wp\/v2\/comments?post=8540"}],"version-history":[{"count":0,"href":"https:\/\/friburgonoticias.com.br\/temp\/wp-json\/wp\/v2\/posts\/8540\/revisions"}],"wp:featuredmedia":[{"embeddable":true,"href":"https:\/\/friburgonoticias.com.br\/temp\/wp-json\/wp\/v2\/media\/8541"}],"wp:attachment":[{"href":"https:\/\/friburgonoticias.com.br\/temp\/wp-json\/wp\/v2\/media?parent=8540"}],"wp:term":[{"taxonomy":"category","embeddable":true,"href":"https:\/\/friburgonoticias.com.br\/temp\/wp-json\/wp\/v2\/categories?post=8540"},{"taxonomy":"post_tag","embeddable":true,"href":"https:\/\/friburgonoticias.com.br\/temp\/wp-json\/wp\/v2\/tags?post=8540"}],"curies":[{"name":"wp","href":"https:\/\/api.w.org\/{rel}","templated":true}]}}