{"id":8548,"date":"2026-03-25T19:40:50","date_gmt":"2026-03-25T19:40:50","guid":{"rendered":"https:\/\/friburgonoticias.com.br\/temp\/2026\/03\/25\/decisao-de-fux-sobre-eleicao-indireta-para-governador-vai-ao-plenario-virtual-do-stf-julgamento-sera-concluido-em-48-horas\/"},"modified":"2026-03-25T19:40:50","modified_gmt":"2026-03-25T19:40:50","slug":"decisao-de-fux-sobre-eleicao-indireta-para-governador-vai-ao-plenario-virtual-do-stf-julgamento-sera-concluido-em-48-horas","status":"publish","type":"post","link":"https:\/\/friburgonoticias.com.br\/temp\/2026\/03\/25\/decisao-de-fux-sobre-eleicao-indireta-para-governador-vai-ao-plenario-virtual-do-stf-julgamento-sera-concluido-em-48-horas\/","title":{"rendered":"Decis\u00e3o de Fux sobre elei\u00e7\u00e3o indireta para governador vai ao plen\u00e1rio virtual do STF; julgamento ser\u00e1 conclu\u00eddo em 48 horas"},"content":{"rendered":"<p><\/p>\n<div itemprop=\"articleBody\">\nO ministro Luiz Fux, do Supremo Tribunal Federal, solicitou nesta quarta-feira (25) a inclus\u00e3o em pauta virtual da an\u00e1lise da liminar que suspendeu trechos da lei da Assembleia Legislativa do Estado do Rio de Janeiro sobre a elei\u00e7\u00e3o indireta para governador do Rio. O pedido foi acolhido pelo presidente da Corte, Edson Fachin, que determinou a abertura de sess\u00e3o extraordin\u00e1ria virtual.<\/p>\n<p>O julgamento ter\u00e1 in\u00edcio nesta quarta e seguir\u00e1 at\u00e9 sexta-feira (30), com dura\u00e7\u00e3o prevista de at\u00e9 48 horas.<\/p>\n<p>Na decis\u00e3o, Fux atendeu a pedido do Partido Social Democr\u00e1tico (PSD) e suspendeu duas regras consideradas sens\u00edveis no processo de escolha do chamado \u201cmandato tamp\u00e3o\u201d: <a href=\"https:\/\/temporealrj.com\/fux-suspende-regras-eleicao-indireta\/\">a obrigatoriedade do voto secreto e o prazo de desincompatibiliza\u00e7\u00e3o<\/a> de candidatos em apenas 24 horas ap\u00f3s a vac\u00e2ncia do cargo de governador.<\/p>\n<h2 class=\"wp-block-heading\">PGR diverge de Fux e defende regras da Alerj; parecer pode influenciar julgamento no STF<\/h2>\n<p>Em parecer enviado ao STF, o procurador-geral da Rep\u00fablica, Paulo Gonet, contrariou a decis\u00e3o do ministro Luiz Fux e defendeu a validade integral das regras aprovadas pela Alerj para a elei\u00e7\u00e3o indireta no Rio \u2014 incluindo o voto aberto e o prazo de desincompatibiliza\u00e7\u00e3o de 24 horas.<\/p>\n<p>A manifesta\u00e7\u00e3o de Gonet sustenta que a publicidade do voto \u00e9 a regra constitucional e que n\u00e3o h\u00e1 invas\u00e3o de compet\u00eancia federal nas normas estaduais. <\/p>\n<p>O entendimento da PGR \u00e9 considerado um elemento de peso e pode influenciar o posicionamento de outros ministros no julgamento em plen\u00e1rio virtual, que vai decidir se mant\u00e9m ou derruba a liminar de Fux.<\/p>\n<div class=\"wp-block-image\">\n<figure class=\"aligncenter size-full\"><img loading=\"lazy\" decoding=\"async\" width=\"649\" height=\"741\" src=\"https:\/\/temporealrj.com\/wp-content\/uploads\/2026\/03\/WhatsApp-Image-2026-03-25-at-15.51.33.jpeg\" alt=\"WhatsApp Image 2026 03 25 at 15.51.33\" class=\"wp-image-126117\" title=\"Decis\u00e3o de Fux sobre elei\u00e7\u00e3o indireta para governador vai ao plen\u00e1rio virtual do STF; julgamento ser\u00e1 conclu\u00eddo em 48 horas 62\" srcset=\"https:\/\/temporealrj.com\/wp-content\/uploads\/2026\/03\/WhatsApp-Image-2026-03-25-at-15.51.33.jpeg 649w, https:\/\/temporealrj.com\/wp-content\/uploads\/2026\/03\/WhatsApp-Image-2026-03-25-at-15.51.33-263x300.jpeg 263w\" sizes=\"auto, (max-width: 649px) 100vw, 649px\"\/><\/figure>\n<\/div>\n<\/div>\n<p><\/a><\/p>\n<p>Fonte: temporealrj.com<\/p>\n","protected":false},"excerpt":{"rendered":"<p>O ministro Luiz Fux, do Supremo Tribunal Federal, solicitou nesta quarta-feira (25) a inclus\u00e3o em pauta virtual da an\u00e1lise da liminar que suspendeu trechos da lei da Assembleia Legislativa do Estado do Rio de Janeiro sobre a elei\u00e7\u00e3o indireta para governador do Rio. O pedido foi acolhido pelo presidente da Corte, Edson Fachin, que determinou [&hellip;]<\/p>\n","protected":false},"author":3,"featured_media":8549,"comment_status":"open","ping_status":"open","sticky":false,"template":"","format":"standard","meta":{"advanced_seo_description":"","jetpack_seo_html_title":"","jetpack_seo_noindex":false,"fifu_image_url":"https:\/\/temporealrj.com\/wp-content\/uploads\/2026\/03\/WhatsApp-Image-2026-03-24-at-09.16.39-e1774354672446.jpeg","fifu_image_alt":"","_jetpack_memberships_contains_paid_content":false,"footnotes":"","jetpack_publicize_message":"","jetpack_publicize_feature_enabled":true,"jetpack_social_post_already_shared":true,"jetpack_social_options":{"image_generator_settings":{"template":"highway","default_image_id":0,"font":"","enabled":false},"version":2}},"categories":[107],"tags":[],"class_list":{"0":"post-8548","1":"post","2":"type-post","3":"status-publish","4":"format-standard","5":"has-post-thumbnail","7":"category-economia"},"jetpack_publicize_connections":[],"jetpack_featured_media_url":"https:\/\/i0.wp.com\/temporealrj.com\/wp-content\/uploads\/2026\/03\/WhatsApp-Image-2026-03-24-at-09.16.39-e1774354672446.jpeg?fit=%2C&ssl=1","jetpack_sharing_enabled":true,"jetpack-related-posts":[],"_links":{"self":[{"href":"https:\/\/friburgonoticias.com.br\/temp\/wp-json\/wp\/v2\/posts\/8548","targetHints":{"allow":["GET"]}}],"collection":[{"href":"https:\/\/friburgonoticias.com.br\/temp\/wp-json\/wp\/v2\/posts"}],"about":[{"href":"https:\/\/friburgonoticias.com.br\/temp\/wp-json\/wp\/v2\/types\/post"}],"author":[{"embeddable":true,"href":"https:\/\/friburgonoticias.com.br\/temp\/wp-json\/wp\/v2\/users\/3"}],"replies":[{"embeddable":true,"href":"https:\/\/friburgonoticias.com.br\/temp\/wp-json\/wp\/v2\/comments?post=8548"}],"version-history":[{"count":0,"href":"https:\/\/friburgonoticias.com.br\/temp\/wp-json\/wp\/v2\/posts\/8548\/revisions"}],"wp:featuredmedia":[{"embeddable":true,"href":"https:\/\/friburgonoticias.com.br\/temp\/wp-json\/wp\/v2\/media\/8549"}],"wp:attachment":[{"href":"https:\/\/friburgonoticias.com.br\/temp\/wp-json\/wp\/v2\/media?parent=8548"}],"wp:term":[{"taxonomy":"category","embeddable":true,"href":"https:\/\/friburgonoticias.com.br\/temp\/wp-json\/wp\/v2\/categories?post=8548"},{"taxonomy":"post_tag","embeddable":true,"href":"https:\/\/friburgonoticias.com.br\/temp\/wp-json\/wp\/v2\/tags?post=8548"}],"curies":[{"name":"wp","href":"https:\/\/api.w.org\/{rel}","templated":true}]}}