{"id":8550,"date":"2026-03-25T20:07:18","date_gmt":"2026-03-25T20:07:18","guid":{"rendered":"https:\/\/friburgonoticias.com.br\/temp\/2026\/03\/25\/comissao-aprova-prioridade-na-emissao-de-documentos-para-vitimas-de-violencia-domestica-noticias\/"},"modified":"2026-03-25T20:07:18","modified_gmt":"2026-03-25T20:07:18","slug":"comissao-aprova-prioridade-na-emissao-de-documentos-para-vitimas-de-violencia-domestica-noticias","status":"publish","type":"post","link":"https:\/\/friburgonoticias.com.br\/temp\/2026\/03\/25\/comissao-aprova-prioridade-na-emissao-de-documentos-para-vitimas-de-violencia-domestica-noticias\/","title":{"rendered":"Comiss\u00e3o aprova prioridade na emiss\u00e3o de documentos para v\u00edtimas de viol\u00eancia dom\u00e9stica &#8211; Not\u00edcias"},"content":{"rendered":"<p><\/p>\n<div>\n<div>\n<p class=\"g-artigo__data-hora\">\n                                            25\/03\/2026 &#8211; 14:51 \u00a0\n                                        <\/p>\n<div id=\"image-container-1257729\" class=\"image-container\" style=\"float: none; margin: 45px 0px; width: 100%;\" data-midia=\"1257729\">\n                <em>Renato Ara\u00fajo \/ C\u00e2mara dos Deputados<\/em><\/p>\n<p>                Deputado Diego Garcia, relator do projeto de lei\n                <\/p><\/div>\n<p>                A Comiss\u00e3o de Constitui\u00e7\u00e3o e Justi\u00e7a e de Cidadania (CCJ) da C\u00e2mara dos Deputados aprovou projeto de lei que garante atendimento priorit\u00e1rio para a emiss\u00e3o de novos documentos a v\u00edtimas de viol\u00eancia dom\u00e9stica quando o agressor retiver, subtrair ou destruir esses documentos.<br \/>\n                A proposta altera a <a href=\"https:\/\/www2.camara.leg.br\/legin\/fed\/lei\/2006\/lei-11340-7-agosto-2006-545133-norma-pl.html\">Lei Maria da Penha<\/a> e alcan\u00e7a os dependentes da v\u00edtima. O texto trata do atendimento c\u00e9lere em \u00f3rg\u00e3os de identifica\u00e7\u00e3o civil, cart\u00f3rios e demais entidades, com medidas de seguran\u00e7a e prote\u00e7\u00e3o da privacidade.<br \/>\n                Como foi analisada em <span id=\"4322\" class=\"termoGlossario\" title=\"Rito de tramita\u00e7\u00e3o pelo qual o projeto \u00e9 votado apenas pelas comiss\u00f5es designadas para analis\u00e1-lo, dispensada a delibera\u00e7\u00e3o do Plen\u00e1rio. O projeto perde o car\u00e1ter conclusivo se houver decis\u00e3o divergente entre as comiss\u00f5es ou se, independentemente de ser aprovado ou rejeitado, houver recurso assinado por 52 deputados para a aprecia\u00e7\u00e3o da mat\u00e9ria no Plen\u00e1rio.\" contenteditable=\"false\" data-toggle=\"tooltip\" data-placement=\"top\">car\u00e1ter conclusivo<\/span>, o projeto de lei poder\u00e1 seguir para o Senado, salvo se houver recurso para an\u00e1lise no Plen\u00e1rio da C\u00e2mara. Para virar lei, a vers\u00e3o final do texto precisa ser aprovada pelas duas Casas.<br \/>\n                <strong>Vers\u00e3o aprovada<\/strong><br \/>Por recomenda\u00e7\u00e3o do relator na CCJ, deputado Diego Garcia (Republicanos-PR), foi aprovada, com ajuste no texto, a vers\u00e3o da Comiss\u00e3o de Defesa dos Direitos da Mulher para o <a class=\"linkProposicao\" href=\"https:\/\/www.camara.leg.br\/noticias\/1034821-projeto-garante-prioridade-para-emissao-de-novos-documentos-para-vitima-de-violencia-domestica\">Projeto de Lei 5880\/23<\/a>, do deputado Duda Ramos (MDB-RR).<br \/>\n                \u201cO <span id=\"4098\" class=\"termoGlossario\" title=\"Nome que se d\u00e1 ao texto que altera substancialmente o conte\u00fado original da proposta. O substitutivo \u00e9 apresentado pelo relator e tem prefer\u00eancia na vota\u00e7\u00e3o sobre o projeto original.\" contenteditable=\"false\" data-toggle=\"tooltip\" data-placement=\"top\">substitutivo<\/span> amplia a prote\u00e7\u00e3o legal ao reconhecer essa pr\u00e1tica como forma de viol\u00eancia psicol\u00f3gica e ao refor\u00e7ar a garantia de acesso \u00e1gil a documentos essenciais para a autonomia e seguran\u00e7a das v\u00edtimas\u201d, disse o relator no parecer.<br \/>\n                O texto aprovado tamb\u00e9m altera o <a href=\"https:\/\/www2.camara.leg.br\/legin\/fed\/declei\/1940-1949\/decreto-lei-2848-7-dezembro-1940-412868-norma-pe.html\">C\u00f3digo Penal<\/a>. Assim, a reten\u00e7\u00e3o, a subtra\u00e7\u00e3o ou a destrui\u00e7\u00e3o de documentos da mulher ou dos dependentes passam a constar entre as condutas que configuram viol\u00eancia psicol\u00f3gica contra a mulher.<\/p>\n<p style=\"font-size: 0.8rem; font-weight: 700;\">Da Reportagem\/RM<br \/>Edi\u00e7\u00e3o \u2013 Roberto Seabra<\/p>\n<\/p><\/div>\n<\/p><\/div>\n<p><\/a><\/p>\n<p>Fonte: www.camara.leg.br<\/p>\n","protected":false},"excerpt":{"rendered":"<p>25\/03\/2026 &#8211; 14:51 \u00a0 Renato Ara\u00fajo \/ C\u00e2mara dos Deputados Deputado Diego Garcia, relator do projeto de lei A Comiss\u00e3o de Constitui\u00e7\u00e3o e Justi\u00e7a e de Cidadania (CCJ) da C\u00e2mara dos Deputados aprovou projeto de lei que garante atendimento priorit\u00e1rio para a emiss\u00e3o de novos documentos a v\u00edtimas de viol\u00eancia dom\u00e9stica quando o agressor retiver, [&hellip;]<\/p>\n","protected":false},"author":3,"featured_media":8551,"comment_status":"open","ping_status":"open","sticky":false,"template":"","format":"standard","meta":{"advanced_seo_description":"","jetpack_seo_html_title":"","jetpack_seo_noindex":false,"fifu_image_url":"https:\/\/www.camara.leg.br\/midias\/image\/2026\/03\/img20251210115510454-2-768x473.jpg","fifu_image_alt":"","_jetpack_memberships_contains_paid_content":false,"footnotes":"","jetpack_publicize_message":"","jetpack_publicize_feature_enabled":true,"jetpack_social_post_already_shared":true,"jetpack_social_options":{"image_generator_settings":{"template":"highway","default_image_id":0,"font":"","enabled":false},"version":2}},"categories":[106,1],"tags":[],"class_list":{"0":"post-8550","1":"post","2":"type-post","3":"status-publish","4":"format-standard","5":"has-post-thumbnail","7":"category-politica","8":"category-uncategorized"},"jetpack_publicize_connections":[],"jetpack_featured_media_url":"https:\/\/i0.wp.com\/www.camara.leg.br\/midias\/image\/2026\/03\/img20251210115510454-2-768x473.jpg?fit=%2C&ssl=1","jetpack_sharing_enabled":true,"jetpack-related-posts":[],"_links":{"self":[{"href":"https:\/\/friburgonoticias.com.br\/temp\/wp-json\/wp\/v2\/posts\/8550","targetHints":{"allow":["GET"]}}],"collection":[{"href":"https:\/\/friburgonoticias.com.br\/temp\/wp-json\/wp\/v2\/posts"}],"about":[{"href":"https:\/\/friburgonoticias.com.br\/temp\/wp-json\/wp\/v2\/types\/post"}],"author":[{"embeddable":true,"href":"https:\/\/friburgonoticias.com.br\/temp\/wp-json\/wp\/v2\/users\/3"}],"replies":[{"embeddable":true,"href":"https:\/\/friburgonoticias.com.br\/temp\/wp-json\/wp\/v2\/comments?post=8550"}],"version-history":[{"count":0,"href":"https:\/\/friburgonoticias.com.br\/temp\/wp-json\/wp\/v2\/posts\/8550\/revisions"}],"wp:featuredmedia":[{"embeddable":true,"href":"https:\/\/friburgonoticias.com.br\/temp\/wp-json\/wp\/v2\/media\/8551"}],"wp:attachment":[{"href":"https:\/\/friburgonoticias.com.br\/temp\/wp-json\/wp\/v2\/media?parent=8550"}],"wp:term":[{"taxonomy":"category","embeddable":true,"href":"https:\/\/friburgonoticias.com.br\/temp\/wp-json\/wp\/v2\/categories?post=8550"},{"taxonomy":"post_tag","embeddable":true,"href":"https:\/\/friburgonoticias.com.br\/temp\/wp-json\/wp\/v2\/tags?post=8550"}],"curies":[{"name":"wp","href":"https:\/\/api.w.org\/{rel}","templated":true}]}}