{"id":8552,"date":"2026-03-25T20:33:53","date_gmt":"2026-03-25T20:33:53","guid":{"rendered":"https:\/\/friburgonoticias.com.br\/temp\/2026\/03\/25\/valor-do-pedagio-da-transolimpica-sera-analisado-a-fundo-pela-camara-do-rio\/"},"modified":"2026-03-25T20:33:53","modified_gmt":"2026-03-25T20:33:53","slug":"valor-do-pedagio-da-transolimpica-sera-analisado-a-fundo-pela-camara-do-rio","status":"publish","type":"post","link":"https:\/\/friburgonoticias.com.br\/temp\/2026\/03\/25\/valor-do-pedagio-da-transolimpica-sera-analisado-a-fundo-pela-camara-do-rio\/","title":{"rendered":"Valor do ped\u00e1gio da Transol\u00edmpica ser\u00e1 analisado a fundo pela C\u00e2mara do Rio"},"content":{"rendered":"<p><\/p>\n<div itemprop=\"articleBody\">\nO <a href=\"https:\/\/temporealrj.com\/aumento-de-15-no-pedagio-da-transolimpica-e-suspenso-e-depende-de-acordo-com-a-prefeitura\/\">ped\u00e1gio da Transol\u00edmpica<\/a>, que liga o Recreio a Deodoro, vai passar pela lupa de uma comiss\u00e3o especial da <a href=\"https:\/\/www.camara.rio\/\" target=\"_blank\" rel=\"noopener\">C\u00e2mara do Rio<\/a>. Os vereadores se re\u00fanem nesta quinta-feira (26), \u00e0s 13h15, para conferir de perto o contrato da prefeitura com a ViaRio, concession\u00e1ria que administra a via expressa.<\/p>\n<p>Atualmente, o ped\u00e1gio da Transol\u00edmpica custa R$ 8,95 para ve\u00edculos de passeio, furg\u00f5es e caminhonetes, e R$ 3,60 para motos. A comiss\u00e3o \u00e9 formada pelos vereadores Felipe Bor\u00f3 (PSD), Pedro Duarte (PSD), Rosa Fernandes (PSD) e Dr. Gilberto (Solidariedade). <\/p>\n<p>\u201cO que queremos \u00e9 analisar este contrato a fundo, para entender todos os detalhes da opera\u00e7\u00e3o. Al\u00e9m de ser muito caro para o motorista, ele causa engarrafamentos di\u00e1rios. Precisamos verificar as obriga\u00e7\u00f5es previstas no contrato e se o que est\u00e1 sendo cobrado na tarifa faz sentido, tanto com o que foi pactuado originalmente quanto para a sociedade, que depende desta via\u201d, explicou Pedro Duarte.<\/p>\n<h2 class=\"wp-block-heading\">Pol\u00eamica do reajuste de 15% no ped\u00e1gio da Transol\u00edmpica<\/h2>\n<p>O valor do ped\u00e1gio j\u00e1 gerou outra pol\u00eamica quando a ViaRio anunciou um aumento de 15%, previsto para entrar em vigor em 20 de dezembro de 2025. A empresa alegou que o reajuste estava previsto no contrato e havia sido solicitado judicialmente, o que elevaria a tarifa para R$ 10,35 para carros e R$ 4,15 para motos.<\/p>\n<p>No mesmo dia, <a href=\"https:\/\/temporealrj.com\/prefeitura-comunica-que-nao-autorizou-aumento-de-pedagio-da-transolimpica\/\">a prefeitura informou que n\u00e3o autorizou o aumento<\/a>, e o reajuste foi suspenso sem previs\u00e3o de nova aplica\u00e7\u00e3o. A via, uma das principais expressas da cidade, recebe cerca de 50 mil ve\u00edculos por dia e faz parte do corredor do BRT Transol\u00edmpica.<\/p>\n<div class=\"wp-block-image\">\n<figure class=\"aligncenter size-full is-resized\"><img loading=\"lazy\" decoding=\"async\" width=\"526\" height=\"552\" src=\"https:\/\/temporealrj.com\/wp-content\/uploads\/2026\/03\/Captura-de-tela-2026-03-25-161612.png\" alt=\"Captura de tela 2026 03 25 161612\" class=\"wp-image-126127\" style=\"width:400px;height:auto\" title=\"Valor do ped\u00e1gio da Transol\u00edmpica ser\u00e1 analisado a fundo pela C\u00e2mara do Rio 62\" srcset=\"https:\/\/temporealrj.com\/wp-content\/uploads\/2026\/03\/Captura-de-tela-2026-03-25-161612.png 526w, https:\/\/temporealrj.com\/wp-content\/uploads\/2026\/03\/Captura-de-tela-2026-03-25-161612-286x300.png 286w\" sizes=\"auto, (max-width: 526px) 100vw, 526px\"\/><\/figure>\n<\/div>\n<\/div>\n<p><\/a><\/p>\n<p>Fonte: temporealrj.com<\/p>\n","protected":false},"excerpt":{"rendered":"<p>O ped\u00e1gio da Transol\u00edmpica, que liga o Recreio a Deodoro, vai passar pela lupa de uma comiss\u00e3o especial da C\u00e2mara do Rio. Os vereadores se re\u00fanem nesta quinta-feira (26), \u00e0s 13h15, para conferir de perto o contrato da prefeitura com a ViaRio, concession\u00e1ria que administra a via expressa. Atualmente, o ped\u00e1gio da Transol\u00edmpica custa R$ [&hellip;]<\/p>\n","protected":false},"author":3,"featured_media":8553,"comment_status":"open","ping_status":"open","sticky":false,"template":"","format":"standard","meta":{"advanced_seo_description":"","jetpack_seo_html_title":"","jetpack_seo_noindex":false,"fifu_image_url":"https:\/\/temporealrj.com\/wp-content\/uploads\/2026\/03\/o-ultimo-reajuste-realizado-em-2020-tambem-foi-feito-apos-uma-decisao-judicial-14205_800x450-e1774468825968.webp","fifu_image_alt":"","_jetpack_memberships_contains_paid_content":false,"footnotes":"","jetpack_publicize_message":"","jetpack_publicize_feature_enabled":true,"jetpack_social_post_already_shared":true,"jetpack_social_options":{"image_generator_settings":{"template":"highway","default_image_id":0,"font":"","enabled":false},"version":2}},"categories":[107],"tags":[],"class_list":{"0":"post-8552","1":"post","2":"type-post","3":"status-publish","4":"format-standard","5":"has-post-thumbnail","7":"category-economia"},"jetpack_publicize_connections":[],"jetpack_featured_media_url":"https:\/\/i0.wp.com\/temporealrj.com\/wp-content\/uploads\/2026\/03\/o-ultimo-reajuste-realizado-em-2020-tambem-foi-feito-apos-uma-decisao-judicial-14205_800x450-e1774468825968.webp?fit=%2C&ssl=1","jetpack_sharing_enabled":true,"jetpack-related-posts":[],"_links":{"self":[{"href":"https:\/\/friburgonoticias.com.br\/temp\/wp-json\/wp\/v2\/posts\/8552","targetHints":{"allow":["GET"]}}],"collection":[{"href":"https:\/\/friburgonoticias.com.br\/temp\/wp-json\/wp\/v2\/posts"}],"about":[{"href":"https:\/\/friburgonoticias.com.br\/temp\/wp-json\/wp\/v2\/types\/post"}],"author":[{"embeddable":true,"href":"https:\/\/friburgonoticias.com.br\/temp\/wp-json\/wp\/v2\/users\/3"}],"replies":[{"embeddable":true,"href":"https:\/\/friburgonoticias.com.br\/temp\/wp-json\/wp\/v2\/comments?post=8552"}],"version-history":[{"count":0,"href":"https:\/\/friburgonoticias.com.br\/temp\/wp-json\/wp\/v2\/posts\/8552\/revisions"}],"wp:featuredmedia":[{"embeddable":true,"href":"https:\/\/friburgonoticias.com.br\/temp\/wp-json\/wp\/v2\/media\/8553"}],"wp:attachment":[{"href":"https:\/\/friburgonoticias.com.br\/temp\/wp-json\/wp\/v2\/media?parent=8552"}],"wp:term":[{"taxonomy":"category","embeddable":true,"href":"https:\/\/friburgonoticias.com.br\/temp\/wp-json\/wp\/v2\/categories?post=8552"},{"taxonomy":"post_tag","embeddable":true,"href":"https:\/\/friburgonoticias.com.br\/temp\/wp-json\/wp\/v2\/tags?post=8552"}],"curies":[{"name":"wp","href":"https:\/\/api.w.org\/{rel}","templated":true}]}}