{"id":8554,"date":"2026-03-25T20:47:32","date_gmt":"2026-03-25T20:47:32","guid":{"rendered":"https:\/\/friburgonoticias.com.br\/temp\/2026\/03\/25\/delaroli-convoca-colegio-de-lideres-nesta-quinta-26-para-discutir-eleicoes-da-presidencia-da-alerj-e-para-governador\/"},"modified":"2026-03-25T20:47:32","modified_gmt":"2026-03-25T20:47:32","slug":"delaroli-convoca-colegio-de-lideres-nesta-quinta-26-para-discutir-eleicoes-da-presidencia-da-alerj-e-para-governador","status":"publish","type":"post","link":"https:\/\/friburgonoticias.com.br\/temp\/2026\/03\/25\/delaroli-convoca-colegio-de-lideres-nesta-quinta-26-para-discutir-eleicoes-da-presidencia-da-alerj-e-para-governador\/","title":{"rendered":"Delaroli convoca col\u00e9gio de l\u00edderes nesta quinta (26) para discutir elei\u00e7\u00f5es da presid\u00eancia da Alerj e para governador"},"content":{"rendered":"<p><\/p>\n<div itemprop=\"articleBody\">\nO presidente em exerc\u00edcio da <a href=\"https:\/\/www.alerj.rj.gov.br\/\" target=\"_blank\" rel=\"noopener\">Assembleia Legislativa do Rio (Alerj),<\/a> Guilherme Delaroli (PL), convocou para esta quinta-feira (26), \u00e0s 9h, uma reuni\u00e3o com os l\u00edderes de bancada.<\/p>\n<p>O encontro ter\u00e1 como pauta as <a href=\"https:\/\/temporealrj.com\/alerj-eleicao-presidente-sexta-douglas-ruas\/\">duas elei\u00e7\u00f5es que ocorrer\u00e3o no estado<\/a>: a escolha do novo presidente da Alerj, em decorr\u00eancia da cassa\u00e7\u00e3o de Rodrigo Bacellar (Uni\u00e3o), e a defini\u00e7\u00e3o do novo governador, em raz\u00e3o da ren\u00fancia de Cl\u00e1udio Castro (PL).<\/p>\n<p>Durante a reuni\u00e3o, devem ser definidas as bases e as datas para ambas as vota\u00e7\u00f5es. Delaroli j\u00e1 informou que n\u00e3o pretende agir de forma precipitada.\n<\/p><\/div>\n<p><\/a><\/p>\n<p>Fonte: temporealrj.com<\/p>\n","protected":false},"excerpt":{"rendered":"<p>O presidente em exerc\u00edcio da Assembleia Legislativa do Rio (Alerj), Guilherme Delaroli (PL), convocou para esta quinta-feira (26), \u00e0s 9h, uma reuni\u00e3o com os l\u00edderes de bancada. O encontro ter\u00e1 como pauta as duas elei\u00e7\u00f5es que ocorrer\u00e3o no estado: a escolha do novo presidente da Alerj, em decorr\u00eancia da cassa\u00e7\u00e3o de Rodrigo Bacellar (Uni\u00e3o), e [&hellip;]<\/p>\n","protected":false},"author":3,"featured_media":8555,"comment_status":"open","ping_status":"open","sticky":false,"template":"","format":"standard","meta":{"advanced_seo_description":"","jetpack_seo_html_title":"","jetpack_seo_noindex":false,"fifu_image_url":"https:\/\/temporealrj.com\/wp-content\/uploads\/2026\/03\/geral_25_03_26_Thiago-Lontra-07944-scaled-e1774468387536.jpg","fifu_image_alt":"","_jetpack_memberships_contains_paid_content":false,"footnotes":"","jetpack_publicize_message":"","jetpack_publicize_feature_enabled":true,"jetpack_social_post_already_shared":true,"jetpack_social_options":{"image_generator_settings":{"template":"highway","default_image_id":0,"font":"","enabled":false},"version":2}},"categories":[107],"tags":[],"class_list":{"0":"post-8554","1":"post","2":"type-post","3":"status-publish","4":"format-standard","5":"has-post-thumbnail","7":"category-economia"},"jetpack_publicize_connections":[],"jetpack_featured_media_url":"https:\/\/i0.wp.com\/temporealrj.com\/wp-content\/uploads\/2026\/03\/geral_25_03_26_Thiago-Lontra-07944-scaled-e1774468387536.jpg?fit=%2C&ssl=1","jetpack_sharing_enabled":true,"jetpack-related-posts":[],"_links":{"self":[{"href":"https:\/\/friburgonoticias.com.br\/temp\/wp-json\/wp\/v2\/posts\/8554","targetHints":{"allow":["GET"]}}],"collection":[{"href":"https:\/\/friburgonoticias.com.br\/temp\/wp-json\/wp\/v2\/posts"}],"about":[{"href":"https:\/\/friburgonoticias.com.br\/temp\/wp-json\/wp\/v2\/types\/post"}],"author":[{"embeddable":true,"href":"https:\/\/friburgonoticias.com.br\/temp\/wp-json\/wp\/v2\/users\/3"}],"replies":[{"embeddable":true,"href":"https:\/\/friburgonoticias.com.br\/temp\/wp-json\/wp\/v2\/comments?post=8554"}],"version-history":[{"count":0,"href":"https:\/\/friburgonoticias.com.br\/temp\/wp-json\/wp\/v2\/posts\/8554\/revisions"}],"wp:featuredmedia":[{"embeddable":true,"href":"https:\/\/friburgonoticias.com.br\/temp\/wp-json\/wp\/v2\/media\/8555"}],"wp:attachment":[{"href":"https:\/\/friburgonoticias.com.br\/temp\/wp-json\/wp\/v2\/media?parent=8554"}],"wp:term":[{"taxonomy":"category","embeddable":true,"href":"https:\/\/friburgonoticias.com.br\/temp\/wp-json\/wp\/v2\/categories?post=8554"},{"taxonomy":"post_tag","embeddable":true,"href":"https:\/\/friburgonoticias.com.br\/temp\/wp-json\/wp\/v2\/tags?post=8554"}],"curies":[{"name":"wp","href":"https:\/\/api.w.org\/{rel}","templated":true}]}}