{"id":8572,"date":"2026-03-25T22:45:53","date_gmt":"2026-03-25T22:45:53","guid":{"rendered":"https:\/\/friburgonoticias.com.br\/temp\/2026\/03\/25\/eleicao-para-o-mandato-tampao-ao-governo-do-estado-sera-indireta-diz-tse\/"},"modified":"2026-03-25T22:45:53","modified_gmt":"2026-03-25T22:45:53","slug":"eleicao-para-o-mandato-tampao-ao-governo-do-estado-sera-indireta-diz-tse","status":"publish","type":"post","link":"https:\/\/friburgonoticias.com.br\/temp\/2026\/03\/25\/eleicao-para-o-mandato-tampao-ao-governo-do-estado-sera-indireta-diz-tse\/","title":{"rendered":"Elei\u00e7\u00e3o para o mandato-tamp\u00e3o ao governo do estado ser\u00e1 indireta, diz TSE"},"content":{"rendered":"<p><\/p>\n<div itemprop=\"articleBody\">\nO Tribunal Superior Eleitoral (TSE) afirmou ao GLOBO que a elei\u00e7\u00e3o para o mandato-tamp\u00e3o ao governo do Rio ap\u00f3s a ren\u00fancia de Cl\u00e1udio Castro ser\u00e1 indireta.<\/p>\n<p>A informa\u00e7\u00e3o deve ser enviada ao governador em exerc\u00edcio do Rio, desembargador Ricardo Couto, que enviou um of\u00edcio \u00e0 Corte questionando se o pleito ser\u00e1 direto ou indireto.<\/p>\n<p>A elei\u00e7\u00e3o ser\u00e1 feita por escolha da Assembleia Legislativa do Rio (Alerj) porque h\u00e1 precedentes no Supremo Tribunal Federal (STF) que estabelecem que os estados podem definir as regras dos pleitos nas situa\u00e7\u00f5es em que h\u00e1 \u201cdupla vac\u00e2ncia\u201d por \u201craz\u00e3o n\u00e3o eleitoral\u201d, caso do Rio, que tamb\u00e9m n\u00e3o tem vice-governador.<\/p>\n<p>Al\u00e9m disso, Castro n\u00e3o foi cassado no julgamento do TSE em que foi condenado por abuso de poder pol\u00edtico e econ\u00f4mico justamente porque, com a ren\u00fancia, a puni\u00e7\u00e3o de cassa\u00e7\u00e3o ficou prejudicada. A Corte determinou que ele fique ineleg\u00edvel por oito anos, at\u00e9 2030, o que atrapalha a inten\u00e7\u00e3o de Castro em se lan\u00e7ar ao Senado. Em caso de cassa\u00e7\u00e3o, a lei eleitoral prev\u00ea elei\u00e7\u00e3o indireta quando o v\u00e1cuo de poder ocorre a mais de seis meses do fim de mandato.<\/p>\n<p>Na certid\u00e3o do julgamento, o TSE afirmou que \u201cpor maioria, considerou prejudicada a cassa\u00e7\u00e3o do diploma de governador de Cl\u00e1udio Bomfim de Castro e Silva\u201d.<\/p>\n<p>Mais cedo, o governador em exerc\u00edcio do Rio afirmou que adotaria cautela e iria adiar a convoca\u00e7\u00e3o da elei\u00e7\u00e3o porque havia d\u00favidas sobre o modelo.<\/p>\n<p>\u201cEstou oficiando o TSE para esclarecer se \u00e9 elei\u00e7\u00e3o direta ou indireta. Por raz\u00f5es de seguran\u00e7a, estou preferindo oficiar para evitar questionamentos. Sabemos que essa elei\u00e7\u00e3o pr\u00f3xima est\u00e1 gerando muitas disputas. Tudo leva a crer pelo conte\u00fado que o TSE tenha decidido pela elei\u00e7\u00e3o indireta, mas h\u00e1 uma indica\u00e7\u00e3o na decis\u00e3o de um artigo da lei da elei\u00e7\u00e3o direta. Acredito que seja um erro material. Estou tomando o m\u00e1ximo de cautela \u2014 afirmou Couto em entrevista coletiva.<\/p>\n<p>Integrantes do TSE avaliam corrigir a certid\u00e3o para retirar a men\u00e7\u00e3o citada pelo desembargador.<\/p>\n<p>Com informa\u00e7\u00f5es do Jornal O Globo.\n<\/p><\/div>\n<p><\/a><\/p>\n<p>Fonte: temporealrj.com<\/p>\n","protected":false},"excerpt":{"rendered":"<p>O Tribunal Superior Eleitoral (TSE) afirmou ao GLOBO que a elei\u00e7\u00e3o para o mandato-tamp\u00e3o ao governo do Rio ap\u00f3s a ren\u00fancia de Cl\u00e1udio Castro ser\u00e1 indireta. A informa\u00e7\u00e3o deve ser enviada ao governador em exerc\u00edcio do Rio, desembargador Ricardo Couto, que enviou um of\u00edcio \u00e0 Corte questionando se o pleito ser\u00e1 direto ou indireto. A [&hellip;]<\/p>\n","protected":false},"author":3,"featured_media":8573,"comment_status":"open","ping_status":"open","sticky":false,"template":"","format":"standard","meta":{"advanced_seo_description":"","jetpack_seo_html_title":"","jetpack_seo_noindex":false,"fifu_image_url":"https:\/\/temporealrj.com\/wp-content\/uploads\/2026\/03\/eleicao-indireta-castro-e1774478365555.webp","fifu_image_alt":"","_jetpack_memberships_contains_paid_content":false,"footnotes":"","jetpack_publicize_message":"","jetpack_publicize_feature_enabled":true,"jetpack_social_post_already_shared":true,"jetpack_social_options":{"image_generator_settings":{"template":"highway","default_image_id":0,"font":"","enabled":false},"version":2}},"categories":[106,1],"tags":[],"class_list":{"0":"post-8572","1":"post","2":"type-post","3":"status-publish","4":"format-standard","5":"has-post-thumbnail","7":"category-politica","8":"category-uncategorized"},"jetpack_publicize_connections":[],"jetpack_featured_media_url":"https:\/\/i0.wp.com\/temporealrj.com\/wp-content\/uploads\/2026\/03\/eleicao-indireta-castro-e1774478365555.webp?fit=%2C&ssl=1","jetpack_sharing_enabled":true,"jetpack-related-posts":[],"_links":{"self":[{"href":"https:\/\/friburgonoticias.com.br\/temp\/wp-json\/wp\/v2\/posts\/8572","targetHints":{"allow":["GET"]}}],"collection":[{"href":"https:\/\/friburgonoticias.com.br\/temp\/wp-json\/wp\/v2\/posts"}],"about":[{"href":"https:\/\/friburgonoticias.com.br\/temp\/wp-json\/wp\/v2\/types\/post"}],"author":[{"embeddable":true,"href":"https:\/\/friburgonoticias.com.br\/temp\/wp-json\/wp\/v2\/users\/3"}],"replies":[{"embeddable":true,"href":"https:\/\/friburgonoticias.com.br\/temp\/wp-json\/wp\/v2\/comments?post=8572"}],"version-history":[{"count":0,"href":"https:\/\/friburgonoticias.com.br\/temp\/wp-json\/wp\/v2\/posts\/8572\/revisions"}],"wp:featuredmedia":[{"embeddable":true,"href":"https:\/\/friburgonoticias.com.br\/temp\/wp-json\/wp\/v2\/media\/8573"}],"wp:attachment":[{"href":"https:\/\/friburgonoticias.com.br\/temp\/wp-json\/wp\/v2\/media?parent=8572"}],"wp:term":[{"taxonomy":"category","embeddable":true,"href":"https:\/\/friburgonoticias.com.br\/temp\/wp-json\/wp\/v2\/categories?post=8572"},{"taxonomy":"post_tag","embeddable":true,"href":"https:\/\/friburgonoticias.com.br\/temp\/wp-json\/wp\/v2\/tags?post=8572"}],"curies":[{"name":"wp","href":"https:\/\/api.w.org\/{rel}","templated":true}]}}