{"id":8588,"date":"2026-03-26T13:59:41","date_gmt":"2026-03-26T13:59:41","guid":{"rendered":"https:\/\/friburgonoticias.com.br\/temp\/2026\/03\/26\/governador-interino-envia-oficio-a-alerj-pedindo-convocacao-de-eleicao-indireta-para-mandato-tampao\/"},"modified":"2026-03-26T13:59:41","modified_gmt":"2026-03-26T13:59:41","slug":"governador-interino-envia-oficio-a-alerj-pedindo-convocacao-de-eleicao-indireta-para-mandato-tampao","status":"publish","type":"post","link":"https:\/\/friburgonoticias.com.br\/temp\/2026\/03\/26\/governador-interino-envia-oficio-a-alerj-pedindo-convocacao-de-eleicao-indireta-para-mandato-tampao\/","title":{"rendered":"Governador interino envia of\u00edcio \u00e0 Alerj pedindo convoca\u00e7\u00e3o de elei\u00e7\u00e3o indireta para mandato-tamp\u00e3o"},"content":{"rendered":"<p><\/p>\n<div itemprop=\"articleBody\">\nUm dia depois do \u201cvai-e-vem\u201d envolvendo as regras da elei\u00e7\u00e3o indireta no estado do Rio, o governador interino Ricardo Couto de Castro cumpriu, nesta quinta (26), uma parte importante do rito para realiza\u00e7\u00e3o do pleito. O presidente do Tribunal de Justi\u00e7a do Rio (TJRJ) enviou \u00e0 Assembleia Legislativa (Alerj) o of\u00edcio que comunica a necessidade de se convocar as elei\u00e7\u00f5es.<\/p>\n<p>A oficializa\u00e7\u00e3o da necessidade \u00e9 uma das etapas necess\u00e1rias para que o pleito aconte\u00e7a. Couto de Castro tinha que convocar a elei\u00e7\u00e3o indireta at\u00e9 esta quarta (25), mas <a href=\"https:\/\/temporealrj.com\/eleicao-tampao-governador-tse\/\">adiou a demanda para aguardar uma posi\u00e7\u00e3o do Tribunal Superior Eleitoral (TSE)<\/a> sobre como aconteceria o pleito.<\/p>\n<p>Ainda nesta ter\u00e7a, <a href=\"https:\/\/temporealrj.com\/eleicao-para-o-mandato-tampao-ao-governo-do-estado-sera-indireta-diz-tse\/\">a Corte eleitoral confirmou que a elei\u00e7\u00e3o ser\u00e1 indireta<\/a>. Com isso, o interino formalizou o of\u00edcio e enviou \u00e0 Alerj, que fica com a responsabilidade de elaborar o edital de convoca\u00e7\u00e3o das elei\u00e7\u00f5es.<\/p>\n<h2 class=\"wp-block-heading\">Nesta quarta (26), Fux determinou prazo de seis meses de desincompatibiliza\u00e7\u00e3o para elei\u00e7\u00e3o indireta<\/h2>\n<p>Por ora, os deputados ainda aguardam o desenrolar do impasse judicial envolvendo as regras para a elei\u00e7\u00e3o indireta. A \u00faltima decis\u00e3o do ministro Luiz Fux, do Supremo Tribunal Federal (STF), <a href=\"https:\/\/temporealrj.com\/fux-regras-eleicao-tampao-governador-rio\/\">suspendeu algumas das regras aprovadas pelo Legislativo fluminense e estabeleceu voto secreto e prazo de seis meses de desincompatibiliza\u00e7\u00e3o<\/a> para candidatos ao mandato-tamp\u00e3o de governador.<\/p>\n<p>A vers\u00e3o inicial das regras sancionada pelo ex-governador Cl\u00e1udio Castro (PL) estabelecia apenas 24 horas de desincompatibiliza\u00e7\u00e3o. A regra mudou ap\u00f3s o PSD levar o caso \u00e0 Justi\u00e7a e pedir a revis\u00e3o da constitucionalidade das regras fixadas pela lei.<\/p>\n<p><em>Com informa\u00e7\u00f5es do portal \u201cg1\u201d.<\/em>\n<\/div>\n<p><\/a><\/p>\n<p>Fonte: temporealrj.com<\/p>\n","protected":false},"excerpt":{"rendered":"<p>Um dia depois do \u201cvai-e-vem\u201d envolvendo as regras da elei\u00e7\u00e3o indireta no estado do Rio, o governador interino Ricardo Couto de Castro cumpriu, nesta quinta (26), uma parte importante do rito para realiza\u00e7\u00e3o do pleito. O presidente do Tribunal de Justi\u00e7a do Rio (TJRJ) enviou \u00e0 Assembleia Legislativa (Alerj) o of\u00edcio que comunica a necessidade [&hellip;]<\/p>\n","protected":false},"author":3,"featured_media":8589,"comment_status":"open","ping_status":"open","sticky":false,"template":"","format":"standard","meta":{"advanced_seo_description":"","jetpack_seo_html_title":"","jetpack_seo_noindex":false,"fifu_image_url":"https:\/\/temporealrj.com\/wp-content\/uploads\/2026\/03\/ricardo-couto-de-castro-desembargador-e-presidente-do-tjrj-e1774532552115.webp","fifu_image_alt":"","_jetpack_memberships_contains_paid_content":false,"footnotes":"","jetpack_publicize_message":"","jetpack_publicize_feature_enabled":true,"jetpack_social_post_already_shared":true,"jetpack_social_options":{"image_generator_settings":{"template":"highway","default_image_id":0,"font":"","enabled":false},"version":2}},"categories":[107],"tags":[],"class_list":{"0":"post-8588","1":"post","2":"type-post","3":"status-publish","4":"format-standard","5":"has-post-thumbnail","7":"category-economia"},"jetpack_publicize_connections":[],"jetpack_featured_media_url":"https:\/\/i0.wp.com\/temporealrj.com\/wp-content\/uploads\/2026\/03\/ricardo-couto-de-castro-desembargador-e-presidente-do-tjrj-e1774532552115.webp?fit=%2C&ssl=1","jetpack_sharing_enabled":true,"jetpack-related-posts":[],"_links":{"self":[{"href":"https:\/\/friburgonoticias.com.br\/temp\/wp-json\/wp\/v2\/posts\/8588","targetHints":{"allow":["GET"]}}],"collection":[{"href":"https:\/\/friburgonoticias.com.br\/temp\/wp-json\/wp\/v2\/posts"}],"about":[{"href":"https:\/\/friburgonoticias.com.br\/temp\/wp-json\/wp\/v2\/types\/post"}],"author":[{"embeddable":true,"href":"https:\/\/friburgonoticias.com.br\/temp\/wp-json\/wp\/v2\/users\/3"}],"replies":[{"embeddable":true,"href":"https:\/\/friburgonoticias.com.br\/temp\/wp-json\/wp\/v2\/comments?post=8588"}],"version-history":[{"count":0,"href":"https:\/\/friburgonoticias.com.br\/temp\/wp-json\/wp\/v2\/posts\/8588\/revisions"}],"wp:featuredmedia":[{"embeddable":true,"href":"https:\/\/friburgonoticias.com.br\/temp\/wp-json\/wp\/v2\/media\/8589"}],"wp:attachment":[{"href":"https:\/\/friburgonoticias.com.br\/temp\/wp-json\/wp\/v2\/media?parent=8588"}],"wp:term":[{"taxonomy":"category","embeddable":true,"href":"https:\/\/friburgonoticias.com.br\/temp\/wp-json\/wp\/v2\/categories?post=8588"},{"taxonomy":"post_tag","embeddable":true,"href":"https:\/\/friburgonoticias.com.br\/temp\/wp-json\/wp\/v2\/tags?post=8588"}],"curies":[{"name":"wp","href":"https:\/\/api.w.org\/{rel}","templated":true}]}}