{"id":8618,"date":"2026-03-26T22:07:21","date_gmt":"2026-03-26T22:07:21","guid":{"rendered":"https:\/\/friburgonoticias.com.br\/temp\/2026\/03\/26\/comissao-aprova-projeto-que-equipara-lupus-a-deficiencia-para-fins-legais-noticias\/"},"modified":"2026-03-26T22:07:21","modified_gmt":"2026-03-26T22:07:21","slug":"comissao-aprova-projeto-que-equipara-lupus-a-deficiencia-para-fins-legais-noticias","status":"publish","type":"post","link":"https:\/\/friburgonoticias.com.br\/temp\/2026\/03\/26\/comissao-aprova-projeto-que-equipara-lupus-a-deficiencia-para-fins-legais-noticias\/","title":{"rendered":"Comiss\u00e3o aprova projeto que equipara l\u00fapus a defici\u00eancia para fins legais &#8211; Not\u00edcias"},"content":{"rendered":"<p><\/p>\n<div>\n<p class=\"g-artigo__data-hora\">\n                                            26\/03\/2026 &#8211; 18:13 \u00a0\n                                        <\/p>\n<div id=\"image-container-1258412\" class=\"image-container\" style=\"float: none; margin: 45px 0px; width: 100%;\" data-midia=\"1258412\">\n                <em>Kayo Magalh\u00e3es \/ C\u00e2mara dos Deputados<\/em><\/p>\n<p>                Laura Carneiro, relatora na comiss\u00e3o\n                <\/p><\/div>\n<p class=\"mb-2 whitespace-pre-wrap\">A Comiss\u00e3o de Constitui\u00e7\u00e3o e Justi\u00e7a e de Cidadania da C\u00e2mara dos Deputados <a href=\"https:\/\/www.camara.leg.br\/proposicoesWeb\/prop_mostrarintegra?codteor=2374460&amp;filename=Parecer-CPD-2023-12-12\">aprovou proposta<\/a> que classifica o l\u00fapus eritematoso sist\u00eamico como defici\u00eancia para todos os efeitos legais. A medida garante aos pacientes os mesmos direitos e garantias previstos na legisla\u00e7\u00e3o, desde que comprovem o impedimento por meio de avalia\u00e7\u00e3o biopsicossocial.<\/p>\n<p>                Como foi analisado em <span id=\"4322\" class=\"termoGlossario\" title=\"Rito de tramita\u00e7\u00e3o pelo qual o projeto \u00e9 votado apenas pelas comiss\u00f5es designadas para analis\u00e1-lo, dispensada a delibera\u00e7\u00e3o do Plen\u00e1rio. O projeto perde o car\u00e1ter conclusivo se houver decis\u00e3o divergente entre as comiss\u00f5es ou se, independentemente de ser aprovado ou rejeitado, houver recurso assinado por 52 deputados para a aprecia\u00e7\u00e3o da mat\u00e9ria no Plen\u00e1rio.\" contenteditable=\"false\" data-toggle=\"tooltip\" data-placement=\"top\">car\u00e1ter conclusivo<\/span>, o projeto de lei poder\u00e1 seguir para o Senado, salvo se houver recurso para an\u00e1lise no Plen\u00e1rio da C\u00e2mara. Para virar lei, a vers\u00e3o final do texto precisa ser aprovada pelas duas Casas.<\/p>\n<p class=\"mb-2 whitespace-pre-wrap\">Por recomenda\u00e7\u00e3o da relatora, deputada Laura Carneiro (PSD-RJ), o colegiado aprovou o <span id=\"4098\" class=\"termoGlossario\" title=\"Nome que se d\u00e1 ao texto que altera substancialmente o conte\u00fado original da proposta. O substitutivo \u00e9 apresentado pelo relator e tem prefer\u00eancia na vota\u00e7\u00e3o sobre o projeto original.\" contenteditable=\"false\" data-toggle=\"tooltip\" data-placement=\"top\">substitutivo<\/span> da Comiss\u00e3o de Defesa dos Direitos das Pessoas com Defici\u00eancia ao <a class=\"linkProposicao\" href=\"https:\/\/www.camara.leg.br\/noticias\/978610-projeto-equipara-portadores-de-lupus-a-pessoas-com-deficiencia\">Projeto de Lei 1456\/23<\/a>, de autoria do deputado Saullo Vianna (MDB-AM).<\/p>\n<p class=\"mb-2 whitespace-pre-wrap\"><strong>O que muda<br \/><\/strong>Pelo texto aprovado, ser\u00e1 necess\u00e1ria uma avalia\u00e7\u00e3o biopsicossocial, realizada por equipe multiprofissional, para atestar os impedimentos de longo prazo (f\u00edsicos, mentais, intelectuais ou sensoriais) que obstruam a participa\u00e7\u00e3o plena e efetiva do paciente na sociedade.<\/p>\n<p>                &#8220;Por meio da medida, o Congresso promove a efetiva prote\u00e7\u00e3o social de milhares de cidad\u00e3os acometidos por uma patologia severa, a qual n\u00e3o deve ser tratada meramente sob a \u00f3tica cl\u00ednica&#8221;, afirmou a relatora Laura Carneiro em seu parecer.<\/p>\n<p class=\"mb-2 whitespace-pre-wrap\">Segundo o autor da proposta, o l\u00fapus \u00e9 uma doen\u00e7a autoimune grave, cr\u00f4nica e sem cura, que pode causar insufici\u00eancia renal, dores articulares incapacitantes e les\u00f5es de pele. &#8220;A gravidade da patologia imp\u00f5e ao Estado a garantia de direitos assistenciais e protetivos id\u00eanticos aos conferidos \u00e0s pessoas com defici\u00eancia&#8221;, argumentou Vianna.<\/p>\n<p class=\"mb-2 whitespace-pre-wrap\"><strong>Cadastro nacional<br \/><\/strong>O projeto original previa a cria\u00e7\u00e3o obrigat\u00f3ria de um cadastro nacional de pacientes com l\u00fapus pelo Minist\u00e9rio da Sa\u00fade. Esse ponto, contudo, foi retirado no substitutivo aprovado, com a justificativa de que a imposi\u00e7\u00e3o de tarefas ao Poder Executivo sem indicar a fonte de custeio poderia gerar v\u00edcio de iniciativa e inconstitucionalidade.<\/p>\n<p>                <a href=\"https:\/\/www.camara.leg.br\/noticias\/573454-SAIBA-MAIS-SOBRE-A-TRAMITACAO-DE-PROJETOS-DE-LEI\">Saiba mais sobre a tramita\u00e7\u00e3o de projetos de lei<\/a><\/p>\n<p style=\"font-size: 0.8rem; font-weight: 700;\">Reportagem \u2013 Emanuelle Brasil<br \/>Edi\u00e7\u00e3o \u2013 Ana Chalub<\/p>\n<\/p><\/div>\n<p><\/a><\/p>\n<p>Fonte: www.camara.leg.br<\/p>\n","protected":false},"excerpt":{"rendered":"<p>26\/03\/2026 &#8211; 18:13 \u00a0 Kayo Magalh\u00e3es \/ C\u00e2mara dos Deputados Laura Carneiro, relatora na comiss\u00e3o A Comiss\u00e3o de Constitui\u00e7\u00e3o e Justi\u00e7a e de Cidadania da C\u00e2mara dos Deputados aprovou proposta que classifica o l\u00fapus eritematoso sist\u00eamico como defici\u00eancia para todos os efeitos legais. A medida garante aos pacientes os mesmos direitos e garantias previstos na [&hellip;]<\/p>\n","protected":false},"author":3,"featured_media":8619,"comment_status":"open","ping_status":"open","sticky":false,"template":"","format":"standard","meta":{"advanced_seo_description":"","jetpack_seo_html_title":"","jetpack_seo_noindex":false,"fifu_image_url":"https:\/\/www.camara.leg.br\/midias\/image\/2026\/03\/img20260318192657247-768x473.jpg","fifu_image_alt":"","_jetpack_memberships_contains_paid_content":false,"footnotes":"","jetpack_publicize_message":"","jetpack_publicize_feature_enabled":true,"jetpack_social_post_already_shared":true,"jetpack_social_options":{"image_generator_settings":{"template":"highway","default_image_id":0,"font":"","enabled":false},"version":2}},"categories":[106,1],"tags":[],"class_list":{"0":"post-8618","1":"post","2":"type-post","3":"status-publish","4":"format-standard","5":"has-post-thumbnail","7":"category-politica","8":"category-uncategorized"},"jetpack_publicize_connections":[],"jetpack_featured_media_url":"https:\/\/i0.wp.com\/www.camara.leg.br\/midias\/image\/2026\/03\/img20260318192657247-768x473.jpg?fit=%2C&ssl=1","jetpack_sharing_enabled":true,"jetpack-related-posts":[],"_links":{"self":[{"href":"https:\/\/friburgonoticias.com.br\/temp\/wp-json\/wp\/v2\/posts\/8618","targetHints":{"allow":["GET"]}}],"collection":[{"href":"https:\/\/friburgonoticias.com.br\/temp\/wp-json\/wp\/v2\/posts"}],"about":[{"href":"https:\/\/friburgonoticias.com.br\/temp\/wp-json\/wp\/v2\/types\/post"}],"author":[{"embeddable":true,"href":"https:\/\/friburgonoticias.com.br\/temp\/wp-json\/wp\/v2\/users\/3"}],"replies":[{"embeddable":true,"href":"https:\/\/friburgonoticias.com.br\/temp\/wp-json\/wp\/v2\/comments?post=8618"}],"version-history":[{"count":0,"href":"https:\/\/friburgonoticias.com.br\/temp\/wp-json\/wp\/v2\/posts\/8618\/revisions"}],"wp:featuredmedia":[{"embeddable":true,"href":"https:\/\/friburgonoticias.com.br\/temp\/wp-json\/wp\/v2\/media\/8619"}],"wp:attachment":[{"href":"https:\/\/friburgonoticias.com.br\/temp\/wp-json\/wp\/v2\/media?parent=8618"}],"wp:term":[{"taxonomy":"category","embeddable":true,"href":"https:\/\/friburgonoticias.com.br\/temp\/wp-json\/wp\/v2\/categories?post=8618"},{"taxonomy":"post_tag","embeddable":true,"href":"https:\/\/friburgonoticias.com.br\/temp\/wp-json\/wp\/v2\/tags?post=8618"}],"curies":[{"name":"wp","href":"https:\/\/api.w.org\/{rel}","templated":true}]}}