{"id":8644,"date":"2026-03-27T14:42:20","date_gmt":"2026-03-27T14:42:20","guid":{"rendered":"https:\/\/friburgonoticias.com.br\/temp\/2026\/03\/27\/comissao-aprova-projeto-que-facilita-pagamento-de-honorarios-em-acoes-sobre-fundos-constitucionais-noticias\/"},"modified":"2026-03-27T14:42:20","modified_gmt":"2026-03-27T14:42:20","slug":"comissao-aprova-projeto-que-facilita-pagamento-de-honorarios-em-acoes-sobre-fundos-constitucionais-noticias","status":"publish","type":"post","link":"https:\/\/friburgonoticias.com.br\/temp\/2026\/03\/27\/comissao-aprova-projeto-que-facilita-pagamento-de-honorarios-em-acoes-sobre-fundos-constitucionais-noticias\/","title":{"rendered":"Comiss\u00e3o aprova projeto que facilita pagamento de honor\u00e1rios em a\u00e7\u00f5es sobre fundos constitucionais &#8211; Not\u00edcias"},"content":{"rendered":"<p><\/p>\n<div>\n<p class=\"g-artigo__data-hora\">\n                                            27\/03\/2026 &#8211; 09:55 \u00a0\n                                        <\/p>\n<div id=\"image-container-1258529\" class=\"image-container\" style=\"float: none; margin: 45px 0px; width: 100%;\" data-midia=\"1258529\">\n                <em>Vinicius Loures\/C\u00e2mara dos Deputados<\/em><\/p>\n<p>                Maria Arraes \u00e9 a relatora do projeto\n                <\/p><\/div>\n<p>                A Comiss\u00e3o de Constitui\u00e7\u00e3o e Justi\u00e7a e de Cidadania (CCJ) da C\u00e2mara dos Deputados aprovou o Projeto de Lei 4852\/23, do deputado Waldemar Oliveira (Avante-PE), que retira restri\u00e7\u00f5es ao pagamento de honor\u00e1rios advocat\u00edcios contratuais em processos envolvendo repasses de verbas federais a estados e munic\u00edpios.<br \/>\n                Como tramita em <span id=\"4322\" class=\"termoGlossario\" title=\"Rito de tramita\u00e7\u00e3o pelo qual o projeto \u00e9 votado apenas pelas comiss\u00f5es designadas para analis\u00e1-lo, dispensada a delibera\u00e7\u00e3o do Plen\u00e1rio. O projeto perde o car\u00e1ter conclusivo se houver decis\u00e3o divergente entre as comiss\u00f5es ou se, independentemente de ser aprovado ou rejeitado, houver recurso assinado por 52 deputados para a aprecia\u00e7\u00e3o da mat\u00e9ria no Plen\u00e1rio.\" contenteditable=\"false\" data-toggle=\"tooltip\" data-placement=\"top\">car\u00e1ter conclusivo<\/span>, a proposta pode seguir pra an\u00e1lise do Senado, se n\u00e3o houver recurso para vota\u00e7\u00e3o pelo Plen\u00e1rio da C\u00e2mara.<\/p>\n<p>                O objetivo da medida \u00e9 permitir que os advogados recebam seus honor\u00e1rios a partir dos juros acrescidos aos precat\u00f3rios destinados \u00e0 complementa\u00e7\u00e3o de fundos como o antigo Fundo de Manuten\u00e7\u00e3o e Desenvolvimento do Ensino Fundamental e de Valoriza\u00e7\u00e3o do Magist\u00e9rio (Fundef) \u2013 atual Fundo de Manuten\u00e7\u00e3o e Desenvolvimento da Educa\u00e7\u00e3o B\u00e1sica e de Valoriza\u00e7\u00e3o dos Profissionais da Educa\u00e7\u00e3o (Fundeb).<br \/>\n                Segundo a justificativa do projeto, o Supremo Tribunal Federal (STF) j\u00e1 firmou o entendimento de que \u00e9 poss\u00edvel utilizar esses juros para o pagamento dos profissionais.<br \/>\n                A relatora na CCJ, deputada Maria Arraes (Solidariedade-PE), apresentou parecer favor\u00e1vel \u00e0 proposta. Ela argumentou que a mudan\u00e7a garante maior efetividade \u00e0 remunera\u00e7\u00e3o dos advogados.<br \/>\n                \u201cA proposta \u00e9 adequada porque garante facilidade no pagamento da remunera\u00e7\u00e3o dos advogados, reconhecendo a import\u00e2ncia e o valor desses profissionais para a presta\u00e7\u00e3o da tutela jurisdicional\u201d, afirmou Maria Arraes.<br \/>\n                A proposta revoga um dispositivo do <a class=\"linkLegislacao\" href=\"https:\/\/www2.camara.gov.br\/legin\/fed\/lei\/1994\/lei-8906-4-julho-1994-349751-norma-pl.html\">Estatuto da Advocacia<\/a>\u00a0que impedia o desconto desses valores sobre os juros de mora em a\u00e7\u00f5es civis p\u00fablicas ajuizadas pelo Minist\u00e9rio P\u00fablico Federal.<br \/>\n                <strong>Natureza alimentar<br \/><\/strong>O relat\u00f3rio refor\u00e7a que os honor\u00e1rios advocat\u00edcios possuem natureza alimentar, contando com os mesmos privil\u00e9gios de cr\u00e9ditos trabalhistas. Maria Arraes disse que a finalidade do projeto \u00e9 assegurar o direito \u00e0 remunera\u00e7\u00e3o pelos servi\u00e7os prestados, reduzindo riscos de inadimpl\u00eancia ou demora excessiva.<br \/>\n                Ela ressaltou que os advogados exercem um papel essencial na administra\u00e7\u00e3o da justi\u00e7a, conforme previsto na Constitui\u00e7\u00e3o.<\/p>\n<p style=\"font-size: 0.8rem; font-weight: 700;\">Reportagem \u2013 No\u00e9li Nobre<\/p>\n<\/p><\/div>\n<p><\/a><\/p>\n<p>Fonte: www.camara.leg.br<\/p>\n","protected":false},"excerpt":{"rendered":"<p>27\/03\/2026 &#8211; 09:55 \u00a0 Vinicius Loures\/C\u00e2mara dos Deputados Maria Arraes \u00e9 a relatora do projeto A Comiss\u00e3o de Constitui\u00e7\u00e3o e Justi\u00e7a e de Cidadania (CCJ) da C\u00e2mara dos Deputados aprovou o Projeto de Lei 4852\/23, do deputado Waldemar Oliveira (Avante-PE), que retira restri\u00e7\u00f5es ao pagamento de honor\u00e1rios advocat\u00edcios contratuais em processos envolvendo repasses de verbas [&hellip;]<\/p>\n","protected":false},"author":3,"featured_media":8645,"comment_status":"open","ping_status":"open","sticky":false,"template":"","format":"standard","meta":{"advanced_seo_description":"","jetpack_seo_html_title":"","jetpack_seo_noindex":false,"fifu_image_url":"https:\/\/www.camara.leg.br\/midias\/image\/2026\/03\/img20260325164439069-768x474.jpg","fifu_image_alt":"","_jetpack_memberships_contains_paid_content":false,"footnotes":"","jetpack_publicize_message":"","jetpack_publicize_feature_enabled":true,"jetpack_social_post_already_shared":true,"jetpack_social_options":{"image_generator_settings":{"template":"highway","default_image_id":0,"font":"","enabled":false},"version":2}},"categories":[106,1],"tags":[],"class_list":{"0":"post-8644","1":"post","2":"type-post","3":"status-publish","4":"format-standard","5":"has-post-thumbnail","7":"category-politica","8":"category-uncategorized"},"jetpack_publicize_connections":[],"jetpack_featured_media_url":"https:\/\/i0.wp.com\/www.camara.leg.br\/midias\/image\/2026\/03\/img20260325164439069-768x474.jpg?fit=%2C&ssl=1","jetpack_sharing_enabled":true,"jetpack-related-posts":[],"_links":{"self":[{"href":"https:\/\/friburgonoticias.com.br\/temp\/wp-json\/wp\/v2\/posts\/8644","targetHints":{"allow":["GET"]}}],"collection":[{"href":"https:\/\/friburgonoticias.com.br\/temp\/wp-json\/wp\/v2\/posts"}],"about":[{"href":"https:\/\/friburgonoticias.com.br\/temp\/wp-json\/wp\/v2\/types\/post"}],"author":[{"embeddable":true,"href":"https:\/\/friburgonoticias.com.br\/temp\/wp-json\/wp\/v2\/users\/3"}],"replies":[{"embeddable":true,"href":"https:\/\/friburgonoticias.com.br\/temp\/wp-json\/wp\/v2\/comments?post=8644"}],"version-history":[{"count":0,"href":"https:\/\/friburgonoticias.com.br\/temp\/wp-json\/wp\/v2\/posts\/8644\/revisions"}],"wp:featuredmedia":[{"embeddable":true,"href":"https:\/\/friburgonoticias.com.br\/temp\/wp-json\/wp\/v2\/media\/8645"}],"wp:attachment":[{"href":"https:\/\/friburgonoticias.com.br\/temp\/wp-json\/wp\/v2\/media?parent=8644"}],"wp:term":[{"taxonomy":"category","embeddable":true,"href":"https:\/\/friburgonoticias.com.br\/temp\/wp-json\/wp\/v2\/categories?post=8644"},{"taxonomy":"post_tag","embeddable":true,"href":"https:\/\/friburgonoticias.com.br\/temp\/wp-json\/wp\/v2\/tags?post=8644"}],"curies":[{"name":"wp","href":"https:\/\/api.w.org\/{rel}","templated":true}]}}