{"id":8662,"date":"2026-03-27T18:05:48","date_gmt":"2026-03-27T18:05:48","guid":{"rendered":"https:\/\/friburgonoticias.com.br\/temp\/2026\/03\/27\/comissao-aprova-proposta-que-estende-a-pais-e-maes-com-crianca-de-colo-os-beneficios-das-gestantes-noticias\/"},"modified":"2026-03-27T18:05:48","modified_gmt":"2026-03-27T18:05:48","slug":"comissao-aprova-proposta-que-estende-a-pais-e-maes-com-crianca-de-colo-os-beneficios-das-gestantes-noticias","status":"publish","type":"post","link":"https:\/\/friburgonoticias.com.br\/temp\/2026\/03\/27\/comissao-aprova-proposta-que-estende-a-pais-e-maes-com-crianca-de-colo-os-beneficios-das-gestantes-noticias\/","title":{"rendered":"Comiss\u00e3o aprova proposta que estende a pais e m\u00e3es com crian\u00e7a de colo os benef\u00edcios das gestantes &#8211; Not\u00edcias"},"content":{"rendered":"<p><\/p>\n<div>\n<p class=\"g-artigo__data-hora\">\n                                            27\/03\/2026 &#8211; 13:11 \u00a0\n                                        <\/p>\n<div id=\"image-container-1258656\" class=\"image-container\" style=\"float: none; margin: 45px 0px; width: 100%;\" data-midia=\"1258656\">\n                <em>Vinicius Loures \/ C\u00e2mara dos Deputados<\/em><\/p>\n<p>                Deputada Rog\u00e9ria Santos, relatora do projeto de lei\n                <\/p><\/div>\n<p>                A Comiss\u00e3o de Previd\u00eancia, Assist\u00eancia Social, Inf\u00e2ncia, Adolesc\u00eancia e Fam\u00edlia da C\u00e2mara dos Deputados aprovou o Projeto de Lei 3733\/24, do deputado Dr. Fernando M\u00e1ximo (Uni\u00e3o-RO), que estende aos pais e m\u00e3es com crian\u00e7as de colo todos os direitos e benef\u00edcios garantidos \u00e0s mulheres gestantes pela legisla\u00e7\u00e3o vigente.<br \/>\n                O texto beneficia pais e m\u00e3es com crian\u00e7as de at\u00e9 dois anos que dependam do transporte no colo de seus respons\u00e1veis. Com a mudan\u00e7a, esses cuidadores ter\u00e3o acesso aos mesmos direitos priorit\u00e1rios j\u00e1 garantidos \u00e0s gestantes.<br \/>\n                Entre os direitos assegurados est\u00e3o o acesso priorit\u00e1rio a assentos em transportes p\u00fablicos, o uso de vagas de estacionamento reservadas para gestantes e a prioridade em filas de atendimento em \u00f3rg\u00e3os p\u00fablicos, estabelecimentos comerciais e de servi\u00e7os. A proposta tamb\u00e9m garante atendimento priorit\u00e1rio em servi\u00e7os de sa\u00fade p\u00fablica e privada e em programas de seguran\u00e7a p\u00fablica que envolvam deslocamento e transporte.<br \/>\n                <strong>Adequa\u00e7\u00e3o de estabelecimentos<\/strong><br \/>O projeto determina que estabelecimentos p\u00fablicos e privados que j\u00e1 ofere\u00e7am atendimento priorit\u00e1rio \u00e0s gestantes dever\u00e3o adequar suas sinaliza\u00e7\u00f5es e procedimentos internos no prazo de at\u00e9 120 dias ap\u00f3s a publica\u00e7\u00e3o da lei. O descumprimento da norma sujeitar\u00e1 o infrator a advert\u00eancia, multa e outras san\u00e7\u00f5es administrativas previstas na legisla\u00e7\u00e3o vigente.<br \/>\n                A responsabilidade pelo cuidado de uma crian\u00e7a nos primeiros anos de vida n\u00e3o se limita \u00e0 figura da m\u00e3e, segundo M\u00e1ximo, mas tamb\u00e9m se estende aos pais e a todos os cuidadores. &#8220;Ao conferir esses direitos tanto \u00e0s m\u00e3es quanto aos pais, o projeto promove a corresponsabilidade parental&#8221;, afirmou.<br \/>\n                O deputado defendeu que oferecer atendimento priorit\u00e1rio n\u00e3o \u00e9 apenas uma quest\u00e3o de conveni\u00eancia, mas uma medida de sa\u00fade p\u00fablica. De acordo com M\u00e1ximo, a proposta facilita o acesso r\u00e1pido a servi\u00e7os essenciais, promovendo um ambiente mais saud\u00e1vel e menos estressante para as fam\u00edlias.<br \/>\n                A relatora, deputada Rog\u00e9ria Santos (Republicanos-BA), afirmou que a extens\u00e3o desses direitos supre uma lacuna na legisla\u00e7\u00e3o brasileira. &#8220;Trata-se de um avan\u00e7o relevante na constru\u00e7\u00e3o de uma sociedade mais justa e igualit\u00e1ria, em que homens e mulheres compartilham as responsabilidades familiares de forma equilibrada&#8221;, disse.<br \/>\n                <strong>Pr\u00f3ximos passos<\/strong><br \/>O projeto ainda ser\u00e1 analisado, em <span id=\"4322\" class=\"termoGlossario\" title=\"Rito de tramita\u00e7\u00e3o pelo qual o projeto \u00e9 votado apenas pelas comiss\u00f5es designadas para analis\u00e1-lo, dispensada a delibera\u00e7\u00e3o do Plen\u00e1rio. O projeto perde o car\u00e1ter conclusivo se houver decis\u00e3o divergente entre as comiss\u00f5es ou se, independentemente de ser aprovado ou rejeitado, houver recurso assinado por 52 deputados para a aprecia\u00e7\u00e3o da mat\u00e9ria no Plen\u00e1rio.\" contenteditable=\"false\" data-toggle=\"tooltip\" data-placement=\"top\">car\u00e1ter conclusivo<\/span>, pela Comiss\u00e3o de Constitui\u00e7\u00e3o e Justi\u00e7a e de Cidadania. Para virar lei, precisa ser aprovado pela C\u00e2mara e pelo Senado e sancionado pelo presidente da Rep\u00fablica.<\/p>\n<p style=\"font-size: 0.8rem; font-weight: 700;\">Reportagem \u2013 Tiago Miranda<br \/>Edi\u00e7\u00e3o \u2013 Roberto Seabra<\/p>\n<\/p><\/div>\n<p><\/a><\/p>\n<p>Fonte: www.camara.leg.br<\/p>\n","protected":false},"excerpt":{"rendered":"<p>27\/03\/2026 &#8211; 13:11 \u00a0 Vinicius Loures \/ C\u00e2mara dos Deputados Deputada Rog\u00e9ria Santos, relatora do projeto de lei A Comiss\u00e3o de Previd\u00eancia, Assist\u00eancia Social, Inf\u00e2ncia, Adolesc\u00eancia e Fam\u00edlia da C\u00e2mara dos Deputados aprovou o Projeto de Lei 3733\/24, do deputado Dr. Fernando M\u00e1ximo (Uni\u00e3o-RO), que estende aos pais e m\u00e3es com crian\u00e7as de colo todos [&hellip;]<\/p>\n","protected":false},"author":3,"featured_media":8663,"comment_status":"open","ping_status":"open","sticky":false,"template":"","format":"standard","meta":{"advanced_seo_description":"","jetpack_seo_html_title":"","jetpack_seo_noindex":false,"fifu_image_url":"https:\/\/www.camara.leg.br\/midias\/image\/2026\/03\/img20251111134640463-768x473.jpg","fifu_image_alt":"","_jetpack_memberships_contains_paid_content":false,"footnotes":"","jetpack_publicize_message":"","jetpack_publicize_feature_enabled":true,"jetpack_social_post_already_shared":true,"jetpack_social_options":{"image_generator_settings":{"template":"highway","default_image_id":0,"font":"","enabled":false},"version":2}},"categories":[106,1],"tags":[],"class_list":{"0":"post-8662","1":"post","2":"type-post","3":"status-publish","4":"format-standard","5":"has-post-thumbnail","7":"category-politica","8":"category-uncategorized"},"jetpack_publicize_connections":[],"jetpack_featured_media_url":"https:\/\/i0.wp.com\/www.camara.leg.br\/midias\/image\/2026\/03\/img20251111134640463-768x473.jpg?fit=%2C&ssl=1","jetpack_sharing_enabled":true,"jetpack-related-posts":[],"_links":{"self":[{"href":"https:\/\/friburgonoticias.com.br\/temp\/wp-json\/wp\/v2\/posts\/8662","targetHints":{"allow":["GET"]}}],"collection":[{"href":"https:\/\/friburgonoticias.com.br\/temp\/wp-json\/wp\/v2\/posts"}],"about":[{"href":"https:\/\/friburgonoticias.com.br\/temp\/wp-json\/wp\/v2\/types\/post"}],"author":[{"embeddable":true,"href":"https:\/\/friburgonoticias.com.br\/temp\/wp-json\/wp\/v2\/users\/3"}],"replies":[{"embeddable":true,"href":"https:\/\/friburgonoticias.com.br\/temp\/wp-json\/wp\/v2\/comments?post=8662"}],"version-history":[{"count":0,"href":"https:\/\/friburgonoticias.com.br\/temp\/wp-json\/wp\/v2\/posts\/8662\/revisions"}],"wp:featuredmedia":[{"embeddable":true,"href":"https:\/\/friburgonoticias.com.br\/temp\/wp-json\/wp\/v2\/media\/8663"}],"wp:attachment":[{"href":"https:\/\/friburgonoticias.com.br\/temp\/wp-json\/wp\/v2\/media?parent=8662"}],"wp:term":[{"taxonomy":"category","embeddable":true,"href":"https:\/\/friburgonoticias.com.br\/temp\/wp-json\/wp\/v2\/categories?post=8662"},{"taxonomy":"post_tag","embeddable":true,"href":"https:\/\/friburgonoticias.com.br\/temp\/wp-json\/wp\/v2\/tags?post=8662"}],"curies":[{"name":"wp","href":"https:\/\/api.w.org\/{rel}","templated":true}]}}